{"id":15895,"date":"2025-09-15T05:25:40","date_gmt":"2025-09-15T03:25:40","guid":{"rendered":"https:\/\/monde25.info\/index.php\/2025\/09\/15\/a-la-fete-de-lhumanite-un-sentiment-de-gravite-chez-la-jeunesse-engagee\/"},"modified":"2025-09-15T05:25:40","modified_gmt":"2025-09-15T03:25:40","slug":"a-la-fete-de-lhumanite-un-sentiment-de-gravite-chez-la-jeunesse-engagee","status":"publish","type":"post","link":"https:\/\/monde25.info\/index.php\/2025\/09\/15\/a-la-fete-de-lhumanite-un-sentiment-de-gravite-chez-la-jeunesse-engagee\/","title":{"rendered":"\u00c0 la F\u00eate de l\u2019Humanit\u00e9, un sentiment de gravit\u00e9 chez la jeunesse engag\u00e9e"},"content":{"rendered":"<p> <br \/>\n<br \/>Alors que les forces de gauche sont revenues au point de d\u00e9part de leurs divisions, malgr\u00e9 une extr\u00eame droite toujours puissante, la jeunesse, venue en masse \u00e0 la F\u00eate de l\u2019Humanit\u00e9, dit sa col\u00e8re et sa d\u00e9termination \u00e0 r\u00e9sister depuis la base.<br \/>\n<br \/><br \/>\n<br \/><a href=\"https:\/\/www.mediapart.fr\/journal\/politique\/140925\/la-fete-de-l-humanite-un-sentiment-de-gravite-chez-la-jeunesse-engagee\" target=\"_blank\"\">Source link <\/a><\/p>\n","protected":false},"excerpt":{"rendered":"<p>Alors que les forces de gauche sont revenues au point de d\u00e9part de leurs divisions, malgr\u00e9 une extr\u00eame droite toujours puissante, la jeunesse, venue en masse \u00e0 la F\u00eate de&hellip; <\/p>\n","protected":false},"author":1,"featured_media":15896,"comment_status":"open","ping_status":"open","sticky":false,"template":"","format":"standard","meta":{"footnotes":""},"categories":[1],"tags":[],"class_list":["post-15895","post","type-post","status-publish","format-standard","has-post-thumbnail","hentry","category-non-classe"],"_links":{"self":[{"href":"https:\/\/monde25.info\/index.php\/wp-json\/wp\/v2\/posts\/15895","targetHints":{"allow":["GET"]}}],"collection":[{"href":"https:\/\/monde25.info\/index.php\/wp-json\/wp\/v2\/posts"}],"about":[{"href":"https:\/\/monde25.info\/index.php\/wp-json\/wp\/v2\/types\/post"}],"author":[{"embeddable":true,"href":"https:\/\/monde25.info\/index.php\/wp-json\/wp\/v2\/users\/1"}],"replies":[{"embeddable":true,"href":"https:\/\/monde25.info\/index.php\/wp-json\/wp\/v2\/comments?post=15895"}],"version-history":[{"count":0,"href":"https:\/\/monde25.info\/index.php\/wp-json\/wp\/v2\/posts\/15895\/revisions"}],"wp:featuredmedia":[{"embeddable":true,"href":"https:\/\/monde25.info\/index.php\/wp-json\/wp\/v2\/media\/15896"}],"wp:attachment":[{"href":"https:\/\/monde25.info\/index.php\/wp-json\/wp\/v2\/media?parent=15895"}],"wp:term":[{"taxonomy":"category","embeddable":true,"href":"https:\/\/monde25.info\/index.php\/wp-json\/wp\/v2\/categories?post=15895"},{"taxonomy":"post_tag","embeddable":true,"href":"https:\/\/monde25.info\/index.php\/wp-json\/wp\/v2\/tags?post=15895"}],"curies":[{"name":"wp","href":"https:\/\/api.w.org\/{rel}","templated":true}]}}