{"id":15897,"date":"2025-09-15T06:31:41","date_gmt":"2025-09-15T04:31:41","guid":{"rendered":"https:\/\/monde25.info\/index.php\/2025\/09\/15\/alain-soral-fait-le-bilan-de-lactualite-brulante-de-la-rentree-et-sa-condamnation-enfant-de-la-societe-sott-net\/"},"modified":"2025-09-15T06:31:41","modified_gmt":"2025-09-15T04:31:41","slug":"alain-soral-fait-le-bilan-de-lactualite-brulante-de-la-rentree-et-sa-condamnation-enfant-de-la-societe-sott-net","status":"publish","type":"post","link":"https:\/\/monde25.info\/index.php\/2025\/09\/15\/alain-soral-fait-le-bilan-de-lactualite-brulante-de-la-rentree-et-sa-condamnation-enfant-de-la-societe-sott-net\/","title":{"rendered":"Alain Soral fait le bilan de l&rsquo;actualit\u00e9 br\u00fblante de la rentr\u00e9e et sa condamnation \u2014 Enfant de la Soci\u00e9t\u00e9 \u2014 Sott.net"},"content":{"rendered":"<p> <br \/>\n<\/p>\n<div id=\"article-44418\">\n<div class=\"article-header\">\n<div class=\"article-icon\">\n        <img decoding=\"async\" src=\"https:\/\/fr.sott.net\/images\/icons\/microphone.png\" title=\"Microphone\" alt=\"Microphone\"\/>\n      <\/div>\n<div class=\"article-info\">\n<div class=\"m-bar\">G\u00e9opolitique<br \/><em><a target=\"_blank\" href=\"https:\/\/www.youtube.com\/watch?v=TIMeUBOcEA0\" target=\"_blank\">YouTube<\/a><\/em><br \/>dim., 14 sept. 2025 18:27 UTC<\/div>\n<\/p><\/div>\n<\/p><\/div>\n<div class=\"article-body\">\n      L&rsquo;assassinat politique de Charlie Kirk \u00e0 l&rsquo;universit\u00e9 de l&rsquo;Utah a boulevers\u00e9 les \u00c9tats-Unis et r\u00e9v\u00e9l\u00e9 l&rsquo;ampleur de la fracture id\u00e9ologique qui d\u00e9chire l&rsquo;Occident. Cet acte violent a attis\u00e9 la rage d&rsquo;une droite conservatrice galvanis\u00e9e par la r\u00e9\u00e9lection de Donald Trump, face \u00e0 une gauche radicale qui ne cache plus sa haine. La spirale de confrontation se nourrit de chaque provocation, dessinant la perspective d&rsquo;une guerre civile larv\u00e9e, dont les r\u00e9percussions s&rsquo;\u00e9tendent d\u00e9j\u00e0 en Europe. En France, la crise institutionnelle s&rsquo;aggrave.<br \/>\n<\/p>\n<div class=\"article-image-super to-center\"><a target=\"_blank\" href=\"https:\/\/fr.sott.net\/image\/s36\/733393\/full\/maxresdefault.jpg\" target=\"_blank\"><img decoding=\"async\" src=\"https:\/\/fr.sott.net\/image\/s36\/733393\/super\/maxresdefault.jpg\" alt=\"hkji\" title=\"Cliquer pour agrandir\"\/><\/a><\/div>\n<p>Apr\u00e8s la chute du gouvernement Bayrou, S\u00e9bastien Lecornu tente de sauver Emmanuel Macron en imposant un budget marqu\u00e9 par la dette abyssale et la d\u00e9pendance \u00e0 l&rsquo;Union europ\u00e9enne. La perte de souverainet\u00e9 se conjugue avec une politique belliciste qui alimente la d\u00e9fiance populaire. La tentative de mobilisation sociale a \u00e9chou\u00e9, mais la col\u00e8re enfouie reste pr\u00eate \u00e0 exploser \u00e0 tout moment, confirmant que la fracture entre \u00e9lites et peuple atteint un point de non-retour.<\/p>\n<p>L&rsquo;Angleterre conna\u00eet, elle aussi, une r\u00e9volte populaire massive. Des millions de citoyens exigent la lib\u00e9ration de leur nation du joug mondialiste et d\u00e9noncent la gouvernance cach\u00e9e qui confisque leur avenir. Ce mouvement s&rsquo;inscrit dans un basculement global : la confrontation entre l&rsquo;int\u00e9gration dans une r\u00e9initialisation globale et la reconqu\u00eate des souverainet\u00e9s nationales. Les \u00e9v\u00e9nements de cette rentr\u00e9e marquent une acc\u00e9l\u00e9ration d\u00e9cisive, o\u00f9 chaque peuple doit choisir entre soumission et r\u00e9sistance.<\/p>\n<p>Alain Soral et Rapha\u00ebl Besliu d\u00e9voilent ce que cache r\u00e9ellement la fracture de l&rsquo;Occident, en direct sur G\u00e9opolitique Profonde.<\/p>\n<p><iframe loading=\"lazy\" title=\"ALAIN SORAL FAIT LE BILAN DE L\u2019ACTUALIT\u00c9 BR\u00dbLANTE DE LA RENTR\u00c9E ET SA CONDAMNATION ! | GPTV\" width=\"1110\" height=\"624\" src=\"https:\/\/www.youtube.com\/embed\/TIMeUBOcEA0?feature=oembed\" frameborder=\"0\" allow=\"accelerometer; autoplay; clipboard-write; encrypted-media; gyroscope; picture-in-picture; web-share\" referrerpolicy=\"strict-origin-when-cross-origin\" allowfullscreen><\/iframe><\/p>\n<\/p><\/div>\n<\/p><\/div>\n<p><br \/>\n<br \/><a href=\"https:\/\/fr.sott.net\/article\/44418-Alain-Soral-fait-le-bilan-de-l-actualite-brulante-de-la-rentree-et-sa-condamnation\" target=\"_blank\"\">Source link <\/a><\/p>\n","protected":false},"excerpt":{"rendered":"<p>G\u00e9opolitiqueYouTubedim., 14 sept. 2025 18:27 UTC L&rsquo;assassinat politique de Charlie Kirk \u00e0 l&rsquo;universit\u00e9 de l&rsquo;Utah a boulevers\u00e9 les \u00c9tats-Unis et r\u00e9v\u00e9l\u00e9 l&rsquo;ampleur de la fracture id\u00e9ologique qui d\u00e9chire l&rsquo;Occident. Cet&hellip; <\/p>\n","protected":false},"author":1,"featured_media":15898,"comment_status":"open","ping_status":"open","sticky":false,"template":"","format":"standard","meta":{"footnotes":""},"categories":[1],"tags":[],"class_list":["post-15897","post","type-post","status-publish","format-standard","has-post-thumbnail","hentry","category-non-classe"],"_links":{"self":[{"href":"https:\/\/monde25.info\/index.php\/wp-json\/wp\/v2\/posts\/15897","targetHints":{"allow":["GET"]}}],"collection":[{"href":"https:\/\/monde25.info\/index.php\/wp-json\/wp\/v2\/posts"}],"about":[{"href":"https:\/\/monde25.info\/index.php\/wp-json\/wp\/v2\/types\/post"}],"author":[{"embeddable":true,"href":"https:\/\/monde25.info\/index.php\/wp-json\/wp\/v2\/users\/1"}],"replies":[{"embeddable":true,"href":"https:\/\/monde25.info\/index.php\/wp-json\/wp\/v2\/comments?post=15897"}],"version-history":[{"count":0,"href":"https:\/\/monde25.info\/index.php\/wp-json\/wp\/v2\/posts\/15897\/revisions"}],"wp:featuredmedia":[{"embeddable":true,"href":"https:\/\/monde25.info\/index.php\/wp-json\/wp\/v2\/media\/15898"}],"wp:attachment":[{"href":"https:\/\/monde25.info\/index.php\/wp-json\/wp\/v2\/media?parent=15897"}],"wp:term":[{"taxonomy":"category","embeddable":true,"href":"https:\/\/monde25.info\/index.php\/wp-json\/wp\/v2\/categories?post=15897"},{"taxonomy":"post_tag","embeddable":true,"href":"https:\/\/monde25.info\/index.php\/wp-json\/wp\/v2\/tags?post=15897"}],"curies":[{"name":"wp","href":"https:\/\/api.w.org\/{rel}","templated":true}]}}