{"id":15899,"date":"2025-09-15T08:10:38","date_gmt":"2025-09-15T06:10:38","guid":{"rendered":"https:\/\/monde25.info\/index.php\/2025\/09\/15\/loi-duplomb-enfin-un-debat-a-lassemblee-nationale\/"},"modified":"2025-09-15T08:10:38","modified_gmt":"2025-09-15T06:10:38","slug":"loi-duplomb-enfin-un-debat-a-lassemblee-nationale","status":"publish","type":"post","link":"https:\/\/monde25.info\/index.php\/2025\/09\/15\/loi-duplomb-enfin-un-debat-a-lassemblee-nationale\/","title":{"rendered":"Loi Duplomb\u00a0: enfin un d\u00e9bat \u00e0 l&#039;Assembl\u00e9e nationale"},"content":{"rendered":"<p> <br \/>\n<br \/><img loading=\"lazy\" decoding=\"async\" src=\"https:\/\/reporterre.net\/local\/cache-vignettes\/L700xH467\/psx_20250807_195529_1_-1954f.jpg?1757574001\" class=\"spip_logo\" width=\"700\" height=\"467\" alt=\"\" \/><\/p>\n<p>Le d\u00e9bat tr\u00e8s attendu sur la loi Duplomb devrait finalement avoir lieu \u00e0 l&rsquo;Assembl\u00e9e nationale. Les groupes de gauche et \u00e9cologistes, qui s&rsquo;en r\u00e9jouissent, tentent toujours d&rsquo;abroger cette loi. <br class=\"autobr\" \/> La valse des Premiers ministres n&#8217;emp\u00eache pas les travaux parlementaires de suivre leur cours, notamment ceux sur la loi Duplomb. Le texte, qui pr\u00e9voit de faciliter la r\u00e9alisation de m\u00e9gabassines, l&rsquo;agrandissement des \u00e9levages et met la police de l&rsquo;environnement sous tutelle des pr\u00e9fets, poursuit\u00a0(\u2026)<\/p>\n<p>                    <a target=\"_blank\" href=\"https:\/\/reporterre.net\/Loi-Duplomb-le-combat-continue-a-l-Assemblee-nationale?utm_source=RSS&amp;utm_medium=RSS\">Lire la suite<\/a><\/p>\n<p>                    &#8211;<br \/>\n                        <a target=\"_blank\" href=\"https:\/\/reporterre.net\/Autres-infos\" rel=\"directory\">Info<\/a><\/p>\n<p>                    \/<br \/>\n                        <a target=\"_blank\" href=\"https:\/\/reporterre.net\/Pesticides\" rel=\"tag\">Pesticides<\/a><br \/>\n                    ,<br \/>\n                        <a target=\"_blank\" href=\"https:\/\/reporterre.net\/Agriculture\" rel=\"tag\">Agriculture<\/a><br \/>\n                    ,<br \/>\n                        <a target=\"_blank\" href=\"https:\/\/reporterre.net\/Politique\" rel=\"tag\">Politique<\/a><br \/>\n                    ,<br \/>\n                        <a target=\"_blank\" href=\"https:\/\/reporterre.net\/Loi-Duplomb\" rel=\"tag\">Loi Duplomb<\/a><br \/>\n<br \/><br \/>\n<br \/><a href=\"https:\/\/reporterre.net\/Loi-Duplomb-le-combat-continue-a-l-Assemblee-nationale\" target=\"_blank\"\">Source link <\/a><\/p>\n","protected":false},"excerpt":{"rendered":"<p>Le d\u00e9bat tr\u00e8s attendu sur la loi Duplomb devrait finalement avoir lieu \u00e0 l&rsquo;Assembl\u00e9e nationale. Les groupes de gauche et \u00e9cologistes, qui s&rsquo;en r\u00e9jouissent, tentent toujours d&rsquo;abroger cette loi. La&hellip; <\/p>\n","protected":false},"author":1,"featured_media":0,"comment_status":"open","ping_status":"open","sticky":false,"template":"","format":"standard","meta":{"footnotes":""},"categories":[1],"tags":[],"class_list":["post-15899","post","type-post","status-publish","format-standard","hentry","category-non-classe"],"_links":{"self":[{"href":"https:\/\/monde25.info\/index.php\/wp-json\/wp\/v2\/posts\/15899","targetHints":{"allow":["GET"]}}],"collection":[{"href":"https:\/\/monde25.info\/index.php\/wp-json\/wp\/v2\/posts"}],"about":[{"href":"https:\/\/monde25.info\/index.php\/wp-json\/wp\/v2\/types\/post"}],"author":[{"embeddable":true,"href":"https:\/\/monde25.info\/index.php\/wp-json\/wp\/v2\/users\/1"}],"replies":[{"embeddable":true,"href":"https:\/\/monde25.info\/index.php\/wp-json\/wp\/v2\/comments?post=15899"}],"version-history":[{"count":0,"href":"https:\/\/monde25.info\/index.php\/wp-json\/wp\/v2\/posts\/15899\/revisions"}],"wp:attachment":[{"href":"https:\/\/monde25.info\/index.php\/wp-json\/wp\/v2\/media?parent=15899"}],"wp:term":[{"taxonomy":"category","embeddable":true,"href":"https:\/\/monde25.info\/index.php\/wp-json\/wp\/v2\/categories?post=15899"},{"taxonomy":"post_tag","embeddable":true,"href":"https:\/\/monde25.info\/index.php\/wp-json\/wp\/v2\/tags?post=15899"}],"curies":[{"name":"wp","href":"https:\/\/api.w.org\/{rel}","templated":true}]}}