{"id":15904,"date":"2025-09-15T09:49:37","date_gmt":"2025-09-15T07:49:37","guid":{"rendered":"https:\/\/monde25.info\/index.php\/2025\/09\/15\/les-francais-majoritairement-insatisfaits-de-la-nomination-de-sebastien-lecornu-rt-en-francais\/"},"modified":"2025-09-15T09:49:37","modified_gmt":"2025-09-15T07:49:37","slug":"les-francais-majoritairement-insatisfaits-de-la-nomination-de-sebastien-lecornu-rt-en-francais","status":"publish","type":"post","link":"https:\/\/monde25.info\/index.php\/2025\/09\/15\/les-francais-majoritairement-insatisfaits-de-la-nomination-de-sebastien-lecornu-rt-en-francais\/","title":{"rendered":"les Fran\u00e7ais majoritairement insatisfaits de la nomination de S\u00e9bastien Lecornu \u2014 RT en fran\u00e7ais"},"content":{"rendered":"<p> <br \/>\n<br \/><img decoding=\"async\" src=\"https:\/\/mf.b37mrtl.ru\/french\/images\/2025.09\/thumbnail\/68c7bf0d87f3ec1ce62bcaa3.jpg\" \/><\/p>\n<div>\n<p class=\"text__summary\">\n                                        Deux sondages montrent les Fran\u00e7ais dans l&rsquo;ensemble insatisfaits de la nomination de S\u00e9bastien Lecornu au poste de Premier ministre : 16 % favorables (Ipsos) et 38 % satisfaits (Ifop), chiffres inf\u00e9rieurs \u00e0 ses pr\u00e9d\u00e9cesseurs. 60 % des Fran\u00e7ais doutent de sa capacit\u00e9 \u00e0 adopter le budget 2026 via compromis ; la popularit\u00e9 de Macron chute \u00e0 17-19 %.\n                                    <\/p>\n<p>Le 14 septembre 2025, deux sondages publi\u00e9s par Ipsos\/BVA pour <em>La Tribune<\/em>\u00a0<em>du\u00a0Dimanche<\/em> et par Ifop pour le <em>JDD<\/em> r\u00e9v\u00e8lent une opinion publique fran\u00e7aise majoritairement d\u00e9favorable \u00e0 la nomination de S\u00e9bastien Lecornu comme Premier ministre, d\u00e9cid\u00e9e mardi dernier par Emmanuel Macron.<\/p>\n<p>Ancien ministre des Arm\u00e9es, S\u00e9bastien Lecornu h\u00e9rite du paysage politique fragment\u00e9 cons\u00e9cutif \u00e0 la dissolution de l&rsquo;Assembl\u00e9e, avec un d\u00e9fi majeur : faire adopter le budget 2026 dans un contexte de dette \u00e0 114 % du PIB et de d\u00e9ficit \u00e0 5,4 %. Ces barom\u00e8tres mensuels soulignent un scepticisme g\u00e9n\u00e9ral, refl\u00e9tant l&rsquo;usure du macronisme et l&rsquo;instabilit\u00e9 gouvernementale r\u00e9cente, apr\u00e8s la chute de Fran\u00e7ois Bayrou lors d&rsquo;un vote de confiance.<\/p>\n<h2>Les Fran\u00e7ais doutent de Lecornu<\/h2>\n<p>Selon Ipsos\/BVA, seulement 16 % des Fran\u00e7ais ont une opinion favorable de Lecornu, tandis que 40 % lui sont d\u00e9favorables et que 44 % ne le connaissent pas assez pour se prononcer. Ce score est inf\u00e9rieur \u00e0 celui de ses pr\u00e9d\u00e9cesseurs \u00e0 leur prise de fonction : 20 % pour Bayrou, 37 % pour Gabriel Attal, 34 % pour Michel Barnier et 27 % pour Elisabeth Borne.<\/p>\n<p>L&rsquo;Ifop est l\u00e9g\u00e8rement plus cl\u00e9ment, avec 38 % de satisfaits contre 62 % de m\u00e9contents, soit +4 points par rapport \u00e0 Bayrou au m\u00eame stade. Aucune r\u00e9partition par affiliation politique n&rsquo;est d\u00e9taill\u00e9e, mais ces chiffres indiquent un manque de popularit\u00e9 initial qui pourrait compliquer les n\u00e9gociations avec l&rsquo;opposition.<\/p>\n<p>Par ailleurs, 60 % des sond\u00e9s estiment que S\u00e9bastien Lecornu ne parviendra pas \u00e0 un compromis pour le budget, soulignant les tensions avec PS, \u00c9cologistes, PCF d&rsquo;un c\u00f4t\u00e9, et RN et LFI de l&rsquo;autre, qu&rsquo;il exclut du dialogue.<\/p>\n<p>Ces r\u00e9sultats s&rsquo;inscrivent dans une chute historique de la popularit\u00e9 d&rsquo;Emmanuel Macron\u00a0: 17 % d&rsquo;opinions favorables (Ipsos\/BVA) et 19 % de satisfaits (Ifop), contre 81\u00a0% et 62 % de m\u00e9contents, avec une perte de 18 points dans son \u00e9lectorat selon Ipsos\/BVA. Cette d\u00e9saffection, amplifi\u00e9e par la d\u00e9gradation de la note souveraine par Fitch et les crises budg\u00e9taires, met Lecornu sous pression d\u00e8s ses premiers jours.<\/p>\n<p>Sans majorit\u00e9 absolue, son gouvernement \u00ab\u00a0pr\u00e9caire\u00a0\u00bb devra naviguer entre concessions sociales, comme l&rsquo;abandon de la suppression de deux jours f\u00e9ri\u00e9s, et aust\u00e9rit\u00e9, pour \u00e9viter une nouvelle censure. Les experts y voient un test de r\u00e9silience pour le macronisme, alors que les syndicats pr\u00e9parent une gr\u00e8ve le 18 septembre et que l&rsquo;opposition exige des ruptures.<\/p>\n<p>Ces sondages, bien que pr\u00e9coces, sont de mauvais augure\u00a0: la cr\u00e9dibilit\u00e9 du\u00a0nouveau locataire de Matignon se trouve d&#8217;embl\u00e9e affaiblie face aux d\u00e9fis \u00e9conomiques et sociaux.<\/p>\n<\/div>\n<p><br \/>\n<br \/><a href=\"https:\/\/francais.rt.com\/france\/125258-sondages-francais-majoritairement-insatisfaits-nomination-lecornu\" target=\"_blank\"\">Source link <\/a><\/p>\n","protected":false},"excerpt":{"rendered":"<p>Deux sondages montrent les Fran\u00e7ais dans l&rsquo;ensemble insatisfaits de la nomination de S\u00e9bastien Lecornu au poste de Premier ministre : 16 % favorables (Ipsos) et 38 % satisfaits (Ifop), chiffres&hellip; <\/p>\n","protected":false},"author":1,"featured_media":15905,"comment_status":"open","ping_status":"open","sticky":false,"template":"","format":"standard","meta":{"footnotes":""},"categories":[1],"tags":[],"class_list":["post-15904","post","type-post","status-publish","format-standard","has-post-thumbnail","hentry","category-non-classe"],"_links":{"self":[{"href":"https:\/\/monde25.info\/index.php\/wp-json\/wp\/v2\/posts\/15904","targetHints":{"allow":["GET"]}}],"collection":[{"href":"https:\/\/monde25.info\/index.php\/wp-json\/wp\/v2\/posts"}],"about":[{"href":"https:\/\/monde25.info\/index.php\/wp-json\/wp\/v2\/types\/post"}],"author":[{"embeddable":true,"href":"https:\/\/monde25.info\/index.php\/wp-json\/wp\/v2\/users\/1"}],"replies":[{"embeddable":true,"href":"https:\/\/monde25.info\/index.php\/wp-json\/wp\/v2\/comments?post=15904"}],"version-history":[{"count":0,"href":"https:\/\/monde25.info\/index.php\/wp-json\/wp\/v2\/posts\/15904\/revisions"}],"wp:featuredmedia":[{"embeddable":true,"href":"https:\/\/monde25.info\/index.php\/wp-json\/wp\/v2\/media\/15905"}],"wp:attachment":[{"href":"https:\/\/monde25.info\/index.php\/wp-json\/wp\/v2\/media?parent=15904"}],"wp:term":[{"taxonomy":"category","embeddable":true,"href":"https:\/\/monde25.info\/index.php\/wp-json\/wp\/v2\/categories?post=15904"},{"taxonomy":"post_tag","embeddable":true,"href":"https:\/\/monde25.info\/index.php\/wp-json\/wp\/v2\/tags?post=15904"}],"curies":[{"name":"wp","href":"https:\/\/api.w.org\/{rel}","templated":true}]}}