{"id":15908,"date":"2025-09-15T10:55:41","date_gmt":"2025-09-15T08:55:41","guid":{"rendered":"https:\/\/monde25.info\/index.php\/2025\/09\/15\/lexcellent-javier-bardem-aux-emmy-awards-2025-en-soutien-total-a-la-palestine\/"},"modified":"2025-09-15T10:55:41","modified_gmt":"2025-09-15T08:55:41","slug":"lexcellent-javier-bardem-aux-emmy-awards-2025-en-soutien-total-a-la-palestine","status":"publish","type":"post","link":"https:\/\/monde25.info\/index.php\/2025\/09\/15\/lexcellent-javier-bardem-aux-emmy-awards-2025-en-soutien-total-a-la-palestine\/","title":{"rendered":"L\u2019excellent Javier Bardem aux Emmy Awards 2025 en soutien total \u00e0 la Palestine"},"content":{"rendered":"<p> <br \/>\n<br \/><img loading=\"lazy\" decoding=\"async\" width=\"768\" height=\"512\" src=\"https:\/\/www.lelibrepenseur.org\/wp-content\/uploads\/2025\/09\/Javier-Bardem-Emmy-awards-2025-Free-Palestine-768x512.jpg\" class=\"webfeedsFeaturedVisual wp-post-image\" alt=\"L&#039;excellent Javier Bardem aux Emmy Awards 2025 en soutien total \u00e0 la Palestine\" style=\"margin-bottom: 5px;clear:both;max-width: 100%\" \/><\/p>\n<div class=\"intro-text\">\n<p><span class=\"dropcap \" style=\"background-color: #ffffff;color: #000000;border-color: #ffffff\"><strong>C<\/strong><\/span>es d\u00e9clarations font tr\u00e8s mal aux d\u00e9chets parisiens, les faux artistes et faux humanistes, surtout ceux d&rsquo;origine maghr\u00e9bine, ou africaine en g\u00e9n\u00e9ral, qui ont gard\u00e9 le silence \u00e0 ce jour par peur des repr\u00e9sailles du lobby sioniste criminel&#8230;<\/p>\n<\/div>\n<hr \/>\n<div style=\"width: 1280px\" class=\"wp-video\"><!--[if lt IE 9]&gt;document.createElement('video');&lt;![endif]--><br \/>\n<video class=\"wp-video-shortcode\" id=\"video-6059963-1\" width=\"1280\" height=\"720\" preload=\"metadata\" controls=\"controls\"><a target=\"_blank\" href=\"https:\/\/www.lelibrepenseur.org\/wp-content\/uploads\/2025\/09\/Lexcellent-Javier-Bardem-aux-Emmy-Awards-2025-en-soutien-total-a-la-Palestine.mp4\">https:\/\/www.lelibrepenseur.org\/wp-content\/uploads\/2025\/09\/Lexcellent-Javier-Bardem-aux-Emmy-Awards-2025-en-soutien-total-a-la-Palestine.mp4<\/a><\/video><\/div>\n<p>L\u2019article <a target=\"_blank\" href=\"https:\/\/www.lelibrepenseur.org\/lexcellent-javier-bardem-aux-emmy-awards-2025-en-soutien-total-a-la-palestine\/\">L&rsquo;excellent Javier Bardem aux Emmy Awards 2025 en soutien total \u00e0 la Palestine<\/a> est apparu en premier sur <a target=\"_blank\" href=\"https:\/\/www.lelibrepenseur.org\">Le Libre Penseur<\/a>.<\/p>\n<p><br \/>\n<br \/><a href=\"https:\/\/www.lelibrepenseur.org\/lexcellent-javier-bardem-aux-emmy-awards-2025-en-soutien-total-a-la-palestine\/\" target=\"_blank\"\">Source link <\/a><\/p>\n","protected":false},"excerpt":{"rendered":"<p>Ces d\u00e9clarations font tr\u00e8s mal aux d\u00e9chets parisiens, les faux artistes et faux humanistes, surtout ceux d&rsquo;origine maghr\u00e9bine, ou africaine en g\u00e9n\u00e9ral, qui ont gard\u00e9 le silence \u00e0 ce jour&hellip; <\/p>\n","protected":false},"author":1,"featured_media":15909,"comment_status":"open","ping_status":"open","sticky":false,"template":"","format":"standard","meta":{"footnotes":""},"categories":[1],"tags":[],"class_list":["post-15908","post","type-post","status-publish","format-standard","has-post-thumbnail","hentry","category-non-classe"],"_links":{"self":[{"href":"https:\/\/monde25.info\/index.php\/wp-json\/wp\/v2\/posts\/15908","targetHints":{"allow":["GET"]}}],"collection":[{"href":"https:\/\/monde25.info\/index.php\/wp-json\/wp\/v2\/posts"}],"about":[{"href":"https:\/\/monde25.info\/index.php\/wp-json\/wp\/v2\/types\/post"}],"author":[{"embeddable":true,"href":"https:\/\/monde25.info\/index.php\/wp-json\/wp\/v2\/users\/1"}],"replies":[{"embeddable":true,"href":"https:\/\/monde25.info\/index.php\/wp-json\/wp\/v2\/comments?post=15908"}],"version-history":[{"count":0,"href":"https:\/\/monde25.info\/index.php\/wp-json\/wp\/v2\/posts\/15908\/revisions"}],"wp:featuredmedia":[{"embeddable":true,"href":"https:\/\/monde25.info\/index.php\/wp-json\/wp\/v2\/media\/15909"}],"wp:attachment":[{"href":"https:\/\/monde25.info\/index.php\/wp-json\/wp\/v2\/media?parent=15908"}],"wp:term":[{"taxonomy":"category","embeddable":true,"href":"https:\/\/monde25.info\/index.php\/wp-json\/wp\/v2\/categories?post=15908"},{"taxonomy":"post_tag","embeddable":true,"href":"https:\/\/monde25.info\/index.php\/wp-json\/wp\/v2\/tags?post=15908"}],"curies":[{"name":"wp","href":"https:\/\/api.w.org\/{rel}","templated":true}]}}