{"id":15917,"date":"2025-09-15T14:13:41","date_gmt":"2025-09-15T12:13:41","guid":{"rendered":"https:\/\/monde25.info\/index.php\/2025\/09\/15\/le-president-algerien-nomme-un-nouveau-gouvernement-avec-lentree-de-dix-nouveaux-ministres\/"},"modified":"2025-09-15T14:13:41","modified_gmt":"2025-09-15T12:13:41","slug":"le-president-algerien-nomme-un-nouveau-gouvernement-avec-lentree-de-dix-nouveaux-ministres","status":"publish","type":"post","link":"https:\/\/monde25.info\/index.php\/2025\/09\/15\/le-president-algerien-nomme-un-nouveau-gouvernement-avec-lentree-de-dix-nouveaux-ministres\/","title":{"rendered":"Le Pr\u00e9sident alg\u00e9rien nomme un nouveau gouvernement, avec l\u2019entr\u00e9e de dix nouveaux ministres"},"content":{"rendered":"<p> <br \/>\n<\/p>\n<div>\n<div class=\"article__list-item\">Ahmed Attaf, ministre d\u2019\u00c9tat, ministre des Affaires \u00e9trang\u00e8res, de la Communaut\u00e9 nationale \u00e0 l\u2019\u00e9tranger et des Affaires africaines,<\/div>\n<div class=\"article__list-item\">Sa\u00efd Chanegriha, ministre d\u00e9l\u00e9gu\u00e9 aupr\u00e8s du ministre de la D\u00e9fense nationale, chef d\u2019\u00e9tat-major de l\u2019Arm\u00e9e nationale populaire,<\/div>\n<div class=\"article__list-item\">Mohamed Arkab, ministre d\u2019\u00c9tat, ministre des Hydrocarbures et des Mines (Nouveau poste),<\/div>\n<div class=\"article__list-item\">Brahim Merad, ministre d\u2019\u00c9tat, charg\u00e9 de l\u2019Inspection des services de l\u2019\u00c9tat et des collectivit\u00e9s locales (Nouveau poste),<\/div>\n<div class=\"article__list-item\">Sa\u00efd Sayoud, ministre de l\u2019Int\u00e9rieur, des Collectivit\u00e9s locales et des Transports,<\/div>\n<div class=\"article__list-item\">Lotfi Boujemaa, ministre de la Justice, garde des Sceaux,<\/div>\n<div class=\"article__list-item\">Abdelkrim Bouzerd, ministre des Finances,<\/div>\n<div class=\"article__list-item\">Kamal Baddari, ministre de l\u2019Enseignement sup\u00e9rieur et de la Recherche scientifique,<\/div>\n<div class=\"article__list-item\">Mohamed Seghir Saadaoui, ministre de l\u2019\u00c9ducation nationale,<\/div>\n<div class=\"article__list-item\">Mohamed Seddik Ait Messaoudene, ministre de la Sant\u00e9 (en remplacement d\u2019Abdelhak Saifi),<\/div>\n<div class=\"article__list-item\">Abdelmalek Tachrift, ministre des Moudjahidines et des Ayants droits,<\/div>\n<div class=\"article__list-item\">Yahia Bachir, ministre de l\u2019Industrie (en remplacement de Sifi Ghrieb),<\/div>\n<div class=\"article__list-item\">Wassim Kouidri, ministre de l\u2019Industrie pharmaceutique,<\/div>\n<div class=\"article__list-item\">Yacine El Mahdi Oualid, ministre de l\u2019Agriculture, du D\u00e9veloppement rural et de la P\u00eache (en remplacement de Youcef Chorfa),<\/div>\n<div class=\"article__list-item\">Mourad Adjal, ministre de l\u2019\u00c9nergie et des \u00c9nergies renouvelables (en remplacement de Mohamed Arkab nomm\u00e9 \u00e0 un autre poste),<\/div>\n<div class=\"article__list-item\">Kamal Rezig, ministre du Commerce ext\u00e9rieur et de la Promotion des exportations,<\/div>\n<div class=\"article__list-item\">Amel Abdellatif, ministre du Commerce int\u00e9rieur et du Contr\u00f4le du march\u00e9 national (en remplacement de Tayeb Zitouni),<\/div>\n<div class=\"article__list-item\">Mohamed Tarek Belaribi, ministre de l\u2019Habitat, de l\u2019Urbanisme et de l\u2019Am\u00e9nagement du territoire,<\/div>\n<div class=\"article__list-item\">Youcef Belmahdi, ministre des Affaires religieuses et des Waks,<\/div>\n<div class=\"article__list-item\">Malika Bendouda, ministre de la Culture et des Arts (en remplacement de Zoheir Bellalou),<\/div>\n<div class=\"article__list-item\">Mustapha Hidaoui, ministre de la Jeunesse, charg\u00e9 du Conseil sup\u00e9rieur de la jeunesse,<\/div>\n<div class=\"article__list-item\">Sid Ali Zerrouki, ministre de la Poste et des T\u00e9l\u00e9communications,<\/div>\n<div class=\"article__list-item\">Noureddine Ouadah, ministre de l\u2019\u00c9conomie du savoir, des Startups et des Microentreprises,<\/div>\n<div class=\"article__list-item\">Zoheir Bouamama, ministre de la Communication (en remplacement de Mohamed Meziane),<\/div>\n<div class=\"article__list-item\">Nassima Arhab, ministre de la Formation professionnelle et de l\u2019Enseignement (en remplacement de Yacine Oualid),<\/div>\n<div class=\"article__list-item\">Abdelkader Djellaoui, ministre des Travaux publics et des Infrastructures (en remplacement de Lakhdar Rekhroukh),<\/div>\n<div class=\"article__list-item\">Taha Derbal, ministre de l\u2019Hydraulique,<\/div>\n<div class=\"article__list-item\">bdelhak Saihi, ministre du Travail, de l\u2019Emploi et de la S\u00e9curit\u00e9 sociale,<\/div>\n<div class=\"article__list-item\">Houria Meddahi, ministre du Tourisme et de l\u2019Artisanat,<\/div>\n<div class=\"article__list-item\">Soraya Mouloudji, ministre de la Solidarit\u00e9 nationale, de la Famille et de la Condition f\u00e9minine,<\/div>\n<div class=\"article__list-item\">Kaouthar Krikou, ministre de l\u2019Environnement et du Cadre de vie (en remplacement de Nadjba Djillali),<\/div>\n<div class=\"article__list-item\">Walid Sadi, ministre des Sports,<\/div>\n<div class=\"article__list-item\">Nadjiba Djilali, ministre des relations avec le Parlement,<\/div>\n<div class=\"article__list-item\">Mohamed Abdennour Rabhi, ministre et wali d\u2019Alger,<\/div>\n<div class=\"article__list-item\">Sofiane Chaib, Secr\u00e9taire d\u2019\u00c9tat aupr\u00e8s du ministre des Affaires \u00e9trang\u00e8res, charg\u00e9 de la Communaut\u00e9 nationale \u00e0 l\u2019\u00e9tranger,<\/div>\n<div class=\"article__list-item\">Bakhta Salma Mansouri, Secr\u00e9taire d\u2019\u00c9tat aupr\u00e8s du ministre des Affaires \u00e9trang\u00e8res, charg\u00e9e des Affaires africaines,<\/div>\n<div class=\"article__list-item\">Karima Bakir, Secr\u00e9taire d\u2019\u00c9tat aupr\u00e8s du ministre des Hydrocarbures et des Mines, charg\u00e9e des Mines,<\/div>\n<div class=\"article__list-item\">Yahia Boukhari, Secr\u00e9taire g\u00e9n\u00e9ral du Gouvernement.<\/div>\n<\/div>\n<p><script async=\"async\" type=\"text\/plain\" class=\"_iub_cs_activate\" data-iub-purposes=\"3\" data-suppressedsrc=\"https:\/\/connect.facebook.net\/en_US\/sdk.js#xfbml=1&amp;version=v3.2\"><\/script><br \/>\n<br \/><br \/>\n<br \/><a href=\"https:\/\/fr.sputniknews.africa\/20250915\/le-president-algerien-nomme-un-nouveau-gouvernement-avec-lentree-de-dix-nouveaux-ministres-1078268540.html\" target=\"_blank\"\">Source link <\/a><\/p>\n","protected":false},"excerpt":{"rendered":"<p>Ahmed Attaf, ministre d\u2019\u00c9tat, ministre des Affaires \u00e9trang\u00e8res, de la Communaut\u00e9 nationale \u00e0 l\u2019\u00e9tranger et des Affaires africaines, Sa\u00efd Chanegriha, ministre d\u00e9l\u00e9gu\u00e9 aupr\u00e8s du ministre de la D\u00e9fense nationale, chef&hellip; <\/p>\n","protected":false},"author":1,"featured_media":15918,"comment_status":"open","ping_status":"open","sticky":false,"template":"","format":"standard","meta":{"footnotes":""},"categories":[1],"tags":[],"class_list":["post-15917","post","type-post","status-publish","format-standard","has-post-thumbnail","hentry","category-non-classe"],"_links":{"self":[{"href":"https:\/\/monde25.info\/index.php\/wp-json\/wp\/v2\/posts\/15917","targetHints":{"allow":["GET"]}}],"collection":[{"href":"https:\/\/monde25.info\/index.php\/wp-json\/wp\/v2\/posts"}],"about":[{"href":"https:\/\/monde25.info\/index.php\/wp-json\/wp\/v2\/types\/post"}],"author":[{"embeddable":true,"href":"https:\/\/monde25.info\/index.php\/wp-json\/wp\/v2\/users\/1"}],"replies":[{"embeddable":true,"href":"https:\/\/monde25.info\/index.php\/wp-json\/wp\/v2\/comments?post=15917"}],"version-history":[{"count":0,"href":"https:\/\/monde25.info\/index.php\/wp-json\/wp\/v2\/posts\/15917\/revisions"}],"wp:featuredmedia":[{"embeddable":true,"href":"https:\/\/monde25.info\/index.php\/wp-json\/wp\/v2\/media\/15918"}],"wp:attachment":[{"href":"https:\/\/monde25.info\/index.php\/wp-json\/wp\/v2\/media?parent=15917"}],"wp:term":[{"taxonomy":"category","embeddable":true,"href":"https:\/\/monde25.info\/index.php\/wp-json\/wp\/v2\/categories?post=15917"},{"taxonomy":"post_tag","embeddable":true,"href":"https:\/\/monde25.info\/index.php\/wp-json\/wp\/v2\/tags?post=15917"}],"curies":[{"name":"wp","href":"https:\/\/api.w.org\/{rel}","templated":true}]}}