{"id":15925,"date":"2025-09-15T16:25:43","date_gmt":"2025-09-15T14:25:43","guid":{"rendered":"https:\/\/monde25.info\/index.php\/2025\/09\/15\/mourir-pour-la-patrie-par-eric-aunoble-le-monde-diplomatique-novembre-2022\/"},"modified":"2025-09-15T16:25:43","modified_gmt":"2025-09-15T14:25:43","slug":"mourir-pour-la-patrie-par-eric-aunoble-le-monde-diplomatique-novembre-2022","status":"publish","type":"post","link":"https:\/\/monde25.info\/index.php\/2025\/09\/15\/mourir-pour-la-patrie-par-eric-aunoble-le-monde-diplomatique-novembre-2022\/","title":{"rendered":"Mourir pour la patrie\u2026, par \u00c9ric Aunoble (Le Monde diplomatique, novembre 2022)"},"content":{"rendered":"<p> <br \/>\n<\/p>\n<div couleurfade=\"e5ecf8\" couleurclaire=\"ccdefe\" couleurpale=\"a3c1f4\" couleurmi=\"004bcc\" couleurfoncee=\"113d87\" couleursombre=\"001232\" couleurfond=\"4c5a72\" couleurtexte=\"ffffff\">\n<figure class=\"spip_document_30537 spip_documents spip_documents_right\" style=\"float:right; width:200px;\">\n<div class=\"limage\">\n<p>            <img loading=\"lazy\" decoding=\"async\" src=\"https:\/\/www.monde-diplomatique.fr\/\/local\/cache-vignettes\/L200xH272\/etsiluk-d4ad5.jpg?1666788285\" width=\"200\" alt=\"\" height=\"272\"\/><\/p><\/div>\n<\/figure>\n<p><span class=\"mot-lettrine\"><span class=\"lettrine\">L\u2019<\/span>invasion<\/span> de l\u2019Ukraine par la Russie a provoqu\u00e9 une d\u00e9flagration parmi les intellectuels dont l\u2019espace postsovi\u00e9tique est le centre d\u2019int\u00e9r\u00eat, mettant en question l\u2019orientation d\u2019une \u0153uvre, voire d\u2019une vie. Grand traducteur de la litt\u00e9rature russe, Andr\u00e9 Markowicz veut esp\u00e9rer que le choc de la guerre \u00e9branle finalement le pouvoir \u00e0 Moscou<span class=\"spip_note_ref\">\u00a0(<a target=\"_blank\" href=\"http:\/\/www.monde-diplomatique.fr\/2022\/11\/AUNOBLE\/65242#nb1\" class=\"spip_note\" rel=\"appendix\" title=\"Andr\u00e9 Markowicz, Et si l\u2019Ukraine lib\u00e9rait la Russie\u00a0?, Seuil, Paris, 2022, 53\u00a0\u00a0(...)\" id=\"nh1\">1<\/a>)<\/span>. Traquant les origines culturelles du poutinisme, il pense que <i>\u00ab<small class=\"fine\">\u00a0<\/small>les Russes doivent passer de Dosto\u00efevski \u00e0 Tchekhov<small class=\"fine\">\u00a0<\/small>\u00bb,<\/i> autrement dit <i>\u00ab<small class=\"fine\">\u00a0<\/small>rejeter le mensonge de l\u2019\u00e9pop\u00e9e<small class=\"fine\">\u00a0<\/small>\u00bb<\/i> pour <i>\u00ab<small class=\"fine\">\u00a0<\/small>voir la r\u00e9alit\u00e9 concr\u00e8te, humaine<small class=\"fine\">\u00a0<\/small>\u00bb.<\/i> Iegor Gran<span class=\"spip_note_ref\">\u00a0(<a target=\"_blank\" href=\"http:\/\/www.monde-diplomatique.fr\/2022\/11\/AUNOBLE\/65242#nb2\" class=\"spip_note\" rel=\"appendix\" title=\"Iegor Gran, Z comme zombie, POL, Paris, 2022, 176\u00a0pages, 16\u00a0euros.\" id=\"nh2\">2<\/a>)<\/span> ne fait montre ni d\u2019autant d\u2019espoir ni d\u2019autant de nuance en brossant le tableau \u2014 certes affligeant \u2014 de l\u2019abrutissement nationaliste en Russie depuis le 24\u00a0f\u00e9vrier. Face \u00e0 la r\u00e9gression de son pays d\u2019origine, on pourrait comprendre la rage du fils de l\u2019\u00e9crivain Andre\u00ef Siniavski, emprisonn\u00e9 sous Leonid Brejnev, \u2014 ce qu\u2019il a relat\u00e9 brillamment dans <i>Les Services comp\u00e9tents<\/i> (Folio, 2021). Mais le bandeau de l\u2019\u00e9diteur (\u00ab<small class=\"fine\">\u00a0<\/small>Les Russes comme vous ne les avez jamais vus<small class=\"fine\">\u00a0<\/small>!<small class=\"fine\">\u00a0<\/small>\u00bb) classe bien ce pamphlet\u00a0: dans un chauvinisme \u00e0 rebours de mauvais aloi.<\/p>\n<p>Face au risque de m\u00e9langer l\u2019appr\u00e9hension du pr\u00e9sent et sa compr\u00e9hension, deux ouvrages plus acad\u00e9miques aident \u00e0 envisager la guerre actuelle en questionnant dans la dur\u00e9e la relation entre Russes et Ukrainiens.<\/p>\n<figure class=\"spip_document_30538 spip_documents spip_documents_right\" style=\"float:right; width:200px;\">\n<div class=\"limage\">\n<p>            <img loading=\"lazy\" decoding=\"async\" src=\"https:\/\/www.monde-diplomatique.fr\/\/local\/cache-vignettes\/L200xH293\/eussesetuk-aa0f2.jpg?1666788285\" width=\"200\" alt=\"\" height=\"293\"\/><\/p><\/div>\n<\/figure>\n<p>Pour Andreas Kappeler, il s\u2019agit de fr\u00e8res in\u00e9gaux<span class=\"spip_note_ref\">\u00a0(<a target=\"_blank\" href=\"http:\/\/www.monde-diplomatique.fr\/2022\/11\/AUNOBLE\/65242#nb3\" class=\"spip_note\" rel=\"appendix\" title=\"Andreas Kappeler, Russes et Ukrainiens, les fr\u00e8res in\u00e9gaux. Du Moyen \u00c2ge \u00e0\u00a0(...)\" id=\"nh3\">3<\/a>)<\/span>. L\u2019historien autrichien pr\u00e9sente le r\u00e9cit limpide de mille ans d\u2019histoires parall\u00e8les. Depuis la Rous m\u00e9di\u00e9vale jusqu\u2019\u00e0 la p\u00e9riode postsovi\u00e9tique en passant par les cosaques, les jalons sont connus. Cependant, il les \u00e9claire en montrant la diff\u00e9renciation des situations et des points de vue. Le d\u00e9veloppement in\u00e9gal de la relation entre peuples voisins est aussi le d\u00e9veloppement de r\u00e9cits de plus en plus antagonistes. Loin d\u2019essentialiser les conflits, Kappeler rappelle qu\u2019on a affaire \u00e0 <i>\u00ab<small class=\"fine\">\u00a0<\/small>deux nations tardives<small class=\"fine\">\u00a0<\/small>\u00bb,<\/i> d\u00e9roulant leur roman national dans des conditions d\u00e9s\u00e9quilibr\u00e9es\u00a0: le nationalisme russe s\u2019est moins affirm\u00e9 comme aspiration populaire qu\u2019en tant que r\u00e9cit d\u2019\u00c9tat, quand le nationalisme ukrainien fut longtemps une affaire de militants sans relais \u00e9tatique avant\u00a01991.<\/p>\n<figure class=\"spip_document_30539 spip_documents spip_documents_right\" style=\"float:right; width:200px;\">\n<div class=\"limage\">\n<p>            <img loading=\"lazy\" decoding=\"async\" src=\"https:\/\/www.monde-diplomatique.fr\/\/local\/cache-vignettes\/L200xH292\/51yz4yxdiol-dc3b4.jpg?1666788285\" width=\"200\" alt=\"\" height=\"292\"\/><\/p><\/div>\n<\/figure>\n<p>Anna Colin Lebedev interroge \u00e9galement cette relation<span class=\"spip_note_ref\">\u00a0(<a target=\"_blank\" href=\"http:\/\/www.monde-diplomatique.fr\/2022\/11\/AUNOBLE\/65242#nb4\" class=\"spip_note\" rel=\"appendix\" title=\"Jamais fr\u00e8res\u00a0? Ukraine et Russie\u00a0: une trag\u00e9die postsovi\u00e9tique, Seuil, 2022,\u00a0(...)\" id=\"nh4\">4<\/a>)<\/span>. Chaque partie de ce livre \u00e9crit \u00e0 chaud \u2014 sur les traces de l\u2019histoire du <span class=\"siecle\">XX<sup>e<\/sup><\/span>\u00a0si\u00e8cle, sur les questions culturelles, sur l\u2019exp\u00e9rience sociale et politique des deux peuples depuis 1991\u00a0\u2014 s\u2019ordonne avec un versant russe et un versant ukrainien en miroir. Elle montre comment les soci\u00e9t\u00e9s des deux pays, tr\u00e8s proches quand l\u2019URSS s\u2019est effondr\u00e9e, ont suivi des chemins diff\u00e9rents. Alors que les guerres en Tch\u00e9tch\u00e9nie favorisaient la militarisation et le tournant autoritaire en Russie, la faiblesse du pouvoir ukrainien ouvrait un espace aux mobilisations de rue. Derri\u00e8re l\u2019impression de familiarit\u00e9 r\u00e9ciproque, un gouffre s\u2019\u00e9tait creus\u00e9. En 2014, \u00e0 l\u2019enthousiasme largement partag\u00e9 en Ukraine pour le Ma\u00efdan r\u00e9pond celui de beaucoup de Russes pour l\u2019annexion de la Crim\u00e9e\u2026<\/p>\n<p>N\u00e9anmoins, il faut garder \u00e0 l\u2019esprit son avertissement\u00a0: <i>\u00ab<small class=\"fine\">\u00a0<\/small>La guerre r\u00e9oriente la lecture des \u00e9v\u00e9nements qui la pr\u00e9c\u00e8dent et peut nous entra\u00eener dans le pi\u00e8ge de l\u2019approche t\u00e9l\u00e9ologique.<small class=\"fine\">\u00a0<\/small>\u00bb<\/i> Peut-\u00eatre n\u2019y \u00e9chappe-t-elle pas en pr\u00e9sentant une Russie min\u00e9e par les in\u00e9galit\u00e9s sociales et territoriales face \u00e0 une soci\u00e9t\u00e9 ukrainienne qui serait unie. Il faudrait au contraire souligner le r\u00f4le du \u00ab<small class=\"fine\">\u00a0<\/small>b\u00e9n\u00e9volat<small class=\"fine\">\u00a0<\/small>\u00bb des classes ais\u00e9es dans l\u2019affermissement du patriotisme ukrainien<span class=\"spip_note_ref\">\u00a0(<a target=\"_blank\" href=\"http:\/\/www.monde-diplomatique.fr\/2022\/11\/AUNOBLE\/65242#nb5\" class=\"spip_note\" rel=\"appendix\" title=\"Lire H\u00e9l\u00e8ne Richard, \u00ab\u00a0Dilemme pour les miliciens ukrainiens\u00a0\u00bb, Le Monde\u00a0(...)\" id=\"nh5\">5<\/a>)<\/span>. Enfin, reste une question fondamentale\u00a0: peut-on comprendre cette guerre en n\u2019envisageant que la relation entre les deux pays<small class=\"fine\">\u00a0<\/small>? M.\u00a0Vladimir Poutine pr\u00e9tend combattre l\u2019\u00ab<small class=\"fine\">\u00a0<\/small>Occident collectif<small class=\"fine\">\u00a0<\/small>\u00bb, tandis qu\u2019on pr\u00e9sente en \u00ab<small class=\"fine\">\u00a0<\/small>Occident<small class=\"fine\">\u00a0<\/small>\u00bb la Russie comme une menace globale, incluant l\u2019Afrique. Pour paraphraser Anatole France dans <i>L\u2019\u00cele des pingouins<\/i>\u00a0: on croit mourir pour la patrie, on meurt pour la g\u00e9opolitique.<\/p>\n<\/p><\/div>\n<div>\n<div id=\"nb1\">\n<p><span class=\"spip_note_ref\">(<a target=\"_blank\" href=\"http:\/\/www.monde-diplomatique.fr\/2022\/11\/AUNOBLE\/65242#nh1\" class=\"spip_note\" title=\"Notes 1\" rev=\"appendix\">1<\/a>)\u00a0<\/span>Andr\u00e9 Markowicz, <i>Et si l\u2019Ukraine lib\u00e9rait la Russie<small class=\"fine\">\u00a0<\/small>?,<\/i> Seuil, Paris, 2022, 53\u00a0pages, 4,50\u00a0euros.<\/p>\n<\/div>\n<div id=\"nb2\">\n<p><span class=\"spip_note_ref\">(<a target=\"_blank\" href=\"http:\/\/www.monde-diplomatique.fr\/2022\/11\/AUNOBLE\/65242#nh2\" class=\"spip_note\" title=\"Notes 2\" rev=\"appendix\">2<\/a>)\u00a0<\/span>Iegor Gran, <i>Z comme zombie,<\/i> POL, Paris, 2022, 176\u00a0pages, 16\u00a0euros.<\/p>\n<\/div>\n<div id=\"nb3\">\n<p><span class=\"spip_note_ref\">(<a target=\"_blank\" href=\"http:\/\/www.monde-diplomatique.fr\/2022\/11\/AUNOBLE\/65242#nh3\" class=\"spip_note\" title=\"Notes 3\" rev=\"appendix\">3<\/a>)\u00a0<\/span>Andreas Kappeler, <i>Russes et Ukrainiens, les fr\u00e8res in\u00e9gaux. Du Moyen \u00c2ge \u00e0 nos jours,<\/i> CNRS \u00c9ditions, Paris, 2022, 320\u00a0pages, 22\u00a0euros. Du m\u00eame auteur\u00a0: <i>Petite Histoire de l\u2019Ukraine<\/i> et <i>La Russie, empire multiethnique,<\/i> tous deux publi\u00e9s par l\u2019Institut d\u2019\u00e9tudes slaves, Paris.<\/p>\n<\/div>\n<div id=\"nb4\">\n<p><span class=\"spip_note_ref\">(<a target=\"_blank\" href=\"http:\/\/www.monde-diplomatique.fr\/2022\/11\/AUNOBLE\/65242#nh4\" class=\"spip_note\" title=\"Notes 4\" rev=\"appendix\">4<\/a>)\u00a0<\/span><i>Jamais fr\u00e8res<small class=\"fine\">\u00a0<\/small>? Ukraine et Russie\u00a0: une trag\u00e9die postsovi\u00e9tique,<\/i> Seuil, 2022, 224\u00a0pages, 19\u00a0euros.<\/p>\n<\/div>\n<\/div>\n<p><br \/>\n<br \/><a href=\"https:\/\/www.monde-diplomatique.fr\/2022\/11\/AUNOBLE\/65242\" target=\"_blank\"\">Source link <\/a><\/p>\n","protected":false},"excerpt":{"rendered":"<p>L\u2019invasion de l\u2019Ukraine par la Russie a provoqu\u00e9 une d\u00e9flagration parmi les intellectuels dont l\u2019espace postsovi\u00e9tique est le centre d\u2019int\u00e9r\u00eat, mettant en question l\u2019orientation d\u2019une \u0153uvre, voire d\u2019une vie. Grand&hellip; <\/p>\n","protected":false},"author":1,"featured_media":15926,"comment_status":"open","ping_status":"open","sticky":false,"template":"","format":"standard","meta":{"footnotes":""},"categories":[1],"tags":[],"class_list":["post-15925","post","type-post","status-publish","format-standard","has-post-thumbnail","hentry","category-non-classe"],"_links":{"self":[{"href":"https:\/\/monde25.info\/index.php\/wp-json\/wp\/v2\/posts\/15925","targetHints":{"allow":["GET"]}}],"collection":[{"href":"https:\/\/monde25.info\/index.php\/wp-json\/wp\/v2\/posts"}],"about":[{"href":"https:\/\/monde25.info\/index.php\/wp-json\/wp\/v2\/types\/post"}],"author":[{"embeddable":true,"href":"https:\/\/monde25.info\/index.php\/wp-json\/wp\/v2\/users\/1"}],"replies":[{"embeddable":true,"href":"https:\/\/monde25.info\/index.php\/wp-json\/wp\/v2\/comments?post=15925"}],"version-history":[{"count":0,"href":"https:\/\/monde25.info\/index.php\/wp-json\/wp\/v2\/posts\/15925\/revisions"}],"wp:featuredmedia":[{"embeddable":true,"href":"https:\/\/monde25.info\/index.php\/wp-json\/wp\/v2\/media\/15926"}],"wp:attachment":[{"href":"https:\/\/monde25.info\/index.php\/wp-json\/wp\/v2\/media?parent=15925"}],"wp:term":[{"taxonomy":"category","embeddable":true,"href":"https:\/\/monde25.info\/index.php\/wp-json\/wp\/v2\/categories?post=15925"},{"taxonomy":"post_tag","embeddable":true,"href":"https:\/\/monde25.info\/index.php\/wp-json\/wp\/v2\/tags?post=15925"}],"curies":[{"name":"wp","href":"https:\/\/api.w.org\/{rel}","templated":true}]}}