{"id":15937,"date":"2025-09-15T20:49:47","date_gmt":"2025-09-15T18:49:47","guid":{"rendered":"https:\/\/monde25.info\/index.php\/2025\/09\/15\/jo-2030-les-opposants-saisissent-la-justice-pour-demander-un-debat-public\/"},"modified":"2025-09-15T20:49:47","modified_gmt":"2025-09-15T18:49:47","slug":"jo-2030-les-opposants-saisissent-la-justice-pour-demander-un-debat-public","status":"publish","type":"post","link":"https:\/\/monde25.info\/index.php\/2025\/09\/15\/jo-2030-les-opposants-saisissent-la-justice-pour-demander-un-debat-public\/","title":{"rendered":"JO 2030\u00a0: les opposants saisissent la justice pour demander un d\u00e9bat public"},"content":{"rendered":"<p> <br \/>\n<br \/><img loading=\"lazy\" decoding=\"async\" src=\"https:\/\/reporterre.net\/local\/cache-vignettes\/L700xH467\/39460974125_45001cb773_5k_1_-82495.jpg?1757950046\" class=\"spip_logo\" width=\"700\" height=\"467\" alt=\"\" \/><\/p>\n<p>Le Collectif citoyen <span class=\"caps\">JOP<\/span> 2030 a saisi la justice administrative le 15\u00a0septembre pour exiger la mise en place d&rsquo;un \u00ab<small class=\"fine d-inline\">\u00a0<\/small>v\u00e9ritable d\u00e9bat public<small class=\"fine d-inline\">\u00a0<\/small>\u00bb sur les Jeux olympiques et paralympiques d&rsquo;hiver 2030 qui doivent se d\u00e9rouler dans les Alpes fran\u00e7aises. <br class=\"autobr\" \/><br \/>\n\u00ab<small class=\"fine d-inline\">\u00a0<\/small>Depuis le d\u00e9but du projet, nous, habitant<span aria-hidden='true'>\u00b7<\/span>es, concern\u00e9<span aria-hidden='true'>\u00b7<\/span>es au premier plan par des Jeux qui engageront nos finances publiques et bouleverseront nos territoires de montagne d\u00e9j\u00e0 fragilis\u00e9s, n&rsquo;avons jamais eu la possibilit\u00e9 de participer aux\u00a0(\u2026)<\/p>\n<p>                    <a target=\"_blank\" href=\"https:\/\/reporterre.net\/JO-2030-les-opposants-saisissent-la-justice-pour-demander-un-debat-public?utm_source=RSS&amp;utm_medium=RSS\">Lire la suite<\/a><\/p>\n<p>                    &#8211;<br \/>\n                        <a target=\"_blank\" href=\"https:\/\/reporterre.net\/Breves-20\" rel=\"directory\">En bref<\/a><\/p>\n<p>                    \/<br \/>\n                        <a target=\"_blank\" href=\"https:\/\/reporterre.net\/Sports\" rel=\"tag\">Sports<\/a><br \/>\n                    ,<br \/>\n                        <a target=\"_blank\" href=\"https:\/\/reporterre.net\/Montagne\" rel=\"tag\">Montagne<\/a><br \/>\n                    ,<br \/>\n                        <a target=\"_blank\" href=\"https:\/\/reporterre.net\/JO-2030\" rel=\"tag\"><span class=\"caps\">JO<\/span> 2030<\/a><br \/>\n<br \/><br \/>\n<br \/><a href=\"https:\/\/reporterre.net\/JO-2030-les-opposants-saisissent-la-justice-pour-demander-un-debat-public\" target=\"_blank\"\">Source link <\/a><\/p>\n","protected":false},"excerpt":{"rendered":"<p>Le Collectif citoyen JOP 2030 a saisi la justice administrative le 15\u00a0septembre pour exiger la mise en place d&rsquo;un \u00ab\u00a0v\u00e9ritable d\u00e9bat public\u00a0\u00bb sur les Jeux olympiques et paralympiques d&rsquo;hiver 2030&hellip; <\/p>\n","protected":false},"author":1,"featured_media":0,"comment_status":"open","ping_status":"open","sticky":false,"template":"","format":"standard","meta":{"footnotes":""},"categories":[1],"tags":[],"class_list":["post-15937","post","type-post","status-publish","format-standard","hentry","category-non-classe"],"_links":{"self":[{"href":"https:\/\/monde25.info\/index.php\/wp-json\/wp\/v2\/posts\/15937","targetHints":{"allow":["GET"]}}],"collection":[{"href":"https:\/\/monde25.info\/index.php\/wp-json\/wp\/v2\/posts"}],"about":[{"href":"https:\/\/monde25.info\/index.php\/wp-json\/wp\/v2\/types\/post"}],"author":[{"embeddable":true,"href":"https:\/\/monde25.info\/index.php\/wp-json\/wp\/v2\/users\/1"}],"replies":[{"embeddable":true,"href":"https:\/\/monde25.info\/index.php\/wp-json\/wp\/v2\/comments?post=15937"}],"version-history":[{"count":0,"href":"https:\/\/monde25.info\/index.php\/wp-json\/wp\/v2\/posts\/15937\/revisions"}],"wp:attachment":[{"href":"https:\/\/monde25.info\/index.php\/wp-json\/wp\/v2\/media?parent=15937"}],"wp:term":[{"taxonomy":"category","embeddable":true,"href":"https:\/\/monde25.info\/index.php\/wp-json\/wp\/v2\/categories?post=15937"},{"taxonomy":"post_tag","embeddable":true,"href":"https:\/\/monde25.info\/index.php\/wp-json\/wp\/v2\/tags?post=15937"}],"curies":[{"name":"wp","href":"https:\/\/api.w.org\/{rel}","templated":true}]}}