{"id":15940,"date":"2025-09-15T21:55:37","date_gmt":"2025-09-15T19:55:37","guid":{"rendered":"https:\/\/monde25.info\/index.php\/2025\/09\/15\/energies-renouvelables-berlin-veut-tailler-dans-les-subventions\/"},"modified":"2025-09-15T21:55:37","modified_gmt":"2025-09-15T19:55:37","slug":"energies-renouvelables-berlin-veut-tailler-dans-les-subventions","status":"publish","type":"post","link":"https:\/\/monde25.info\/index.php\/2025\/09\/15\/energies-renouvelables-berlin-veut-tailler-dans-les-subventions\/","title":{"rendered":"Energies renouvelables : Berlin veut tailler dans les subventions"},"content":{"rendered":"<p> <br \/>\n<\/p>\n<div>\n<p><span class=\"cf0\">La ministre allemande de l&rsquo;\u00c9conomie Katharina Reiche a appel\u00e9 lundi \u00e0 une politique \u00e9nerg\u00e9tique \u00ab\u00a0\u202fplus flexible\u202f\u00a0\u00bb avec moins de subventions aux \u00e9nergies renouvelables, une c\u00e9sure avec le pr\u00e9c\u00e9dent gouvernement tout en pr\u00e9servant les objectifs climatiques du pays.<\/span><\/p>\n<p><span class=\"cf0\">\u00ab\u00a0\u202fLa transition \u00e9nerg\u00e9tique est \u00e0 un tournant\u00a0\u00bb, a d\u00e9clar\u00e9 la ministre conservatrice (CDU) \u00e0 Berlin, en pr\u00e9sentant un rapport de suivi command\u00e9 par son minist\u00e8re et r\u00e9alis\u00e9 par les instituts BET et EWI.<\/span><\/p>\n<p><span class=\"cf0\">Promesse du contrat de coalition entre conservateurs et sociaux-d\u00e9mocrates, cet audit avait suscit\u00e9 pendant l&rsquo;\u00e9t\u00e9 des craintes d&rsquo;un retour en arri\u00e8re sur le climat au nom de la comp\u00e9titivit\u00e9 de l&rsquo;\u00e9conomie allemande en crise.<\/span><\/p>\n<p><span class=\"cf0\">M. Reiche a martel\u00e9 que l&rsquo;Allemagne maintiendrait ses objectifs climatiques, notamment porter de 60% \u00e0 80% d&rsquo;ici 2030 la part des renouvelables dans la consommation \u00e9lectrique.<\/span><\/p>\n<p><span class=\"cf0\">Mais le rapport souligne que le syst\u00e8me actuel comporte des \u00ab\u00a0\u202frisques \u00e9conomiques \u00e9normes\u202f\u00a0\u00bb et que l&rsquo;approvisionnement en \u00e9lectricit\u00e9 pourrait \u00eatre compromis.<\/span><\/p>\n<p><span class=\"cf0\">Actuellement, l&rsquo;\u00e9lectricit\u00e9 renouvelable est trop subventionn\u00e9e, selon la ministre, et le syst\u00e8me manque de flexibilit\u00e9.<\/span><\/p>\n<p><span class=\"cf0\">Le rapport pointe que les \u00e9nergies renouvelables fournissent souvent plus d&rsquo;\u00e9lectricit\u00e9 que n\u00e9cessaire, mais trop peu pendant les p\u00e9riodes de faible ensoleillement et de vent.<\/span><\/p>\n<p><span class=\"cf0\">Ce foss\u00e9 est alors combl\u00e9 avec des combustibles fossiles ou des importations.<\/span><\/p>\n<p><span class=\"cf0\">Parmi les pistes de r\u00e9formes propos\u00e9es, supprimer une r\u00e9mun\u00e9ration fixe aux exploitants d&rsquo;installations photovoltaiques et limiter les subventions aux seuls besoins essentiels, surtout \u00ab\u00a0pour les entreprises \u00e9nergivores\u00a0\u00bb, a soulign\u00e9 Mme Reiche.<\/span><\/p>\n<p><span class=\"cf0\">Il s&rsquo;agit d&rsquo;une rupture nette avec l&rsquo;h\u00e9ritage de son pr\u00e9d\u00e9cesseur, l&rsquo;\u00e9cologiste Robert Habeck (2021-2025), qui a fortement d\u00e9velopp\u00e9 le renouvelable \u00e0 l&rsquo;aide de subventions.<\/span><\/p>\n<p><span class=\"cf0\">La ministre a point\u00e9 en outre l&rsquo;exc\u00e8s de r\u00e8glementation et le manque de num\u00e9risation du syst\u00e8me \u00e9lectrique allemand.<\/span><\/p>\n<p><span class=\"cf0\">La f\u00e9d\u00e9ration industrielle BDI a salu\u00e9 le rapport comme une base pour des am\u00e9liorations \u00ab\u00a0\u202fsignificatives\u202f\u00a0\u00bb, permettant de \u00ab\u00a0concilier financement, comp\u00e9titivit\u00e9 industrielle et neutralit\u00e9 climatique\u00a0\u00bb.<\/span><\/p>\n<p><span class=\"cf0\">Par ailleurs, la demande en \u00e9lectricit\u00e9 en Allemagne sera comprise entre 600 et 700 t\u00e9rawattheures d&rsquo;ici 2030 d&rsquo;apr\u00e8s le rapport, moins que ce qu&rsquo;attendent d&rsquo;autres experts.<\/span><\/p>\n<p><span class=\"cf0\">Cela pourrait justifier, selon la ministre, de r\u00e9duire le rythme de construction d&rsquo;installations renouvelables sans compromettre les objectifs climatiques.<\/span><\/p>\n<p><span class=\"cf0\">Elle a mentionn\u00e9 l&rsquo;\u00e9olien offshore comme exemple de secteur peinant \u00e0 optimiser sa production.<\/span><\/p>\n<p><span class=\"cf0\">L&rsquo;ONG de gauche Campact a, quant \u00e0 elle, accus\u00e9 la ministre, anciennement cadre du secteur de l&rsquo;\u00e9nergie, \u00ab\u00a0d&rsquo;interpr\u00e9ter le rapport de mani\u00e8re qui convient au lobby des \u00e9nergies fossiles, son ancien employeur\u00a0\u00bb.<\/span><\/p>\n<\/div>\n<p><script>(function(d, s, id) {  var js, fjs = d.getElementsByTagName(s)[0];  if (d.getElementById(id)) return;  js = d.createElement(s); js.id = id;  js.src = \"\/\/connect.facebook.net\/fr_FR\/sdk.js#xfbml=1&version=v2.3\";  fjs.parentNode.insertBefore(js, fjs);}(document, \"script\", \"facebook-jssdk\"));<\/script><br \/>\n<br \/><br \/>\n<br \/><a href=\"https:\/\/www.francesoir.fr\/politique-monde\/energies-renouvelables-berlin-veut-tailler-dans-les-subventions\" target=\"_blank\"\">Source link <\/a><\/p>\n","protected":false},"excerpt":{"rendered":"<p>La ministre allemande de l&rsquo;\u00c9conomie Katharina Reiche a appel\u00e9 lundi \u00e0 une politique \u00e9nerg\u00e9tique \u00ab\u00a0\u202fplus flexible\u202f\u00a0\u00bb avec moins de subventions aux \u00e9nergies renouvelables, une c\u00e9sure avec le pr\u00e9c\u00e9dent gouvernement tout&hellip; <\/p>\n","protected":false},"author":1,"featured_media":15941,"comment_status":"open","ping_status":"open","sticky":false,"template":"","format":"standard","meta":{"footnotes":""},"categories":[1],"tags":[],"class_list":["post-15940","post","type-post","status-publish","format-standard","has-post-thumbnail","hentry","category-non-classe"],"_links":{"self":[{"href":"https:\/\/monde25.info\/index.php\/wp-json\/wp\/v2\/posts\/15940","targetHints":{"allow":["GET"]}}],"collection":[{"href":"https:\/\/monde25.info\/index.php\/wp-json\/wp\/v2\/posts"}],"about":[{"href":"https:\/\/monde25.info\/index.php\/wp-json\/wp\/v2\/types\/post"}],"author":[{"embeddable":true,"href":"https:\/\/monde25.info\/index.php\/wp-json\/wp\/v2\/users\/1"}],"replies":[{"embeddable":true,"href":"https:\/\/monde25.info\/index.php\/wp-json\/wp\/v2\/comments?post=15940"}],"version-history":[{"count":0,"href":"https:\/\/monde25.info\/index.php\/wp-json\/wp\/v2\/posts\/15940\/revisions"}],"wp:featuredmedia":[{"embeddable":true,"href":"https:\/\/monde25.info\/index.php\/wp-json\/wp\/v2\/media\/15941"}],"wp:attachment":[{"href":"https:\/\/monde25.info\/index.php\/wp-json\/wp\/v2\/media?parent=15940"}],"wp:term":[{"taxonomy":"category","embeddable":true,"href":"https:\/\/monde25.info\/index.php\/wp-json\/wp\/v2\/categories?post=15940"},{"taxonomy":"post_tag","embeddable":true,"href":"https:\/\/monde25.info\/index.php\/wp-json\/wp\/v2\/tags?post=15940"}],"curies":[{"name":"wp","href":"https:\/\/api.w.org\/{rel}","templated":true}]}}