{"id":15951,"date":"2025-09-16T01:13:46","date_gmt":"2025-09-15T23:13:46","guid":{"rendered":"https:\/\/monde25.info\/index.php\/2025\/09\/16\/habiter-pres-des-vignes-vous-expose-davantage-aux-pesticides\/"},"modified":"2025-09-16T01:13:46","modified_gmt":"2025-09-15T23:13:46","slug":"habiter-pres-des-vignes-vous-expose-davantage-aux-pesticides","status":"publish","type":"post","link":"https:\/\/monde25.info\/index.php\/2025\/09\/16\/habiter-pres-des-vignes-vous-expose-davantage-aux-pesticides\/","title":{"rendered":"Habiter pr\u00e8s des vignes vous expose davantage aux pesticides"},"content":{"rendered":"<p> <br \/>\n<br \/><img loading=\"lazy\" decoding=\"async\" src=\"https:\/\/reporterre.net\/local\/cache-vignettes\/L700xH467\/afp__20250513__hl_nguyonnet_2765338__v2__highres__franceenvironmentagriculturepestic_1_-2-419a3.jpg?1757948391\" class=\"spip_logo\" width=\"700\" height=\"467\" alt=\"\" \/><\/p>\n<p>Une \u00e9tude d&rsquo;ampleur publi\u00e9e par l&rsquo;Anses et Sant\u00e9 publique France, le 15\u00a0septembre, est sans appel\u00a0: les personnes vivant pr\u00e8s des vignes sont davantage expos\u00e9es aux pesticides. <br class=\"autobr\" \/> L&rsquo;\u00e9tude est in\u00e9dite par son ampleur, et son r\u00e9sultat \u2014 bien que peu surprenant \u2014 risque de ne pas plaire \u00e0 tout le monde\u00a0: oui, les personnes vivant pr\u00e8s des vignes sont surexpos\u00e9es aux pesticides. Alors que le d\u00e9bat sur la loi Duplomb va rebondir prochainement et que la <span class=\"caps\">FNSEA<\/span> \u2014 le syndicat agricole majoritaire\u00a0(\u2026)<\/p>\n<p>                    <a target=\"_blank\" href=\"https:\/\/reporterre.net\/Habiter-pres-des-vignes-vous-expose-davantage-aux-pesticides?utm_source=RSS&amp;utm_medium=RSS\">Lire la suite<\/a><\/p>\n<p>                    &#8211;<br \/>\n                        <a target=\"_blank\" href=\"https:\/\/reporterre.net\/Autres-infos\" rel=\"directory\">Info<\/a><\/p>\n<p>                    \/<br \/>\n                        <a target=\"_blank\" href=\"https:\/\/reporterre.net\/Pesticides\" rel=\"tag\">Pesticides<\/a><br \/>\n                    ,<br \/>\n                        <a target=\"_blank\" href=\"https:\/\/reporterre.net\/Agriculture\" rel=\"tag\">Agriculture<\/a><br \/>\n                    ,<br \/>\n                        <a target=\"_blank\" href=\"https:\/\/reporterre.net\/Sante\" rel=\"tag\">Sant\u00e9<\/a><br \/>\n<br \/><br \/>\n<br \/><a href=\"https:\/\/reporterre.net\/Habiter-pres-des-vignes-vous-expose-davantage-aux-pesticides\" target=\"_blank\"\">Source link <\/a><\/p>\n","protected":false},"excerpt":{"rendered":"<p>Une \u00e9tude d&rsquo;ampleur publi\u00e9e par l&rsquo;Anses et Sant\u00e9 publique France, le 15\u00a0septembre, est sans appel\u00a0: les personnes vivant pr\u00e8s des vignes sont davantage expos\u00e9es aux pesticides. L&rsquo;\u00e9tude est in\u00e9dite par&hellip; <\/p>\n","protected":false},"author":1,"featured_media":0,"comment_status":"open","ping_status":"open","sticky":false,"template":"","format":"standard","meta":{"footnotes":""},"categories":[1],"tags":[],"class_list":["post-15951","post","type-post","status-publish","format-standard","hentry","category-non-classe"],"_links":{"self":[{"href":"https:\/\/monde25.info\/index.php\/wp-json\/wp\/v2\/posts\/15951","targetHints":{"allow":["GET"]}}],"collection":[{"href":"https:\/\/monde25.info\/index.php\/wp-json\/wp\/v2\/posts"}],"about":[{"href":"https:\/\/monde25.info\/index.php\/wp-json\/wp\/v2\/types\/post"}],"author":[{"embeddable":true,"href":"https:\/\/monde25.info\/index.php\/wp-json\/wp\/v2\/users\/1"}],"replies":[{"embeddable":true,"href":"https:\/\/monde25.info\/index.php\/wp-json\/wp\/v2\/comments?post=15951"}],"version-history":[{"count":0,"href":"https:\/\/monde25.info\/index.php\/wp-json\/wp\/v2\/posts\/15951\/revisions"}],"wp:attachment":[{"href":"https:\/\/monde25.info\/index.php\/wp-json\/wp\/v2\/media?parent=15951"}],"wp:term":[{"taxonomy":"category","embeddable":true,"href":"https:\/\/monde25.info\/index.php\/wp-json\/wp\/v2\/categories?post=15951"},{"taxonomy":"post_tag","embeddable":true,"href":"https:\/\/monde25.info\/index.php\/wp-json\/wp\/v2\/tags?post=15951"}],"curies":[{"name":"wp","href":"https:\/\/api.w.org\/{rel}","templated":true}]}}