{"id":15954,"date":"2025-09-16T02:19:34","date_gmt":"2025-09-16T00:19:34","guid":{"rendered":"https:\/\/monde25.info\/index.php\/2025\/09\/16\/gaza-a-mis-a-nu-le-colonialisme-occidental\/"},"modified":"2025-09-16T02:19:34","modified_gmt":"2025-09-16T00:19:34","slug":"gaza-a-mis-a-nu-le-colonialisme-occidental","status":"publish","type":"post","link":"https:\/\/monde25.info\/index.php\/2025\/09\/16\/gaza-a-mis-a-nu-le-colonialisme-occidental\/","title":{"rendered":"Gaza a mis \u00e0 nu le colonialisme occidental"},"content":{"rendered":"<p> <br \/>\n<\/p>\n<div>\n<ol class=\"campaign-loop campaign-list\">\n<li id=\"campaign-482494\" class=\"post-482494 campaign type-campaign status-publish hentry campaign-has-goal campaign-has-not-achieved-goal campaign-has-end-date campaign-has-not-ended\">\n\t<a target=\"_blank\" href=\"https:\/\/reseauinternational.net\/campaigns\/campagne-de-dons-septembre-octobre-2025\/\"><\/p>\n<h3>Campagne de dons  Septembre \u2013 Octobre 2025<\/h3>\n<p>\t\t\t<\/a><\/p>\n<p>\n\tChers amis lecteurs, Nous faisons \u00e0 nouveau appel \u00e0 vous pour une nouvelle campagne de dons. Votre soutien nous est indispensable pour continuer \u00e0 vous fournir le meilleur de l\u2019information internationale alternative. C\u2019est gr\u00e2ce \u00e0 vos dons que nous pourrons maintenir le cap pour une information plurielle et r\u00e9ellement alternative. Nous comptons sur vous.<\/p>\n<p>\n<span class=\"amount\">75,00\u00a0\u20ac<\/span> de l\u2019objectif de <span class=\"goal-amount\">25 000,00\u00a0\u20ac<\/span> atteint<\/p>\n<\/li>\n<\/ol>\n<p>par<strong> Jonathan Cook<\/strong><\/p>\n<p><strong>Isra\u00ebl et l\u2019id\u00e9ologie sioniste sont la nouvelle incarnation de l\u2019ignoble syst\u00e8me de contr\u00f4le raciste cher aux \u00e9lites occidentales, d\u00e9guis\u00e9 en \u00abcause juste et morale\u00bb. Aujourd\u2019hui, cela ne trompe plus personne.<\/strong><\/p>\n<p>La <a target=\"_blank\" href=\"https:\/\/www.middleeasteye.net\/topics\/israel-genocide-gaza\" target=\"_blank\" rel=\"noopener\" title=\"\">campagne<\/a> men\u00e9e par Isra\u00ebl pour \u00e9radiquer Gaza est sur le point d\u2019entrer dans sa troisi\u00e8me ann\u00e9e.<\/p>\n<p>Il ne s\u2019agit pas seulement d\u2019un moment symbolique. C\u2019est un moment d\u00e9cisif, tant pour ceux qui proc\u00e8dent \u00e0 la destruction de l\u2019enclave que pour ceux qui s\u2019y opposent.<\/p>\n<p>Apr\u00e8s deux ans, les capitales occidentales <a target=\"_blank\" href=\"https:\/\/www.middleeasteye.net\/opinion\/israel-genocide-gaza-western-war-palestinian-people\" target=\"_blank\" rel=\"noopener\" title=\"\">refusent<\/a> toujours de <a target=\"_blank\" href=\"https:\/\/www.youtube.com\/watch?v=G4YWIPzh__Y\" target=\"_blank\" rel=\"noopener\" title=\"\">qualifier de g\u00e9nocide<\/a> le massacre perp\u00e9tr\u00e9 par Isra\u00ebl et la famine qu\u2019il a provoqu\u00e9e. Elles restent aveugles au tsunami de crimes contre l\u2019humanit\u00e9 commis par Isra\u00ebl au cours des 23 derniers mois.<\/p>\n<p>M\u00eame reconna\u00eetre ces atrocit\u00e9s comme des violations du droit international a \u00e9t\u00e9 un pas trop difficile \u00e0 franchir pour la plupart d\u2019entre elles.<\/p>\n<p>Les dirigeants occidentaux ne sont pas pr\u00eats \u00e0 changer de cap.<\/p>\n<p>Comme Macbeth dans la pi\u00e8ce de Shakespeare, ils ont \u00abtellement r\u00e9pandu le sang\u00bb qu\u2019ils n\u2019osent pas revenir en arri\u00e8re. Cela reviendrait \u00e0 admettre leur complicit\u00e9 dans le g\u00e9nocide perp\u00e9tr\u00e9 par Isra\u00ebl, \u00e9tant donn\u00e9 qu\u2019ils ont fourni les armes, les renseignements et la couverture diplomatique qui l\u2019ont rendu possible.<\/p>\n<p>Mais la difficult\u00e9 de nier une r\u00e9alit\u00e9 retransmise en direct \u00e0 leurs populations nationales augmente de jour en jour, et pas seulement parce que les enfants squelettiques de Gaza meurent en nombre toujours plus grand.<\/p>\n<div class=\"wp-block-image\">\n<figure class=\"aligncenter size-full is-resized\"><a target=\"_blank\" href=\"https:\/\/i0.wp.com\/reseauinternational.net\/wp-content\/uploads\/2025\/09\/image-142.png?quality=100&amp;ssl=1\"><img data-recalc-dims=\"1\" decoding=\"async\" width=\"700\" height=\"466\" src=\"https:\/\/i0.wp.com\/reseauinternational.net\/wp-content\/uploads\/2025\/09\/image-142.png?resize=700%2C466&amp;quality=100&amp;ssl=1\" alt=\"\" class=\"wp-image-482662\" style=\"width:600px\" loading=\"lazy\" srcset=\"https:\/\/i0.wp.com\/reseauinternational.net\/wp-content\/uploads\/2025\/09\/image-142.png?w=700&amp;quality=100&amp;ssl=1 700w, https:\/\/i0.wp.com\/reseauinternational.net\/wp-content\/uploads\/2025\/09\/image-142.png?resize=300%2C200&amp;quality=100&amp;ssl=1 300w\" sizes=\"auto, (max-width: 700px) 100vw, 700px\"\/><\/a><\/figure>\n<\/div>\n<p class=\"has-text-align-center\"><em>8 ao\u00fbt 2025 \u2013 Les Palestiniens, confront\u00e9s \u00e0 de graves p\u00e9nuries alimentaires en raison des <\/em><br \/><em>attaques et du blocus isra\u00e9liens, se rassemblent pr\u00e8s du poste de contr\u00f4le isra\u00e9lien de <\/em><br \/><em>Zikim pour recevoir une aide humanitaire limit\u00e9e dans le nord-ouest de Gaza <\/em><\/p>\n<p>La semaine derni\u00e8re, l\u2019association internationale des experts du g\u00e9nocide a <a target=\"_blank\" href=\"https:\/\/genocidescholars.org\/wp-content\/uploads\/2025\/08\/IAGS-Resolution-on-Gaza-FINAL.pdf\" target=\"_blank\" rel=\"noopener\" title=\"\">statu\u00e9<\/a> \u00e0 une \u00e9crasante majorit\u00e9 que les actions d\u2019Isra\u00ebl \u00e0 Gaza r\u00e9pondaient \u00e0 la d\u00e9finition juridique du g\u00e9nocide.<\/p>\n<p>Le consensus officiel scientifique a d\u00e9sormais rattrap\u00e9 celui de l\u2019opinion publique, m\u00eame si les dirigeants occidentaux et leurs m\u00e9dias aux ordres pr\u00e9f\u00e8rent ignorer les deux.<\/p>\n<p>C\u2019est bien un g\u00e9nocide qui est commis \u00e0 Gaza.<\/p>\n<p>Le seul <a target=\"_blank\" href=\"https:\/\/www.middleeasteye.net\/opinion\/icj-rule-israel-allies-put-on-trial-genocide\" target=\"_blank\" rel=\"noopener\" title=\"\">verdict<\/a> qui reste \u00e0 attendre est celui de la Cour internationale de justice.<\/p>\n<p>Ses rouages tournent si lentement que sa d\u00e9cision finale \u2013 qui va certainement confirmer les soup\u00e7ons initiaux de g\u00e9nocide \u00e9mis par ses juges \u2013 n\u2019aura d\u2019importance que pour les historiens.<\/p>\n<h5 class=\"wp-block-heading\"><strong>Les \u00abcomplices\u00bb du g\u00e9nocide<\/strong><\/h5>\n<p>Le g\u00e9nocide aura des r\u00e9percussions bien plus larges que Gaza. Les \u00e9lites occidentales s\u2019efforcent contre vents et mar\u00e9es d\u2019entretenir le grand mensonge selon lequel Isra\u00ebl m\u00e8ne une \u00abguerre d\u2019autod\u00e9fense\u00bb. Mais William Schabas, \u00e9minente autorit\u00e9 en mati\u00e8re de g\u00e9nocide et de droit p\u00e9nal international, a <a target=\"_blank\" href=\"https:\/\/www.youtube.com\/watch?v=1s4LKr3qK4M\" target=\"_blank\" rel=\"noopener\" title=\"\">observ\u00e9<\/a> la semaine derni\u00e8re que l\u2019affaire judiciaire port\u00e9e devant la CIJ, en janvier 2024, contre Isra\u00ebl, est \u00ab<em>sans doute le cas de g\u00e9nocide le plus solide jamais traduit devant la Cour<\/em>\u00bb.<\/p>\n<p>Les poursuites ont commenc\u00e9 il y a 20 mois.<\/p>\n<p>Les \u00c9tats occidentaux, en particulier les \u00c9tats-Unis et l\u2019Allemagne, ajoute-t-il, n\u2019ont pas cach\u00e9 leur complicit\u00e9 active dans le g\u00e9nocide. Cela signifie que l\u2019ordre lib\u00e9ral occidental traverse une crise profonde. Schabas affirme que le syst\u00e8me judiciaire international est d\u00e9sormais confront\u00e9 \u00e0 un \u00ab<em>test d\u00e9cisif<\/em>\u00bb : peut-il mettre fin au g\u00e9nocide et traduire ces \u00c9tats voyous en justice ?<\/p>\n<p>Un \u00e9chec ne serait pas seulement catastrophique pour la population de Gaza. Il marquerait \u00e9galement l\u2019effondrement de l\u2019ordre lib\u00e9ral occidental.<\/p>\n<p>Les dirigeants occidentaux ont \u00e9t\u00e9 incapables d\u2019obtenir le consentement populaire au g\u00e9nocide ou \u00e0 la complicit\u00e9 de l\u2019Occident dans le g\u00e9nocide. Ils se sont donc retourn\u00e9s contre ceux qui ont d\u00e9nonc\u00e9 la barbarie. C\u2019est eux qui sont vilipend\u00e9s, harcel\u00e9s et arr\u00eat\u00e9s.<\/p>\n<p>Aux \u00c9tats-Unis, la police a <a target=\"_blank\" href=\"https:\/\/www.npr.org\/2024\/05\/08\/1248935672\/campus-protests-police-arrests\" target=\"_blank\" rel=\"noopener\" title=\"\">frapp\u00e9<\/a> des \u00e9tudiants qui avaient install\u00e9 des campements de protestation sur le campus, tandis que les universit\u00e9s ont retir\u00e9 leurs dipl\u00f4mes \u00e0 nombre d\u2019entre eux. Les autorit\u00e9s f\u00e9d\u00e9rales charg\u00e9es de l\u2019immigration ont commenc\u00e9 \u00e0 <a target=\"_blank\" href=\"https:\/\/apnews.com\/article\/immigration-palestine-protest-trump-deportation-columbia-fca7e73fe2cbd616c1eacf3bdececdbe%20\" target=\"_blank\" rel=\"noopener\" title=\"\">traquer<\/a> les militants anti-g\u00e9nocide afin de les expulser.<\/p>\n<p>Les Palestiniens eux-m\u00eames, m\u00eame les enfants de Gaza qui ont un besoin urgent de soins m\u00e9dicaux pour les blessures subies lors des explosions des bombes fournies par les \u00c9tats-Unis, se voient d\u00e9sormais <a target=\"_blank\" href=\"https:\/\/www.middleeasteye.net\/opinion\/www.nytimes.com\/2025\/08\/31\/world\/middleeast\/us-palestinian-visa-suspensions.html\" target=\"_blank\" rel=\"noopener\" title=\"\">refuser<\/a> des visas pour les \u00c9tats-Unis.<\/p>\n<p>La situation est similaire au Royaume-Uni. Les manifestations de masse contre le g\u00e9nocide sont <a target=\"_blank\" href=\"https:\/\/www.theguardian.com\/politics\/2023\/oct\/30\/uk-ministers-cobra-meeting-terrorism-threat-israel-hamas-conflict-suella-braverman%20\" target=\"_blank\" rel=\"noopener\" title=\"\">qualifi\u00e9es<\/a> de \u00ab<em>marches de la haine<\/em>\u00bb. Les militants qui ciblent les usines d\u2019armes fournissant la machine g\u00e9nocidaire isra\u00e9lienne \u2013 et <a target=\"_blank\" href=\"https:\/\/www.cage.ngo\/articles\/five-more-filton-arrests-timed-to-disrupt-palestine-action-s-judicial-review\" target=\"_blank\" rel=\"noopener\" title=\"\">menacent<\/a> ainsi les <a target=\"_blank\" href=\"https:\/\/www.middleeasteye.net\/news\/major-jump-approved-uk-arms-exports-israel-weeks-after-gaza-ban\" target=\"_blank\" rel=\"noopener\" title=\"\">ventes d\u2019armes<\/a> du Royaume-Uni \u00e0 Isra\u00ebl \u2013 sont emprisonn\u00e9s comme des terroristes.<\/p>\n<p>Et ceux qui prennent la parole pour d\u00e9fendre ces militants sont <a target=\"_blank\" href=\"https:\/\/www.theguardian.com\/world\/2025\/aug\/15\/palestine-action-prosecutions-should-be-suspended-uk-rights-groups\" target=\"_blank\" rel=\"noopener\" title=\"\">pourchass\u00e9s<\/a> et arr\u00eat\u00e9s en vertu de la m\u00eame l\u00e9gislation antiterroriste draconienne.<\/p>\n<p>Ce week-end, une deuxi\u00e8me manifestation de masse a eu lieu devant le Parlement britannique contre l\u2019interdiction de Palestine Action. Pr\u00e8s de <a target=\"_blank\" href=\"https:\/\/www.theguardian.com\/uk-news\/2025\/sep\/07\/almost-900-people-arrested-at-palestine-action-protest-say-met-police\" target=\"_blank\" rel=\"noopener\" title=\"\">900 manifestants<\/a> ont \u00e9t\u00e9 arr\u00eat\u00e9s pour avoir brandi une pancarte exprimant leur soutien au groupe d\u2019action directe.<\/p>\n<p>Avant la protestation, la police \u00abantiterroriste\u00bb a lanc\u00e9 une s\u00e9rie de raids contre les domiciles des organisateurs de Defend Our Juries, un groupe juridique \u00e0 l\u2019origine des manifestations de masse.<\/p>\n<p>Six d\u2019entre eux ont \u00e9t\u00e9 <a target=\"_blank\" href=\"https:\/\/www.cps.gov.uk\/cps\/news\/organisers-charged-over-arranging-and-managing-meetings-support-proscribed-palestine\" target=\"_blank\" rel=\"noopener\" title=\"\">inculp\u00e9s<\/a> de d\u00e9lits terroristes passibles de peines d\u2019emprisonnement pouvant aller jusqu\u2019\u00e0 14 ans, dont <a target=\"_blank\" href=\"https:\/\/www.theguardian.com\/world\/2025\/aug\/08\/former-uk-government-lawyer-centre-pro-palestine-protests-tim-crosland%20\" target=\"_blank\" rel=\"noopener\" title=\"\">Tim Crosland<\/a>, avocat et ancien haut fonctionnaire de la Serious Organised Crime Agency et de la National Crime Agency.<\/p>\n<h5 class=\"wp-block-heading\"><strong>Une logique circulaire<\/strong><\/h5>\n<p>On retrouve ici des \u00e9chos de l\u2019atmosph\u00e8re r\u00e9pressive qui r\u00e9gnait dans l\u2019Am\u00e9rique des ann\u00e9es 1950, lorsque le s\u00e9nateur Joseph McCarthy menait une <a target=\"_blank\" href=\"https:\/\/www.middleeasteye.net\/news\/columbia-professor-crackdown-palestine-university-activists-reeks-mccarthyism\" target=\"_blank\" rel=\"noopener\" title=\"\">chasse aux sorci\u00e8res<\/a> contre les militants de gauche, les qualifiant d\u2019\u00abanti-am\u00e9ricains\u00bb de \u00abcommunistes\u00bb et de menaces pour la s\u00e9curit\u00e9 nationale.<\/p>\n<p>Il a \u00e9t\u00e9 imm\u00e9diatement soutenu par les deux partis au Congr\u00e8s, ainsi que par Hollywood, les m\u00e9dias, les universit\u00e9s, les entreprises et les tribunaux. Des carri\u00e8res et des vies ont \u00e9t\u00e9 <a target=\"_blank\" href=\"https:\/\/www.thenation.com\/article\/society\/clay-risen-red-scare\/\" target=\"_blank\" rel=\"noopener\" title=\"\">d\u00e9truites<\/a>. Le socialisme aux \u00c9tats-Unis, qualifi\u00e9 d\u2019id\u00e9ologie dangereuse et subversive, ne s\u2019en est jamais remis.<\/p>\n<p>Aujourd\u2019hui, l\u2019Union sovi\u00e9tique ayant disparu depuis longtemps, le pr\u00e9texte \u00e0 l\u2019autoritarisme et \u00e0 la r\u00e9pression politique n\u2019est plus le \u00abcommunisme\u00bb.<\/p>\n<p>D\u00e9sormais, les politiques progressistes qui s\u2019opposent au g\u00e9nocide sont qualifi\u00e9es d\u2019\u00abantis\u00e9mites\u00bb, ce qui constitue en soi une insulte envers les juifs, laissant entendre que le massacre des Palestiniens correspondrait intrins\u00e8quement \u00e0 une certaine vision \u00abjuive\u00bb du monde.<\/p>\n<p>Le v\u00e9ritable objectif a toujours \u00e9t\u00e9 d\u2019\u00e9craser l\u2019opposition \u00e0 l\u2019id\u00e9ologie sioniste.<\/p>\n<p>Ce sont les institutions occidentales, s\u2019appuyant sur un <a target=\"_blank\" href=\"https:\/\/www.middleeasteye.net\/opinion\/how-evangelical-christians-risk-setting-middle-east-fire\" target=\"_blank\" rel=\"noopener\" title=\"\">sionisme chr\u00e9tien<\/a> occidental vieux de plusieurs si\u00e8cles, qui ont parrain\u00e9 la cr\u00e9ation d\u2019Isra\u00ebl en tant qu\u2019\u00c9tat d\u2019apartheid, privil\u00e9giant les immigrants juifs r\u00e9cents par rapport aux Palestiniens autochtones et valid\u00e9 le nettoyage ethnique des Palestiniens.<\/p>\n<p>Le sionisme, tant dans sa forme chr\u00e9tienne que juive, est l\u2019id\u00e9ologie qui conduit aujourd\u2019hui au g\u00e9nocide. Mais le sionisme repr\u00e9sente plus que cette forme \u00e9troite de supr\u00e9matie juive. C\u2019est pourquoi les capitales occidentales sont d\u00e9termin\u00e9es \u00e0 soutenir \u00e0 tout prix Isra\u00ebl et l\u2019id\u00e9ologie qu\u2019il incarne, m\u00eame si cela implique de d\u00e9chirer leurs propres soci\u00e9t\u00e9s.<\/p>\n<p>Le sionisme moderne est la continuation du colonialisme occidental \u2013 le recours \u00e0 la violence pour soumettre et dominer d\u2019autres populations, afin de contr\u00f4ler leurs ressources, mais avec l\u2019avantage d\u2019une couverture \u00abmorale\u00bb.<\/p>\n<p>Le colonialisme traditionnel est tomb\u00e9 en d\u00e9su\u00e9tude apr\u00e8s la Seconde Guerre mondiale, au moment m\u00eame o\u00f9, dans le sillage de l\u2019Holocauste, sa r\u00e9incarnation sous la forme du sionisme pouvait \u00eatre pr\u00e9sent\u00e9e comme la cause la plus juste et la plus morale de notre \u00e9poque.<\/p>\n<p>Le soutien occidental \u00e0 un \u00c9tat isra\u00e9lien hautement militaris\u00e9 dans un Moyen-Orient riche en p\u00e9trole \u00e9tait cens\u00e9 lib\u00e9rer le peuple juif \u2013 le lib\u00e9rer, notons-le, d\u2019une Europe g\u00e9nocidaire \u2013 mais il y avait pour cela un prix \u00e0 payer.<\/p>\n<p>Le prix \u00e0 payer \u00e9tait l\u2019annihilation du peuple palestinien et le vol de ses terres ancestrales pour y cr\u00e9er un soi-disant \u00ab\u00c9tat juif\u00bb. Cet \u00c9tat constituerait un avant-poste arm\u00e9 par l\u2019Occident dont la raison d\u2019\u00eatre serait d\u2019intimider et d\u2019attaquer ses voisins arabes, en appliquant une politique \u00e9trang\u00e8re bas\u00e9e sur le principe \u00abdiviser pour mieux r\u00e9gner\u00bb qui, par hasard, correspondait aux int\u00e9r\u00eats occidentaux.<\/p>\n<div class=\"wp-block-image\">\n<figure class=\"aligncenter size-full is-resized\"><a target=\"_blank\" href=\"https:\/\/i0.wp.com\/reseauinternational.net\/wp-content\/uploads\/2025\/09\/image-143.png?quality=100&amp;ssl=1\"><img data-recalc-dims=\"1\" decoding=\"async\" width=\"700\" height=\"468\" src=\"https:\/\/i0.wp.com\/reseauinternational.net\/wp-content\/uploads\/2025\/09\/image-143.png?resize=700%2C468&amp;quality=100&amp;ssl=1\" alt=\"\" class=\"wp-image-482663\" style=\"width:600px\" loading=\"lazy\" srcset=\"https:\/\/i0.wp.com\/reseauinternational.net\/wp-content\/uploads\/2025\/09\/image-143.png?w=700&amp;quality=100&amp;ssl=1 700w, https:\/\/i0.wp.com\/reseauinternational.net\/wp-content\/uploads\/2025\/09\/image-143.png?resize=300%2C201&amp;quality=100&amp;ssl=1 300w\" sizes=\"auto, (max-width: 700px) 100vw, 700px\"\/><\/a><\/figure>\n<\/div>\n<p class=\"has-text-align-center\"><em>22 juillet 2025 \u2013 Un Palestinien porte une fillette tu\u00e9e dans des frappes a\u00e9riennes isra\u00e9liennes <\/em><br \/><em>qui ont vis\u00e9 la maison de la famille Mushtaha dans la rue Mukhabarat \u00e0 Gaza. Dix personnes <\/em><br \/><em>ont \u00e9t\u00e9 tu\u00e9es dans cette attaque. Une ambulance a \u00e9galement \u00e9t\u00e9 touch\u00e9e pendant le <\/em><br \/><em>bombardement \u2013 Photo : Yousef Zaanoun \/ Activestills<\/em><\/p>\n<p>Si l\u2019Occident avait fait tout cela directement \u2013 plut\u00f4t que par l\u2019interm\u00e9diaire de son mandataire \u2013 il aurait \u00e9t\u00e9 \u00e9vident que le colonialisme occidental brutal n\u2019avait jamais cess\u00e9 de s\u2019imposer au Moyen-Orient. Isra\u00ebl et l\u2019id\u00e9ologie sioniste sur laquelle il \u00e9tait fond\u00e9 lui ont offert un nouveau d\u00e9guisement.<\/p>\n<p>Mieux encore, la narrative qui lui servait de couverture reposait sur une merveilleuse logique circulaire qui a fonctionn\u00e9 pendant des d\u00e9cennies.<\/p>\n<p>Plus l\u2019Occident armait Isra\u00ebl pour qu\u2019il martyrise le peuple palestinien sous son contr\u00f4le et qu\u2019il envahisse et bombarde ses voisins arabes, plus cela engendrait une r\u00e9sistance r\u00e9gionale. Et plus Isra\u00ebl \u00e9tait confront\u00e9 \u00e0 la r\u00e9sistance, plus l\u2019Occident pouvait l\u2019armer au motif qu\u2019il fallait le prot\u00e9ger contre des Arabes irrationnels, sauvages et antis\u00e9mites.<\/p>\n<p>Lorsque l\u2019islam politique \u2013 principal sympt\u00f4me r\u00e9actionnaire de la domination et de la colonisation de la r\u00e9gion par le sionisme \u2013 s\u2019est d\u00e9velopp\u00e9, l\u2019Occident en a fait la cause des troubles au Moyen-Orient. Isra\u00ebl avait provoqu\u00e9 lui-m\u00eame les probl\u00e8mes de \u00abterrorisme\u00bb qu\u2019il \u00e9tait cens\u00e9 r\u00e9soudre.<\/p>\n<h5 class=\"wp-block-heading\"><strong>Une police d\u2019assurance<\/strong><\/h5>\n<p>Mais le sionisme \u00e9tait plus qu\u2019une couverture pour les institutions occidentales. C\u2019\u00e9tait aussi une police d\u2019assurance.<\/p>\n<p>Le r\u00f4le du sionisme \u00e9tait de normaliser les atrocit\u00e9s commises contre les personnes de couleur \u2013 voire de donner \u00e0 ces crimes une finalit\u00e9 morale \u2013 tout en insufflant vie au r\u00e9cit favori du colonialisme : un \u00ab<a target=\"_blank\" href=\"https:\/\/www.jonathan-cook.net\/books\/israel-and-the-clash-of-civilisations\/\" target=\"_blank\" rel=\"noopener\" title=\"\">choc des civilisations<\/a>\u00bb entre le progr\u00e8s occidental et la barbarie orientale.<\/p>\n<p>Le succ\u00e8s du sionisme s\u2019est mesur\u00e9 \u00e0 sa capacit\u00e9 \u00e0 engendrer une politique de la peur \u2013 la \u00abguerre contre le terrorisme\u00bb \u2013 qui pouvait \u00eatre utilis\u00e9e pour manipuler l\u2019opinion publique au profit de la classe dirigeante occidentale.<\/p>\n<p>Pendant des d\u00e9cennies, les institutions occidentales ont marginalis\u00e9 politiquement, en les qualifiant d\u2019\u00abantis\u00e9mites\u00bb, ceux qui s\u2019opposaient \u00e0 la destruction du peuple palestinien par Isra\u00ebl et \u00e0 sa domination continue de l\u2019\u00ab\u00c9tat juif\u00bb sur le Moyen-Orient.<\/p>\n<p>Le soi-disant courant dominant \u2013 que ce soit dans la politique officielle ou dans les m\u00e9dias du pouvoir \u2013 n\u2019a jamais rien fait de plus que des d\u00e9clarations de pure forme autour de la question de la justice pour le peuple palestinien.<\/p>\n<p>Tout ce qui allait au-del\u00e0, tout ce qui exer\u00e7ait une r\u00e9elle pression sur Isra\u00ebl pour qu\u2019il fasse des concessions, comme le mouvement populaire <a target=\"_blank\" href=\"https:\/\/www.chroniquepalestine.com\/tag\/campagne-bds\" target=\"_blank\" rel=\"noopener\" title=\"\">BDS<\/a> visant \u00e0 boycotter Isra\u00ebl, \u00e9tait automatiquement <a target=\"_blank\" href=\"https:\/\/www.hrw.org\/news\/2023\/06\/30\/uk-anti-boycott-bill-wrong-side-history\" target=\"_blank\" rel=\"noopener\" title=\"\">diabolis\u00e9<\/a> et accus\u00e9 d\u2019inciter \u00e0 la haine des juifs. Le r\u00f4le du sionisme en tant que police d\u2019assurance a \u00e9t\u00e9 r\u00e9v\u00e9l\u00e9 au grand jour au Royaume-Uni apr\u00e8s l\u2019\u00e9lection surprise de <a target=\"_blank\" href=\"https:\/\/www.chroniquepalestine.com\/writers\/jeremy-corbyn\" target=\"_blank\" rel=\"noopener\" title=\"\">Jeremy Corbyn<\/a>, un socialiste d\u00e9mocrate, \u00e0 la t\u00eate du Parti travailliste.<\/p>\n<p>Corbyn a su capter une vague de soutien en faveur des politiques de gauche, pr\u00f4nant non seulement une politique \u00e9trang\u00e8re plus juste, moins militariste et moins colonialiste, qui risquait de mettre en lumi\u00e8re le fait qu\u2019Isra\u00ebl est un v\u00e9ritable anachronisme, mais aussi la fin des politiques d\u2019aust\u00e9rit\u00e9 nationales qui avaient vid\u00e9 les services publics de leur substance et laiss\u00e9 les \u00e9lecteurs dans un sentiment d\u2019impuissance et de pauvret\u00e9.<\/p>\n<p>L\u2019<em>establishment<\/em> britannique, y compris la faction de droite du Parti travailliste d\u00e9sormais dirig\u00e9e par le Premier ministre Sir Keir Starmer, a rapidement d\u00e9cid\u00e9 d\u2019<a target=\"_blank\" href=\"https:\/\/www.middleeasteye.net\/opinion\/how-top-labour-officials-plotted-bring-down-corbyn\" target=\"_blank\" rel=\"noopener\" title=\"\">utiliser<\/a> l\u2019antis\u00e9mitisme comme arme contre Corbyn et sa base politique.<\/p>\n<p>Pendant les ann\u00e9es Corbyn, la gauche a \u00e9t\u00e9 <a target=\"_blank\" href=\"https:\/\/www.middleeasteye.net\/opinion\/forde-inquiry-exposes-labours-biggest-problem-keir-starmer\" target=\"_blank\" rel=\"noopener\" title=\"\">pr\u00e9sent\u00e9e<\/a> comme intrins\u00e8quement antis\u00e9mite. Starmer s\u2019est donn\u00e9 pour priorit\u00e9 absolue de <a target=\"_blank\" href=\"https:\/\/www.middleeasteye.net\/opinion\/uk-israel-palestine-labour-reversed-progress-years\" target=\"_blank\" rel=\"noopener\" title=\"\">purger<\/a> le parti de toute trace de gauche d\u00e8s son arriv\u00e9e au pouvoir.<\/p>\n<p>Il est \u00e0 noter que les accusations d\u2019antis\u00e9mitisme ne visaient pas seulement l\u2019activisme pro-palestinien de Corbyn, mais aussi ses <a target=\"_blank\" href=\"https:\/\/www.newstatesman.com\/politics\/2018\/03\/combat-left-anti-semitism-corbynism-must-change-way-it-sees-world\" target=\"_blank\" rel=\"noopener\" title=\"\">politiques<\/a> de redistribution. Ses d\u00e9tracteurs ont <a target=\"_blank\" href=\"https:\/\/x.com\/stephenpollard\/status\/1041072254929580041\" target=\"_blank\" rel=\"noopener\" title=\"\">vicieusement insinu\u00e9<\/a> que les critiques de Corbyn contre des \u00e9lites financi\u00e8res, qui avaient pill\u00e9 les richesses du pays et les avaient cach\u00e9es dans des paradis fiscaux <em>offshore<\/em>, \u00e9taient en r\u00e9alit\u00e9 des r\u00e9f\u00e9rences cod\u00e9es aux \u00abbanquiers juifs\u00bb.<\/p>\n<p>Tout comme le maccarthysme avant lui, la chasse aux sorci\u00e8res antis\u00e9mite contre Corbyn visait \u00e0 <a target=\"_blank\" href=\"https:\/\/www.oxfordmail.co.uk\/news\/national\/16902696.corbyn-takes-aim-greed-is-good-capitalism-promises-radical-change\/\" target=\"_blank\" rel=\"noopener\" title=\"\">saboter<\/a> la gauche et ses aspirations \u00e0 une soci\u00e9t\u00e9 plus juste. Il s\u2019agissait de <a target=\"_blank\" href=\"https:\/\/www.aljazeera.com\/news\/2019\/11\/6\/ultra-rich-threaten-to-bail-on-britain-if-corbyn-wins%20\" target=\"_blank\" rel=\"noopener\" title=\"\">pr\u00e9server<\/a> le colonialisme militaris\u00e9 \u00e0 l\u2019\u00e9tranger et la protection des \u00e9lites n\u00e9olib\u00e9rales au niveau national.<\/p>\n<h5 class=\"wp-block-heading\"><strong>Une menace imaginaire<\/strong><\/h5>\n<p>Mais le g\u00e9nocide perp\u00e9tr\u00e9 par Isra\u00ebl \u00e0 Gaza met \u00e0 rude \u00e9preuve cette fa\u00e7on de faire de la politique.<\/p>\n<p>Tout comme sous le maccarthysme, on fait croire aux opinions publiques occidentales que l\u2019ordre lib\u00e9ral ne peut \u00eatre prot\u00e9g\u00e9 que par des moyens profond\u00e9ment illib\u00e9raux.<\/p>\n<p>Dans les ann\u00e9es 1950, l\u2019<em>establishment<\/em> a impos\u00e9 la pens\u00e9e unique sous peine de poursuites juridiques ou d\u2019exclusion sociale, afin de r\u00e9duire au silence ses opposants, le tout \u00e9tant justifi\u00e9 par la guerre contre la menace communiste.<\/p>\n<div class=\"wp-block-image\">\n<figure class=\"aligncenter size-full is-resized\"><a target=\"_blank\" href=\"https:\/\/i0.wp.com\/reseauinternational.net\/wp-content\/uploads\/2025\/09\/image-144.png?quality=100&amp;ssl=1\"><img data-recalc-dims=\"1\" decoding=\"async\" width=\"700\" height=\"467\" src=\"https:\/\/i0.wp.com\/reseauinternational.net\/wp-content\/uploads\/2025\/09\/image-144.png?resize=700%2C467&amp;quality=100&amp;ssl=1\" alt=\"\" class=\"wp-image-482664\" style=\"width:600px\" loading=\"lazy\" srcset=\"https:\/\/i0.wp.com\/reseauinternational.net\/wp-content\/uploads\/2025\/09\/image-144.png?w=700&amp;quality=100&amp;ssl=1 700w, https:\/\/i0.wp.com\/reseauinternational.net\/wp-content\/uploads\/2025\/09\/image-144.png?resize=300%2C200&amp;quality=100&amp;ssl=1 300w\" sizes=\"auto, (max-width: 700px) 100vw, 700px\"\/><\/a><\/figure>\n<\/div>\n<p class=\"has-text-align-center\"><em>\u00c0 Gaza, Yazan, \u00e2g\u00e9 de deux ans, souffre de malnutrition s\u00e9v\u00e8re. Sa m\u00e8re, Naima, d\u00e9clare : <\/em><br \/><em>\u00abNous n\u2019avons pas re\u00e7u de farine ni aucune aide alimentaire depuis deux mois\u00bb.<\/em><\/p>\n<p>Aujourd\u2019hui, 70 ans plus tard, le sionisme est consid\u00e9r\u00e9 comme tellement central \u00e0 \u00abl\u2019ordre lib\u00e9ral\u00bb occidental que ses opposants \u2013 ceux qui s\u2019opposent \u00e0 ce que des enfants soient volontairement r\u00e9duits \u00e0 la famine \u2013 doivent \u00eatre diabolis\u00e9s et mis hors la loi.<\/p>\n<p>Comme dans le cas du maccarthysme, il s\u2019agit ici de dirigeants qui pr\u00e9tendent d\u00e9fendre des valeurs lib\u00e9rales et humanitaires alors qu\u2019ils font exactement le contraire : ils soutiennent le g\u00e9nocide \u00e0 Gaza, interdisent \u00e0 l\u2019opposition de manifester et la criminalise en la traitant de \u00abterroriste\u00bb.<\/p>\n<p>La narrative qui leur sert de couverture s\u2019effiloche. C\u2019est pourquoi les capitales occidentales \u2013 \u00e0 l\u2019exception de Washington sous Donald Trump \u2013 tentent d\u00e9sesp\u00e9r\u00e9ment de r\u00e9parer les d\u00e9g\u00e2ts en parlant de reconna\u00eetre un \u00c9tat palestinien ce mois-ci \u00e0 l\u2019ONU.<\/p>\n<p>La Belgique, derni\u00e8re recrue \u00e0 date, est un bon exemple des <a target=\"_blank\" href=\"https:\/\/www.reuters.com\/en\/belgium-recognise-palestinian-state-un-general-assembly-2025-09-02\/\" target=\"_blank\" rel=\"noopener\" title=\"\">contorsions<\/a> auxquelles se livrent les dirigeants occidentaux pour emp\u00eacher tout changement significatif.<\/p>\n<p>Bruxelles conditionne sa reconnaissance \u00e0 la lib\u00e9ration par le Hamas du dernier prisonnier isra\u00e9lien et \u00e0 l\u2019engagement que le mouvement ne joue plus aucun r\u00f4le \u00e0 Gaza. En d\u2019autres termes, la Belgique a donn\u00e9 au Premier ministre isra\u00e9lien Benjamin Netanyahou, qui ne montre aucun signe de vouloir un <a target=\"_blank\" href=\"https:\/\/www.chroniquepalestine.com\/tag\/cessez-le-feu\" target=\"_blank\" rel=\"noopener\" title=\"\">cessez-le-feu<\/a>, un nouveau pr\u00e9texte pour opposer son <em>veto<\/em> \u00e0 la cr\u00e9ation d\u2019un \u00c9tat palestinien.<\/p>\n<p>Aucun des autres \u00c9tats qui s\u2019appr\u00eatent \u00e0 reconna\u00eetre la Palestine \u2013 parmi lesquels la <a target=\"_blank\" href=\"https:\/\/www.chroniquepalestine.com\/tag\/france\" target=\"_blank\" rel=\"noopener\" title=\"\">France<\/a>, le Royaume-Uni, l\u2019Australie et le <a target=\"_blank\" href=\"https:\/\/www.chroniquepalestine.com\/tag\/canada\" target=\"_blank\" rel=\"noopener\" title=\"\">Canada<\/a> \u2013 n\u2019a l\u2019intention de lui accorder une v\u00e9ritable souverainet\u00e9. Elle sera \u00abd\u00e9militaris\u00e9e\u00bb, c\u2019est-\u00e0-dire qu\u2019elle n\u2019aura ni arm\u00e9e ni force a\u00e9rienne pour prot\u00e9ger ses fronti\u00e8res, et continuera \u00e0 d\u00e9pendre enti\u00e8rement de la bonne volont\u00e9 d\u2019Isra\u00ebl pour le commerce et la libert\u00e9 de circulation.<\/p>\n<p>Une reconnaissance aussi symbolique profite \u00e0 ces pays, et non aux Palestiniens.<\/p>\n<p>\u00c0 la fin du mois dernier, le pr\u00e9sident fran\u00e7ais Emmanuel Macron a laiss\u00e9 \u00e9chapper cette information dans une lettre obs\u00e9quieuse \u00e0 Netanyahou. Il s\u2019est vant\u00e9 d\u2019avoir sap\u00e9 l\u2019antisionisme \u2013 l\u2019opposition \u00e0 l\u2019apartheid isra\u00e9lien et au r\u00e9gime g\u00e9nocidaire impos\u00e9 aux Palestiniens \u2013 en l\u2019assimilant \u00e0 de l\u2019antis\u00e9mitisme.<\/p>\n<p>Il a <a target=\"_blank\" href=\"https:\/\/archive.ph\/qRNVt%20\" target=\"_blank\" rel=\"noopener\" title=\"\">expliqu\u00e9<\/a> que l\u2019objectif de la reconnaissance d\u2019un \u00c9tat palestinien \u00abd\u00e9militaris\u00e9\u00bb et fictif \u00e9tait \u00ab<em>de transformer les gains militaires d\u2019Isra\u00ebl au niveau r\u00e9gional<\/em> [ses attaques et ses bombardements intensifs contre ses voisins] <em>en une victoire politique durable, b\u00e9n\u00e9fique pour sa s\u00e9curit\u00e9 et sa prosp\u00e9rit\u00e9<\/em>\u00bb.<\/p>\n<p>D\u2019autres avantages suppos\u00e9s seraient la \u00abnormalisation\u00bb d\u2019Isra\u00ebl, une fois qu\u2019il aurait assez terroris\u00e9 ses voisins pour qu\u2019ils se soumettent et signent les accords d\u2019Abraham de Trump, dont le but est d\u2019int\u00e9grer davantage Isra\u00ebl dans l\u2019\u00e9conomie de la r\u00e9gion.<\/p>\n<p>Pour l\u2019Occident, reconna\u00eetre la Palestine ne signifie pas faire progresser la souverainet\u00e9 palestinienne, ni m\u00eame mettre fin au g\u00e9nocide. Il s\u2019agit de pr\u00e9server le colonialisme occidental au Moyen-Orient dans le cadre du sionisme.<\/p>\n<h5 class=\"wp-block-heading\"><strong>Une force de protection de l\u2019ONU ?<\/strong><\/h5>\n<p>L\u2019hypocrisie atteint des sommets\u2026<\/p>\n<p>David Lammy, ancien ministre britannique des Affaires \u00e9trang\u00e8res, continue d\u2019une part de <a target=\"_blank\" href=\"https:\/\/x.com\/DavidLammy\/status\/1962802797159583871%20\" target=\"_blank\" rel=\"noopener\" title=\"\">tweeter<\/a> son indignation face \u00e0 la \u00abcrise humanitaire\u00bb provoqu\u00e9e par Isra\u00ebl qui engendre une famine \u00e0 Gaza, tout en ne faisant absolument rien pour y mettre fin. Sa successeure, Yvette Cooper, semble d\u00e9termin\u00e9e \u00e0 maintenir la m\u00eame approche hypocrite.<\/p>\n<p>Les dirigeants europ\u00e9ens <a target=\"_blank\" href=\"https:\/\/www.theguardian.com\/world\/2025\/aug\/29\/friday-briefing-why-are-palestinians-shut-out-of-post-war-plans-while-tony-blair-discusses-their-future%20\" target=\"_blank\" rel=\"noopener\" title=\"\">se demandent<\/a> comment r\u00e9agir face au double coup dur que repr\u00e9sente Isra\u00ebl, pr\u00eat \u00e0 envahir la ville de Gaza, \u00e0 expulser ou \u00e0 massacrer sa population affam\u00e9e, puis \u00e0 <a target=\"_blank\" href=\"https:\/\/www.timesofisrael.com\/smotrich-proposes-annexing-82-of-west-bank-in-bid-to-prevent-palestinian-state\/\" target=\"_blank\" rel=\"noopener\" title=\"\">annexer<\/a> la Cisjordanie. M\u00eame les chefs militaires isra\u00e9liens admettent que le pr\u00e9texte officiel pour envahir la ville de Gaza \u2013 \u00abvaincre\u00bb le Hamas \u2013 est une <a target=\"_blank\" href=\"https:\/\/www.haaretz.com\/israel-news\/2025-09-01\/ty-article\/.premium\/defense-chiefs-to-netanyahu-gaza-city-takeover-wont-defeat-hamas-push-for-limited-deal\/00000199-0535-d33d-a3bd-c57761290000%20\" target=\"_blank\" rel=\"noopener\" title=\"\">chim\u00e8re<\/a>.<\/p>\n<p>L\u2019annexion de la Cisjordanie par Isra\u00ebl an\u00e9antira tout espoir de voir \u00e9merger un \u00c9tat palestinien, m\u00eame \u00abd\u00e9militaris\u00e9\u00bb.<\/p>\n<p>La semaine derni\u00e8re, Lammy a une fois de plus <a target=\"_blank\" href=\"https:\/\/www.theguardian.com\/politics\/2025\/aug\/31\/uk-still-intends-to-recognise-a-palestinian-state-david-lammy-to-tell-mps\" target=\"_blank\" rel=\"noopener\" title=\"\">menti<\/a> en d\u00e9clarant : \u00ab<em>Le Royaume-Uni fait tout ce qu\u2019il peut pour am\u00e9liorer la situation<\/em>\u00bb.<\/p>\n<p>Lui et d\u2019autres dirigeants occidentaux pourraient prendre de nombreuses mesures concr\u00e8tes si la vie des Palestiniens leur importait davantage que le maintien du colonialisme occidental d\u00e9guis\u00e9 en sionisme.<\/p>\n<p>La Grande-Bretagne pourrait <a target=\"_blank\" href=\"https:\/\/caat.org.uk\/news\/new-figures-reveal-massive-increase-in-uk-arms-exports-to-israel-as-government-defends-f-35-exemption-in-court\/\" target=\"_blank\" rel=\"noopener\" title=\"\">cesser de vendre<\/a> des armes \u00e0 la machine de guerre g\u00e9nocidaire d\u2019Isra\u00ebl. Elle pourrait \u00e9galement mettre fin aux vols d\u2019espionnage depuis la base a\u00e9rienne britannique d\u2019Akrotiri \u00e0 Chypre, qui fournissent des <a target=\"_blank\" href=\"https:\/\/www.middleeasteye.net\/news\/starmer-visits-gaza-spy-planes-air-base\" target=\"_blank\" rel=\"noopener\" title=\"\">renseignements<\/a> \u00e0 l\u2019arm\u00e9e isra\u00e9lienne qui bombarde des h\u00f4pitaux, assassine des journalistes et affame les enfants.<\/p>\n<p>L\u2019Occident peut \u00e9galement prendre des mesures pour intervenir. Le gouvernement britannique pourrait envoyer des navires militaires charg\u00e9s de nourriture et de m\u00e9dicaments pour briser le si\u00e8ge isra\u00e9lien sur Gaza et aider les agences des Nations unies \u00e0 nourrir la population locale.<\/p>\n<p>Le Royaume-Uni pourrait mettre Isra\u00ebl au d\u00e9fi de l\u2019en emp\u00eacher.<\/p>\n<p>Mieux encore, la Grande-Bretagne et d\u2019autres \u00c9tats europ\u00e9ens pourraient soutenir un m\u00e9canisme \u00ab<a target=\"_blank\" href=\"https:\/\/www.chroniquepalestine.com\/moyens-dont-disposent-nations-unies-pour-stopper-genocide-gaza\/\" target=\"_blank\" rel=\"noopener\" title=\"\">Uniting for Peace<\/a>\u00bb (Unis pour la paix) \u00e0 l\u2019Assembl\u00e9e g\u00e9n\u00e9rale des Nations unies afin de passer outre le <em>veto<\/em> in\u00e9vitable des \u00c9tats-Unis et d\u2019<a target=\"_blank\" href=\"https:\/\/www.youtube.com\/watch?v=CpZzkVfWRIE\" target=\"_blank\" rel=\"noopener\" title=\"\">envoyer<\/a> une force de protection de l\u2019ONU \u00e0 Gaza.<\/p>\n<p>Une telle force de maintien de la paix pourrait garantir l\u2019aide humanitaire d\u2019urgence \u00e0 Gaza et r\u00e9pondre militairement \u00e0 toute tentative d\u2019ing\u00e9rence isra\u00e9lienne. Si cela semble ridiculement invraisemblable, c\u2019est uniquement parce que nous acceptons implicitement l\u2019id\u00e9e que l\u2019Occident ne demandera jamais des comptes \u00e0 son \u00c9tat client pr\u00e9f\u00e9r\u00e9 en utilisant le droit international.<\/p>\n<p>La question que nous refusons de poser est pourquoi.<\/p>\n<h5 class=\"wp-block-heading\"><strong>Le pr\u00e9c\u00e9dent britannique<\/strong><\/h5>\n<p>Une fois de plus, c\u2019est aux populations occidentales qu\u2019il revient de prendre la place de leurs gouvernements d\u00e9faillants.<\/p>\n<p>La semaine derni\u00e8re, une flottille de dizaines de navires humanitaires a quitt\u00e9 l\u2019Espagne pour Gaza. Parmi les passagers figurent la militante \u00e9cologiste Greta Thunberg, l\u2019acteur de \u00ab<em>Game of Thrones<\/em>\u00bb Liam Cunningham et le petit-fils de Nelson Mandela, Mandla Mandela.<\/p>\n<p>Isra\u00ebl a d\u00e9j\u00e0 <a target=\"_blank\" href=\"https:\/\/www.theguardian.com\/world\/2025\/jun\/10\/greta-thunberg-accuses-israel-of-kidnapping-yacht-crew-gaza\" target=\"_blank\" rel=\"noopener\" title=\"\">attaqu\u00e9<\/a> des flottilles dans les eaux internationales et kidnapp\u00e9 leurs passagers et leurs \u00e9quipages, pour les emmener en Isra\u00ebl et les expulser. Le navire de t\u00eate semble avoir \u00e9t\u00e9 touch\u00e9 par un drone alors qu\u2019il \u00e9tait au port en Tunisie lundi soir.<\/p>\n<p>Dans le m\u00eame temps, le ministre isra\u00e9lien de la S\u00e9curit\u00e9 d\u2019extr\u00eame droite, Itamar Ben Gvir, a <a target=\"_blank\" href=\"https:\/\/www.jpost.com\/israel-news\/article-865898\" target=\"_blank\" rel=\"noopener\" title=\"\">menac\u00e9<\/a> de mettre les participants \u00e0 la flottille dans des prisons \u00abr\u00e9serv\u00e9es aux terroristes\u00bb, et de bafouer leurs droits fondamentaux. Dans ces prisons, les Palestiniens, souvent d\u00e9tenus sans inculpation, sont syst\u00e9matiquement <a target=\"_blank\" href=\"https:\/\/www.ohchr.org\/en\/press-releases\/2024\/08\/israels-escalating-use-torture-against-palestinians-custody-preventable\" target=\"_blank\" rel=\"noopener\" title=\"\">battus, tortur\u00e9s<\/a> et victimes d\u2019abus sexuels.<\/p>\n<p>\u00ab<em>Apr\u00e8s plusieurs semaines pass\u00e9es en prison, ces partisans du terrorisme n\u2019auront plus envie d\u2019organiser une autre flottille<\/em>\u00bb, a-t-il <a target=\"_blank\" href=\"https:\/\/www.middleeasteye.net\/live-blog\/live-blog-update\/global-sumud-flotilla-its-way-join-boats-tunisia\" target=\"_blank\" rel=\"noopener\" title=\"\">d\u00e9clar\u00e9<\/a>.<\/p>\n<div class=\"wp-block-image\">\n<figure class=\"aligncenter size-full is-resized\"><a target=\"_blank\" href=\"https:\/\/i0.wp.com\/reseauinternational.net\/wp-content\/uploads\/2025\/09\/image-145.png?quality=100&amp;ssl=1\"><img data-recalc-dims=\"1\" decoding=\"async\" width=\"700\" height=\"478\" src=\"https:\/\/i0.wp.com\/reseauinternational.net\/wp-content\/uploads\/2025\/09\/image-145.png?resize=700%2C478&amp;quality=100&amp;ssl=1\" alt=\"\" class=\"wp-image-482665\" style=\"width:611px;height:auto\" loading=\"lazy\" srcset=\"https:\/\/i0.wp.com\/reseauinternational.net\/wp-content\/uploads\/2025\/09\/image-145.png?w=700&amp;quality=100&amp;ssl=1 700w, https:\/\/i0.wp.com\/reseauinternational.net\/wp-content\/uploads\/2025\/09\/image-145.png?resize=300%2C205&amp;quality=100&amp;ssl=1 300w\" sizes=\"auto, (max-width: 700px) 100vw, 700px\"\/><\/a><\/figure>\n<\/div>\n<p class=\"has-text-align-center\"><em>\u00abNe touchez pas aux enfants palestiniens !\u00bb Manifestation \u00e0 Londres en soutien aux Palestiniens, <\/em><br \/><em>le 30 mars 2018 \u2013 Photo : Forum palestinien en Grande-Bretagne<\/em><\/p>\n<p>Ben Gvir s\u2019est peut-\u00eatre inspir\u00e9 du pr\u00e9c\u00e9dent que le gouvernement Starmer a cr\u00e9\u00e9 en qualifiant d\u2019infraction terroriste toute action directe visant \u00e0 mettre fin au g\u00e9nocide.<\/p>\n<p>Ce qui est certain, c\u2019est que la Grande-Bretagne et les autres \u00c9tats europ\u00e9ens ne feront rien pour prot\u00e9ger leurs citoyens lorsqu\u2019ils seront ill\u00e9galement arr\u00eat\u00e9s dans les eaux internationales ou lorsqu\u2019ils seront emmen\u00e9s, pour avoir tent\u00e9 de nourrir des enfants affam\u00e9s, dans les prisons de l\u2019\u00c9tat qui les affame, sous l\u2019inculpation de terrorisme.<\/p>\n<p>Lorsqu\u2019on lui a demand\u00e9, lors de la s\u00e9ance des questions au Premier ministre, quelles protections le Royaume-Uni offrirait \u00e0 ses citoyens \u00e0 bord de la flottille, Starmer a cat\u00e9goriquement <a target=\"_blank\" href=\"https:\/\/x.com\/ScotNational\/status\/1963205622050034154\" target=\"_blank\" rel=\"noopener\" title=\"\">refus\u00e9<\/a> de r\u00e9pondre.<\/p>\n<h5 class=\"wp-block-heading\"><strong>L\u2019heure de v\u00e9rit\u00e9<\/strong><\/h5>\n<p>Le moment d\u00e9cisif est arriv\u00e9. Deux ans apr\u00e8s le d\u00e9but du g\u00e9nocide, alors qu\u2019Isra\u00ebl se pr\u00e9pare \u00e0 lancer une offensive finale sur la ville de Gaza pour expulser les Palestiniens affam\u00e9s de leur dernier bastion, les opinions publiques occidentales commencent \u00e0 prendre conscience de l\u2019horrible v\u00e9rit\u00e9 : leurs dirigeants ne viendront pas au secours des victimes de la barbarie isra\u00e9lienne.<\/p>\n<p>C\u2019est un moment de v\u00e9rit\u00e9 br\u00fblante. Ce n\u2019est pas seulement Isra\u00ebl et sa \u00abguerre\u00bb g\u00e9nocidaire qui doivent \u00eatre vaincus. C\u2019est le syst\u00e8me colonial hideux qui s\u2019est longtemps cach\u00e9 derri\u00e8re la fa\u00e7ade \u00abmorale\u00bb du sionisme.<\/p>\n<p>Les signes de l\u2019effondrement se multiplient.<\/p>\n<p>On les voit dans les plus de 1600 personnes qui ont \u00e9t\u00e9 arr\u00eat\u00e9s jusqu\u2019\u00e0 pr\u00e9sent au Royaume-Uni sur la base d\u2019accusations de terrorisme forg\u00e9es de toutes pi\u00e8ces.<\/p>\n<p>On les voit dans la <a target=\"_blank\" href=\"https:\/\/novaramedia.com\/2025\/09\/04\/police-officers-admit-they-feel-ashamed-enforcing-mad-palestine-action-ban\/%20\" target=\"_blank\" rel=\"noopener\" title=\"\">honte<\/a> qu\u2019on lit sur les visages des policiers envoy\u00e9s pour les arr\u00eater et des avocats du gouvernement qui doivent les inculper.<\/p>\n<p>On les voit chez l\u2019acteur populaire Hugh Bonneville, star des films Paddington, qui a <a target=\"_blank\" href=\"https:\/\/x.com\/Lorna_TVeditor\/status\/1963293924908290085\" target=\"_blank\" rel=\"noopener\" title=\"\">interrompu<\/a> une interview t\u00e9l\u00e9vis\u00e9e en direct sur son dernier film pour exiger que son gouvernement agisse afin de mettre fin \u00e0 l\u2019attaque contre la ville de Gaza.<\/p>\n<p>On les voit chez les personnes qui tout au long du parcours du <a target=\"_blank\" href=\"https:\/\/x.com\/leylahamed\/status\/1963578552084791525\" target=\"_blank\" rel=\"noopener\" title=\"\">Grand Tour<\/a> espagnol brandissent des poup\u00e9es repr\u00e9sentant des b\u00e9b\u00e9s morts en direction des cyclistes, dont une \u00e9quipe isra\u00e9lienne.<\/p>\n<p>On les voit dans la <a target=\"_blank\" href=\"https:\/\/www.youtube.com\/shorts\/iuYbt0DOSy4\" target=\"_blank\" rel=\"noopener\" title=\"\">manifestation<\/a> lors d\u2019un concert des Proms, diffus\u00e9e en direct sur la <em>BBC<\/em>, au cours de laquelle des manifestants juifs ont accus\u00e9 l\u2019Orchestre symphonique de Melbourne d\u2019avoir \u00ab<em>du sang sur les mains<\/em>\u00bb.<\/p>\n<p>On les voit au Royal Opera House, l\u00e2ch\u00e9 par ses propres membres apr\u00e8s que son directeur se soit battu sur sc\u00e8ne avec un artiste brandissant un <a target=\"_blank\" href=\"https:\/\/www.theguardian.com\/culture\/2025\/aug\/07\/royal-opera-house-director-oliver-mears-criticism-palestinian-flag-protest\" target=\"_blank\" rel=\"noopener\" title=\"\">drapeau<\/a> palestinien lors du salut final.<\/p>\n<p>On les voit chez les <a target=\"_blank\" href=\"https:\/\/novaramedia.com\/2025\/09\/02\/italian-dockworkers-threaten-to-shut-down-all-of-europe-if-gaza-aid-flotilla-is-blocked\/\" target=\"_blank\" rel=\"noopener\" title=\"\">dockers<\/a> italiens qui menacent de \u00abparalyser\u00bb tout le commerce europ\u00e9en si la flottille d\u2019aide \u00e0 Gaza est arr\u00eat\u00e9e.<\/p>\n<p>On les voit dans les <a target=\"_blank\" href=\"https:\/\/www.youtube.com\/watch?v=l5wXHT86IRA\" target=\"_blank\" rel=\"noopener\" title=\"\">23 minutes<\/a> d\u2019ovation debout \u2013 la plus longue jamais enregistr\u00e9e \u2013 apr\u00e8s la projection presse, au Festival du film de Venise, d\u2019un film sur le lent assassinat de Hind Rajab, une fillette de cinq ans \u00e0 Gaza, et sur celui de l\u2019\u00e9quipe d\u2019ambulanciers qui a tent\u00e9 de la sauver, par l\u2019arm\u00e9e isra\u00e9lienne.<\/p>\n<p>On les voit dans deux <a target=\"_blank\" href=\"https:\/\/x.com\/ChrisLynnHedges\/status\/1963653797441683638%20\" target=\"_blank\" rel=\"noopener\" title=\"\">v\u00e9t\u00e9rans<\/a> de l\u2019arm\u00e9e am\u00e9ricaine qui ont perturb\u00e9 une audience du S\u00e9nat sur les affaires \u00e9trang\u00e8res et ont \u00e9t\u00e9 tra\u00een\u00e9s dehors, tout en criant : \u00abVous \u00eates complices d\u2019un g\u00e9nocide !\u00bb<\/p>\n<p>On les voit dans le <a target=\"_blank\" href=\"https:\/\/www.theguardian.com\/world\/2025\/sep\/05\/uk-ignored-obligation-to-prevent-genocide-witnesses-tell-gaza-tribunal\" target=\"_blank\" rel=\"noopener\" title=\"\">tribunal<\/a> ind\u00e9pendant de Gaza qui s\u2019est tenu la semaine derni\u00e8re \u00e0 Londres, pr\u00e9sid\u00e9 par Corbyn, et qui a recueilli des t\u00e9moignages choquants d\u2019experts sur le g\u00e9nocide perp\u00e9tr\u00e9 par Isra\u00ebl \u00e0 Gaza et la complicit\u00e9 britannique.<\/p>\n<p>Ces actes d\u2019opposition, petits et grands, sont des signes que le noyau de la barbarie occidental commence \u00e0 se fissurer. Ils sont le signe que l\u2019autorit\u00e9 des syst\u00e8mes politiques et juridiques occidentaux se pervertit rapidement et se transforme en autoritarisme.<\/p>\n<p>Nous arrivons au moment de v\u00e9rit\u00e9. Et Gaza est le clairon qui sonne la charge.<\/p>\n<p>source : <a target=\"_blank\" href=\"https:\/\/www.middleeasteye.net\/opinion\/gaza-truth-about-western-colonialism-unmasked\" target=\"_blank\" rel=\"noopener\" title=\"\">Middle East Eye<\/a> via <a target=\"_blank\" href=\"https:\/\/www.chroniquepalestine.com\/gaza-a-mis-a-nu-le-colonialisme-occidental\" target=\"_blank\" rel=\"noopener\" title=\"\">Chronique de Palestine<\/a><\/p>\n<p><a target=\"_blank\" href=\"https:\/\/reseauinternational.net\/author\/domi\/\" target=\"_blank\" rel=\"noopener\" title=\"\">Dominique Muselet<\/a><\/p>\n<div class=\"sharedaddy sd-block sd-like jetpack-likes-widget-wrapper jetpack-likes-widget-unloaded\" id=\"like-post-wrapper-237719536-482655-68c892cd1e0ca\" data-src=\"https:\/\/widgets.wp.com\/likes\/?ver=15.0#blog_id=237719536&amp;post_id=482655&amp;origin=reseauinternational.net&amp;obj_id=237719536-482655-68c892cd1e0ca\" data-name=\"like-post-frame-237719536-482655-68c892cd1e0ca\" data-title=\"Aimer ou rebloguer\">\n<h3 class=\"sd-title\">J\u2019aime \u00e7a\u00a0:<\/h3>\n<p><span class=\"button\"><span>J\u2019aime<\/span><\/span> <span class=\"loading\">chargement\u2026<\/span><\/p>\n<p><span class=\"sd-text-color\"\/><a target=\"_blank\" class=\"sd-link-color\"\/><\/div>\n<p><meta itemscope=\"\" itemprop=\"mainEntityOfPage\" itemtype=\"https:\/\/schema.org\/WebPage\" itemid=\"https:\/\/reseauinternational.net\/gaza-a-mis-a-nu-le-colonialisme-occidental\/\"\/><meta itemprop=\"headline\" content=\"Gaza a mis \u00e0 nu le colonialisme occidental\"\/><span style=\"display: none;\" itemprop=\"author\" itemscope=\"\" itemtype=\"https:\/\/schema.org\/Person\"><meta itemprop=\"name\" content=\"R\u00e9seau International\"\/><\/span><span style=\"display: none;\" itemprop=\"image\" itemscope=\"\" itemtype=\"https:\/\/schema.org\/ImageObject\"><meta itemprop=\"url\" content=\"https:\/\/i0.wp.com\/reseauinternational.net\/wp-content\/uploads\/2025\/09\/Sans-titre-30-3.png?fit=800%2C467&amp;quality=100&amp;ssl=1\"\/><meta itemprop=\"width\" content=\"800\"\/><meta itemprop=\"height\" content=\"467\"\/><\/span><span style=\"display: none;\" itemprop=\"publisher\" itemscope=\"\" itemtype=\"https:\/\/schema.org\/Organization\"><span style=\"display: none;\" itemprop=\"logo\" itemscope=\"\" itemtype=\"https:\/\/schema.org\/ImageObject\"><meta itemprop=\"url\" content=\"https:\/\/reseauinternational.net\/wp-content\/uploads\/2022\/06\/Capture-de\u0301cran-2022-06-14-a\u0300-16.51.07.png\"\/><\/span><meta itemprop=\"name\" content=\"R\u00e9seau International\"\/><\/span><meta itemprop=\"datePublished\" content=\"2025-09-15T17:30:39+00:00\"\/><meta itemprop=\"dateModified\" content=\"2025-09-15T17:31:03+00:00\"\/><\/div>\n<p><br \/>\n<br \/><a href=\"https:\/\/reseauinternational.net\/gaza-a-mis-a-nu-le-colonialisme-occidental\/\" target=\"_blank\"\">Source link <\/a><\/p>\n","protected":false},"excerpt":{"rendered":"<p>Campagne de dons Septembre \u2013 Octobre 2025 Chers amis lecteurs, Nous faisons \u00e0 nouveau appel \u00e0 vous pour une nouvelle campagne de dons. Votre soutien nous est indispensable pour continuer&hellip; <\/p>\n","protected":false},"author":1,"featured_media":15955,"comment_status":"open","ping_status":"open","sticky":false,"template":"","format":"standard","meta":{"footnotes":""},"categories":[1],"tags":[],"class_list":["post-15954","post","type-post","status-publish","format-standard","has-post-thumbnail","hentry","category-non-classe"],"_links":{"self":[{"href":"https:\/\/monde25.info\/index.php\/wp-json\/wp\/v2\/posts\/15954","targetHints":{"allow":["GET"]}}],"collection":[{"href":"https:\/\/monde25.info\/index.php\/wp-json\/wp\/v2\/posts"}],"about":[{"href":"https:\/\/monde25.info\/index.php\/wp-json\/wp\/v2\/types\/post"}],"author":[{"embeddable":true,"href":"https:\/\/monde25.info\/index.php\/wp-json\/wp\/v2\/users\/1"}],"replies":[{"embeddable":true,"href":"https:\/\/monde25.info\/index.php\/wp-json\/wp\/v2\/comments?post=15954"}],"version-history":[{"count":0,"href":"https:\/\/monde25.info\/index.php\/wp-json\/wp\/v2\/posts\/15954\/revisions"}],"wp:featuredmedia":[{"embeddable":true,"href":"https:\/\/monde25.info\/index.php\/wp-json\/wp\/v2\/media\/15955"}],"wp:attachment":[{"href":"https:\/\/monde25.info\/index.php\/wp-json\/wp\/v2\/media?parent=15954"}],"wp:term":[{"taxonomy":"category","embeddable":true,"href":"https:\/\/monde25.info\/index.php\/wp-json\/wp\/v2\/categories?post=15954"},{"taxonomy":"post_tag","embeddable":true,"href":"https:\/\/monde25.info\/index.php\/wp-json\/wp\/v2\/tags?post=15954"}],"curies":[{"name":"wp","href":"https:\/\/api.w.org\/{rel}","templated":true}]}}