{"id":15956,"date":"2025-09-16T02:52:40","date_gmt":"2025-09-16T00:52:40","guid":{"rendered":"https:\/\/monde25.info\/index.php\/2025\/09\/16\/france-le-nouveau-premier-ministre-sous-le-feu-croise-des-oppositions-et-des-mouvements-sociaux\/"},"modified":"2025-09-16T02:52:40","modified_gmt":"2025-09-16T00:52:40","slug":"france-le-nouveau-premier-ministre-sous-le-feu-croise-des-oppositions-et-des-mouvements-sociaux","status":"publish","type":"post","link":"https:\/\/monde25.info\/index.php\/2025\/09\/16\/france-le-nouveau-premier-ministre-sous-le-feu-croise-des-oppositions-et-des-mouvements-sociaux\/","title":{"rendered":"France : le nouveau Premier ministre sous le feu crois\u00e9 des oppositions et des mouvements sociaux"},"content":{"rendered":"<p> <br \/>\n<\/p>\n<div>\n<p>Revendiquant des \u00ab\u00a0ruptures\u00a0\u00bb dans la politique gouvernementale, le nouveau Premier ministre fran\u00e7ais S\u00e9bastien Lecornu, nomm\u00e9 mardi, se retrouve n\u00e9anmoins sous les pressions conjugu\u00e9es des oppositions, des mouvements sociaux, jusqu&rsquo;aux agriculteurs et m\u00eame aux patrons qui menacent de se mobiliser.<\/p>\n<p>Comme preuve de sa bonne volont\u00e9, le chef du gouvernement a annonc\u00e9 samedi l&rsquo;abandon de la suppression de deux jours f\u00e9ri\u00e9s, d\u00e9cri\u00e9e par les Fran\u00e7ais. Il a \u00e9galement tendu la main \u00e0 la gauche, hors La France insoumise (LFI), ce que n&rsquo;avait pas fait son pr\u00e9d\u00e9cesseur Fran\u00e7ois Bayrou.<\/p>\n<p>Mais pour des raisons souvent contraires, ce sont des menaces de blocages, sur le terrain politique ou social, ou des avertissements qui ont d\u00e9ferl\u00e9 dimanche.<\/p>\n<p>Le Parti socialiste, qui sera crucial pour la survie du gouvernement et avec qui le Premier ministre souhaite engager une discussion \u00ab\u00a0moderne et franche\u00a0\u00bb sur le budget 2026, point d&rsquo;achoppement des deux pr\u00e9c\u00e9dents gouvernements, a rappel\u00e9 ses lignes rouges.<\/p>\n<p>\u00ab\u00a0Si le Premier ministre souhaite demeurer en poste, il doit comprendre qu&rsquo;il y a une soif de changement dans le pays (&#8230;). La rupture, c&rsquo;est suspendre la r\u00e9forme des retraites, c&rsquo;est permettre l&rsquo;augmentation des salaires\u00a0\u00bb, a rappel\u00e9 le d\u00e9put\u00e9 socialiste Philippe Brun.<\/p>\n<p>Les socialistes demandent la mise en \u0153uvre en France de la taxe sur les plus hauts patrimoines \u00e9labor\u00e9e par l&rsquo;\u00e9conomiste Gabriel Zucman. Ce \u00e0 quoi S\u00e9bastien Lecornu a d\u00e9j\u00e0 r\u00e9pondu : \u00ab\u00a0Attention n\u00e9anmoins au patrimoine professionnel, car c&rsquo;est ce qui permet de cr\u00e9er des emplois.\u00a0\u00bb<\/p>\n<p>Le patronat, de son c\u00f4t\u00e9, a averti d\u00e8s samedi soir que le gouvernement ferait face \u00e0 \u00ab\u00a0une grande mobilisation patronale\u00a0\u00bb si les imp\u00f4ts sur les soci\u00e9t\u00e9s augmentaient.<\/p>\n<p>S\u00e9bastien Lecornu compte pourtant sur les partenaires sociaux pour trouver par la n\u00e9gociation des \u00e9conomies suppl\u00e9mentaires, et compenser l&rsquo;abandon de la mesure sur les jours f\u00e9ri\u00e9s, qui devait rapporter 4,2 milliards d&rsquo;euros au budget 2026.<\/p>\n<p>Sans majorit\u00e9 \u00e0 l&rsquo;Assembl\u00e9e, le nouveau Premier ministre devra cet automne esp\u00e9rer la non-censure des socialistes ou du Rassemblement national (RN) pour se maintenir. Mais il a clairement indiqu\u00e9 que c&rsquo;est vers la gauche qu&rsquo;il se tournerait d&rsquo;abord.<\/p>\n<p>Les syndicats pr\u00e9parent, eux, leur mobilisation de jeudi prochain, qui devrait entra\u00eener des gr\u00e8ves dans plusieurs secteurs, et se voudrait plus massive que la journ\u00e9e de blocage du 10 septembre.<\/p>\n<p>\u00ab\u00a0Nous voulons battre le fer pendant qu&rsquo;il est chaud\u00a0\u00bb, a dit \u00e0 l&rsquo;AFP la secr\u00e9taire g\u00e9n\u00e9rale de la CGT, Sophie Binet.<\/p>\n<p>Et dimanche, ce sont les agriculteurs qui ont ajout\u00e9 leurs voix aux tensions\u00a0: \u00ab\u00a0une grande journ\u00e9e d&rsquo;action\u00a0\u00bb aura ainsi lieu le 26 septembre, pour protester contre le Mercosur, les taxes impos\u00e9es par Donald Trump et les importations de produits ne respectant pas les normes fran\u00e7aises.<\/p>\n<\/div>\n<p><script>(function(d, s, id) {  var js, fjs = d.getElementsByTagName(s)[0];  if (d.getElementById(id)) return;  js = d.createElement(s); js.id = id;  js.src = \"\/\/connect.facebook.net\/fr_FR\/sdk.js#xfbml=1&version=v2.3\";  fjs.parentNode.insertBefore(js, fjs);}(document, \"script\", \"facebook-jssdk\"));<\/script><br \/>\n<br \/><br \/>\n<br \/><a href=\"https:\/\/www.francesoir.fr\/politique-france\/france-le-nouveau-premier-ministre-sous-le-feu-croise-des-oppositions-et-des\" target=\"_blank\"\">Source link <\/a><\/p>\n","protected":false},"excerpt":{"rendered":"<p>Revendiquant des \u00ab\u00a0ruptures\u00a0\u00bb dans la politique gouvernementale, le nouveau Premier ministre fran\u00e7ais S\u00e9bastien Lecornu, nomm\u00e9 mardi, se retrouve n\u00e9anmoins sous les pressions conjugu\u00e9es des oppositions, des mouvements sociaux, jusqu&rsquo;aux agriculteurs&hellip; <\/p>\n","protected":false},"author":1,"featured_media":15957,"comment_status":"open","ping_status":"open","sticky":false,"template":"","format":"standard","meta":{"footnotes":""},"categories":[1],"tags":[],"class_list":["post-15956","post","type-post","status-publish","format-standard","has-post-thumbnail","hentry","category-non-classe"],"_links":{"self":[{"href":"https:\/\/monde25.info\/index.php\/wp-json\/wp\/v2\/posts\/15956","targetHints":{"allow":["GET"]}}],"collection":[{"href":"https:\/\/monde25.info\/index.php\/wp-json\/wp\/v2\/posts"}],"about":[{"href":"https:\/\/monde25.info\/index.php\/wp-json\/wp\/v2\/types\/post"}],"author":[{"embeddable":true,"href":"https:\/\/monde25.info\/index.php\/wp-json\/wp\/v2\/users\/1"}],"replies":[{"embeddable":true,"href":"https:\/\/monde25.info\/index.php\/wp-json\/wp\/v2\/comments?post=15956"}],"version-history":[{"count":0,"href":"https:\/\/monde25.info\/index.php\/wp-json\/wp\/v2\/posts\/15956\/revisions"}],"wp:featuredmedia":[{"embeddable":true,"href":"https:\/\/monde25.info\/index.php\/wp-json\/wp\/v2\/media\/15957"}],"wp:attachment":[{"href":"https:\/\/monde25.info\/index.php\/wp-json\/wp\/v2\/media?parent=15956"}],"wp:term":[{"taxonomy":"category","embeddable":true,"href":"https:\/\/monde25.info\/index.php\/wp-json\/wp\/v2\/categories?post=15956"},{"taxonomy":"post_tag","embeddable":true,"href":"https:\/\/monde25.info\/index.php\/wp-json\/wp\/v2\/tags?post=15956"}],"curies":[{"name":"wp","href":"https:\/\/api.w.org\/{rel}","templated":true}]}}