{"id":15958,"date":"2025-09-16T03:25:38","date_gmt":"2025-09-16T01:25:38","guid":{"rendered":"https:\/\/monde25.info\/index.php\/2025\/09\/16\/en-france-des-deputes-appellent-le-gouvernement-a-proteger-davantage-les-influenceurs-et-lanceurs-dalerte-de-droite-rt-en-francais\/"},"modified":"2025-09-16T03:25:38","modified_gmt":"2025-09-16T01:25:38","slug":"en-france-des-deputes-appellent-le-gouvernement-a-proteger-davantage-les-influenceurs-et-lanceurs-dalerte-de-droite-rt-en-francais","status":"publish","type":"post","link":"https:\/\/monde25.info\/index.php\/2025\/09\/16\/en-france-des-deputes-appellent-le-gouvernement-a-proteger-davantage-les-influenceurs-et-lanceurs-dalerte-de-droite-rt-en-francais\/","title":{"rendered":"en France, des d\u00e9put\u00e9s appellent le gouvernement \u00e0 prot\u00e9ger davantage les influenceurs et lanceurs d&rsquo;alerte de droite \u2014 RT en fran\u00e7ais"},"content":{"rendered":"<p> <br \/>\n<br \/><img decoding=\"async\" src=\"https:\/\/mf.b37mrtl.ru\/french\/images\/2025.09\/thumbnail\/68c845de6f7ccc3f90712b79.jpg\" \/><\/p>\n<div>\n<p class=\"text__summary\">\n                                        Apr\u00e8s l\u2019assassinat aux \u00c9tats-Unis de l\u2019influenceur conservateur Charlie Kirk, les trois d\u00e9put\u00e9s fran\u00e7ais du parti Identit\u00e9-Libert\u00e9s ont adress\u00e9 un courrier au ministre de l\u2019Int\u00e9rieur d\u00e9missionnaire, Bruno Retailleau, l&rsquo;enjoignant d\u2019allouer davantage de moyens \u00e0 la protection des \u00ablanceurs d\u2019alerte de droite\u00bb.\n                                    <\/p>\n<p>\u00ab Apr\u00e8s l\u2019assassinat de Charlie Kirk, les lanceurs d\u2019alerte de droite sont menac\u00e9s \u00bb, a post\u00e9 ce 15 septembre sur X le d\u00e9put\u00e9 de l\u2019Aisne Eddy Casterman, porte-parole d\u2019Identit\u00e9-Libert\u00e9s (IDL), le parti cr\u00e9\u00e9 et pr\u00e9sid\u00e9 par Marion Mar\u00e9chal. \u00c0 son message, il a joint la copie d\u2019<a target=\"_blank\" href=\"https:\/\/x.com\/EddyCasterman\/status\/1967611915217125612\">un courrier<\/a> dat\u00e9 du 14 septembre et adress\u00e9 \u00e0 Bruno Retailleau, ministre de l\u2019Int\u00e9rieur d\u00e9missionnaire.<\/p>\n<p>Dans celui-ci, il met en garde, avec les autres d\u00e9put\u00e9s IDL \u00e0 l\u2019Assembl\u00e9e nationale \u2013 Anne Sicard (Val-d\u2019Oise) et Thibaut Monnier (Dr\u00f4me) \u2013 contre le risque de voir survenir en France un assassinat similaire \u00e0 celui de Charlie Kirk, abattu le 10 septembre par un tireur alors qu\u2019il d\u00e9battait devant plusieurs milliers d\u2019\u00e9tudiants sur un campus de l\u2019Utah.<\/p>\n<p data-start=\"1531\" data-end=\"1914\">Un drame qui, soulignent-ils, est \u00ab loin de susciter un \u00e9lan de compassion voltairien \u00bb, mais \u00ab ravive le brasier de haine qui couvait dans les mouvances islamistes, antifa et transactivistes \u00bb. Dans leur lettre, ils enjoignent le locataire de la Place Beauvau \u00e0 prot\u00e9ger \u00ab tous ceux qui risquent leur vie pour faire vivre un pilier de notre d\u00e9mocratie : la libert\u00e9 d\u2019expression \u00bb.<\/p>\n<p data-start=\"1916\" data-end=\"2429\">Citant notamment les noms de Dora Moutot et Marguerite Stern, cibles de \u00ab menaces de mort publi\u00e9es sur un site internet antifa \u00bb ainsi que de \u00ab militants transactivistes particuli\u00e8rement virulents \u00bb, de l\u2019influenceur Damien Rieu qui \u00ab re\u00e7oit [\u2026] des appels au meurtre de Daesh \u00bb ou encore de l\u2019essayiste et ancien patron du Front national de la jeunesse Julien Rochedy, qui \u00ab indique ne m\u00eame plus faire attention aux centaines de menaces de mort dont il est l\u2019objet \u00bb, les trois d\u00e9put\u00e9s r\u00e9clament trois mesures.<\/p>\n<h3>R\u00e9forme de la protection polici\u00e8re et port d\u2019arme<\/h3>\n<p data-start=\"2431\" data-end=\"2776\">En premier lieu, ils appellent \u00e0 \u00ab une r\u00e9\u00e9valuation de la menace par l\u2019Uclat \u00bb, l\u2019Unit\u00e9 de coordination de la lutte antiterroriste \u00e9tant un organisme dont l\u2019\u00e9valuation peut d\u00e9clencher ou ajuster des mesures de protection en faveur de potentielles cibles du terrorisme ou de l&rsquo;extr\u00e9misme.<\/p>\n<p data-start=\"2778\" data-end=\"3133\">\u00ab Parmi les personnalit\u00e9s cit\u00e9es, certaines ont d\u00e9j\u00e0 sollicit\u00e9 une protection aupr\u00e8s de l\u2019Uclat \u00bb, ont soulign\u00e9 les d\u00e9put\u00e9s. \u00ab \u00c0 ce jour, alors qu\u2019elles sont particuli\u00e8rement expos\u00e9es \u00e0 un risque d\u2019atteinte \u00e0 leur vie, aucune d\u2019entre elles ne fait l\u2019objet d\u2019une protection de la sous-direction de la protection des personnes (SDLP) \u00bb, ont-ils poursuivi.<\/p>\n<p>Une SDLP que, rappellent les trois signataires dans leur deuxi\u00e8me point, Bruno Retailleau <a target=\"_blank\" href=\"https:\/\/www.leparisien.fr\/faits-divers\/bruno-retailleau-sattaque-a-la-gabegie-de-la-protection-policiere-danciens-ministres-30-11-2024-HXSMEAFWNBEZTKUGN6CZUOK7M4.php\">avait propos\u00e9<\/a>\u00a0\u00e0 Michel Barnier de reformer \u2013 lorsqu\u2019il \u00e9tait Premier ministre. L\u2019actuel patron des R\u00e9publicains avait ainsi, \u00e0 l\u2019automne, sugg\u00e9r\u00e9 de trancher dans la protection polici\u00e8re allou\u00e9e \u00e0 d\u2019anciens membres du gouvernement et \u00e0 des personnalit\u00e9s politiques n\u2019apparaissant plus en public.<\/p>\n<p>Une \u00ab r\u00e9forme salutaire \u00bb qui \u00ab doit s\u2019accompagner d\u2019un r\u00e9emploi des moyens humains et financiers au b\u00e9n\u00e9fice de la protection des personnalit\u00e9s particuli\u00e8rement cibl\u00e9es par les mouvances islamistes, antifa et transactivistes \u00bb, insistent les d\u00e9put\u00e9s IDL. Ceux-ci sugg\u00e8rent en dernier lieu \u00e0 Bruno Retailleau, en invoquant le Code de la s\u00e9curit\u00e9 int\u00e9rieure, d\u2019\u00ab autoriser le port d\u2019une arme de poing et d\u2019octroyer un moyen de protection et de riposte en cas de tentative de meurtre \u00bb.<\/p>\n<\/div>\n<p><br \/>\n<br \/><a href=\"https:\/\/francais.rt.com\/france\/125293-assassinat-charlie-kirk-france-deputes\" target=\"_blank\"\">Source link <\/a><\/p>\n","protected":false},"excerpt":{"rendered":"<p>Apr\u00e8s l\u2019assassinat aux \u00c9tats-Unis de l\u2019influenceur conservateur Charlie Kirk, les trois d\u00e9put\u00e9s fran\u00e7ais du parti Identit\u00e9-Libert\u00e9s ont adress\u00e9 un courrier au ministre de l\u2019Int\u00e9rieur d\u00e9missionnaire, Bruno Retailleau, l&rsquo;enjoignant d\u2019allouer davantage&hellip; <\/p>\n","protected":false},"author":1,"featured_media":15959,"comment_status":"open","ping_status":"open","sticky":false,"template":"","format":"standard","meta":{"footnotes":""},"categories":[1],"tags":[],"class_list":["post-15958","post","type-post","status-publish","format-standard","has-post-thumbnail","hentry","category-non-classe"],"_links":{"self":[{"href":"https:\/\/monde25.info\/index.php\/wp-json\/wp\/v2\/posts\/15958","targetHints":{"allow":["GET"]}}],"collection":[{"href":"https:\/\/monde25.info\/index.php\/wp-json\/wp\/v2\/posts"}],"about":[{"href":"https:\/\/monde25.info\/index.php\/wp-json\/wp\/v2\/types\/post"}],"author":[{"embeddable":true,"href":"https:\/\/monde25.info\/index.php\/wp-json\/wp\/v2\/users\/1"}],"replies":[{"embeddable":true,"href":"https:\/\/monde25.info\/index.php\/wp-json\/wp\/v2\/comments?post=15958"}],"version-history":[{"count":0,"href":"https:\/\/monde25.info\/index.php\/wp-json\/wp\/v2\/posts\/15958\/revisions"}],"wp:featuredmedia":[{"embeddable":true,"href":"https:\/\/monde25.info\/index.php\/wp-json\/wp\/v2\/media\/15959"}],"wp:attachment":[{"href":"https:\/\/monde25.info\/index.php\/wp-json\/wp\/v2\/media?parent=15958"}],"wp:term":[{"taxonomy":"category","embeddable":true,"href":"https:\/\/monde25.info\/index.php\/wp-json\/wp\/v2\/categories?post=15958"},{"taxonomy":"post_tag","embeddable":true,"href":"https:\/\/monde25.info\/index.php\/wp-json\/wp\/v2\/tags?post=15958"}],"curies":[{"name":"wp","href":"https:\/\/api.w.org\/{rel}","templated":true}]}}