{"id":15964,"date":"2025-09-16T06:43:36","date_gmt":"2025-09-16T04:43:36","guid":{"rendered":"https:\/\/monde25.info\/index.php\/2025\/09\/16\/secheresses-canicules-et-inondations-de-lete-ont-coute-plus-de-43-milliards-deuros-a-leurope\/"},"modified":"2025-09-16T06:43:36","modified_gmt":"2025-09-16T04:43:36","slug":"secheresses-canicules-et-inondations-de-lete-ont-coute-plus-de-43-milliards-deuros-a-leurope","status":"publish","type":"post","link":"https:\/\/monde25.info\/index.php\/2025\/09\/16\/secheresses-canicules-et-inondations-de-lete-ont-coute-plus-de-43-milliards-deuros-a-leurope\/","title":{"rendered":"S\u00e9cheresses, canicules et inondations de l&#039;\u00e9t\u00e9 ont co\u00fbt\u00e9 plus de 43 milliards d&#039;euros \u00e0 l&#039;Europe"},"content":{"rendered":"<p> <br \/>\n<br \/><img loading=\"lazy\" decoding=\"async\" src=\"https:\/\/reporterre.net\/local\/cache-vignettes\/L700xH467\/secsecsec-ac916.jpg?1757943623\" class=\"spip_logo\" width=\"700\" height=\"467\" alt=\"\" \/><\/p>\n<p>Le montant est colossal et ce n&rsquo;est que le d\u00e9but. Les vagues de chaleur, s\u00e9cheresses et inondations qui ont frapp\u00e9 l&rsquo;\u00e9t\u00e9 2025 ont engendr\u00e9 43\u00a0milliards d&rsquo;euros de pertes pour l&rsquo;\u00e9conomie europ\u00e9enne, selon une \u00e9tude de l&rsquo;universit\u00e9 de Mannheim en Allemagne, avec deux co-auteurs de la Banque centrale europ\u00e9enne. <br class=\"autobr\" \/><br \/>\nDans le d\u00e9tail, l&rsquo;Italie puis l&rsquo;Espagne et la France sont les plus touch\u00e9s, chacun faisant face \u00e0 des pertes sup\u00e9rieures \u00e0 10\u00a0milliards d&rsquo;euros pour cette ann\u00e9e et 34\u00a0milliards d&rsquo;ici\u00a0(\u2026)<\/p>\n<p>                    <a target=\"_blank\" href=\"https:\/\/reporterre.net\/Secheresses-canicules-et-inondations-de-l-ete-ont-coute-plus-de-43-milliards-d-euros-a-l?utm_source=RSS&amp;utm_medium=RSS\">Lire la suite<\/a><\/p>\n<p>                    &#8211;<br \/>\n                        <a target=\"_blank\" href=\"https:\/\/reporterre.net\/Breves-20\" rel=\"directory\">En bref<\/a><\/p>\n<p>                    \/<br \/>\n                        <a target=\"_blank\" href=\"https:\/\/reporterre.net\/Climat-18\" rel=\"tag\">Climat <\/a><br \/>\n                    ,<br \/>\n                        <a target=\"_blank\" href=\"https:\/\/reporterre.net\/Economie\" rel=\"tag\">\u00c9conomie<\/a><br \/>\n<br \/><br \/>\n<br \/><a href=\"https:\/\/reporterre.net\/Secheresses-canicules-et-inondations-de-l-ete-ont-coute-plus-de-43-milliards-d-euros-a-l\" target=\"_blank\"\">Source link <\/a><\/p>\n","protected":false},"excerpt":{"rendered":"<p>Le montant est colossal et ce n&rsquo;est que le d\u00e9but. Les vagues de chaleur, s\u00e9cheresses et inondations qui ont frapp\u00e9 l&rsquo;\u00e9t\u00e9 2025 ont engendr\u00e9 43\u00a0milliards d&rsquo;euros de pertes pour l&rsquo;\u00e9conomie&hellip; <\/p>\n","protected":false},"author":1,"featured_media":0,"comment_status":"open","ping_status":"open","sticky":false,"template":"","format":"standard","meta":{"footnotes":""},"categories":[1],"tags":[],"class_list":["post-15964","post","type-post","status-publish","format-standard","hentry","category-non-classe"],"_links":{"self":[{"href":"https:\/\/monde25.info\/index.php\/wp-json\/wp\/v2\/posts\/15964","targetHints":{"allow":["GET"]}}],"collection":[{"href":"https:\/\/monde25.info\/index.php\/wp-json\/wp\/v2\/posts"}],"about":[{"href":"https:\/\/monde25.info\/index.php\/wp-json\/wp\/v2\/types\/post"}],"author":[{"embeddable":true,"href":"https:\/\/monde25.info\/index.php\/wp-json\/wp\/v2\/users\/1"}],"replies":[{"embeddable":true,"href":"https:\/\/monde25.info\/index.php\/wp-json\/wp\/v2\/comments?post=15964"}],"version-history":[{"count":0,"href":"https:\/\/monde25.info\/index.php\/wp-json\/wp\/v2\/posts\/15964\/revisions"}],"wp:attachment":[{"href":"https:\/\/monde25.info\/index.php\/wp-json\/wp\/v2\/media?parent=15964"}],"wp:term":[{"taxonomy":"category","embeddable":true,"href":"https:\/\/monde25.info\/index.php\/wp-json\/wp\/v2\/categories?post=15964"},{"taxonomy":"post_tag","embeddable":true,"href":"https:\/\/monde25.info\/index.php\/wp-json\/wp\/v2\/tags?post=15964"}],"curies":[{"name":"wp","href":"https:\/\/api.w.org\/{rel}","templated":true}]}}