{"id":15965,"date":"2025-09-16T07:16:56","date_gmt":"2025-09-16T05:16:56","guid":{"rendered":"https:\/\/monde25.info\/index.php\/2025\/09\/16\/la-barbarie-messianique-de-loccident\/"},"modified":"2025-09-16T07:16:56","modified_gmt":"2025-09-16T05:16:56","slug":"la-barbarie-messianique-de-loccident","status":"publish","type":"post","link":"https:\/\/monde25.info\/index.php\/2025\/09\/16\/la-barbarie-messianique-de-loccident\/","title":{"rendered":"La barbarie messianique de l\u2019Occident"},"content":{"rendered":"<p> <br \/>\n<\/p>\n<div>\n<ol class=\"campaign-loop campaign-list\">\n<li id=\"campaign-482494\" class=\"post-482494 campaign type-campaign status-publish hentry campaign-has-goal campaign-has-not-achieved-goal campaign-has-end-date campaign-has-not-ended\">\n\t<a target=\"_blank\" href=\"https:\/\/reseauinternational.net\/campaigns\/campagne-de-dons-septembre-octobre-2025\/\"><\/p>\n<h3>Campagne de dons  Septembre \u2013 Octobre 2025<\/h3>\n<p>\t\t\t<\/a><\/p>\n<p>\n\tChers amis lecteurs, Nous faisons \u00e0 nouveau appel \u00e0 vous pour une nouvelle campagne de dons. Votre soutien nous est indispensable pour continuer \u00e0 vous fournir le meilleur de l\u2019information internationale alternative. C\u2019est gr\u00e2ce \u00e0 vos dons que nous pourrons maintenir le cap pour une information plurielle et r\u00e9ellement alternative. Nous comptons sur vous.<\/p>\n<p>\n<span class=\"amount\">75,00\u00a0\u20ac<\/span> de l\u2019objectif de <span class=\"goal-amount\">25 000,00\u00a0\u20ac<\/span> atteint<\/p>\n<\/li>\n<\/ol>\n<p>par <strong>Dominique Muselet<\/strong><\/p>\n<p>\u00ab<em>En un mot, le futur est relatif \u00e0 ce qui va, l\u2019avenir \u00e0 ce qui vient, et il faut que ce qui va soit ouvert \u00e0 ce qui vient, sous peine d\u2019une vie qui meurt en se fixant dans un programme. Cette subordination du futur \u00e0 l\u2019avenir marque aussi la sup\u00e9riorit\u00e9 et plus encore la surprise de l\u2019avenir par rapport au futur<\/em>\u00bb. ~ Fabrice Hadjaj<\/p>\n<p>Le site <em><a target=\"_blank\" href=\"https:\/\/www.dedefensa.org\/section\/les-carnets-de-peiman-salehi\" target=\"_blank\" rel=\"noopener\" title=\"\">Dedefensa<\/a><\/em> de Philippe Grasset, que je consulte r\u00e9guli\u00e8rement depuis plus d\u2019une d\u00e9cennie, s\u2019est sp\u00e9cialis\u00e9 dans le messianisme qui a infus\u00e9 la culture occidentale sous influence \u00e9tasuno-isra\u00e9lienne. Au d\u00e9but je lisais, avec un certain d\u00e9tachement et un peu d\u2019incr\u00e9dulit\u00e9 amus\u00e9e, toutes ses pr\u00e9dictions sur la \u00abgrande crise\u00bb dont il craignait le d\u00e9cha\u00eenement tout en l\u2019appelant de ses v\u0153ux, car il voyait, et voit toujours, dans cette apocalypse la seule mani\u00e8re de se d\u00e9barrasser du syst\u00e8me \u00abam\u00e9ricaniste-occidentaliste\u00bb mondialiste qui pervertit et d\u00e9truit tout ce qu\u2019il y a d\u2019humain dans l\u2019homme, de vivant sur la plan\u00e8te et de beau et de bon partout o\u00f9 il en reste.<\/p>\n<p>Un syst\u00e8me mortif\u00e8re qu\u2019Andrea Zhok d\u00e9crit, en ces termes, dans \u00ab<a target=\"_blank\" href=\"https:\/\/www.dedefensa.org\/article\/de-la-surpuissance-a-lautodestruction\" target=\"_blank\" rel=\"noopener\" title=\"\"><em>L\u2019\u00e9chec historique des d\u00e9mocraties lib\u00e9rales<\/em><\/a>\u00bb : \u00ab<em>L\u2019\u00e9go\u00efsme individualiste promu par le lib\u00e9ralisme a produit des repr\u00e9sentants autor\u00e9f\u00e9rentiels, la privatisation des profits et l\u2019impuissance des peuples, du krach subprime au g\u00e9nocide palestinien d\u00e9lib\u00e9r\u00e9ment ignor\u00e9 par les m\u00e9dias dominants. La volont\u00e9 populaire est vid\u00e9e de son sens, tandis que les m\u00e9dias et les institutions r\u00e9priment toute dissidence. Un syst\u00e8me oligarchique d\u00e9guis\u00e9 se consolide<\/em>\u00bb.<\/p>\n<p>Pour Philippe Grasset, nous assistons au combat titanesque entre les mondialistes, dont toute l\u2019ambition est d\u2019exploiter l\u2019homme et la nature pour enrichir une caste d\u00e9tenant tous les pouvoirs (car la richesse et le pouvoir vont ensemble dans la soci\u00e9t\u00e9 capitaliste), et les souverainistes qui veulent revenir aux nations, aux traditions, \u00e0 la pluralit\u00e9, \u00e0 l\u2019\u00e9quit\u00e9, \u00e0 la concertation, au respect, bref aux valeurs pr\u00f4n\u00e9es depuis les temps imm\u00e9moriaux par toutes les spiritualit\u00e9s, mais rejet\u00e9es, pour ne pas dire invers\u00e9es, par la modernit\u00e9 am\u00e9ricaniste. Et maintenant qu\u2019appara\u00eet au grand jour le messianisme des \u00e9lites occidentales totalement impr\u00e9gn\u00e9es de l\u2019id\u00e9ologie am\u00e9ricano-sioniste de l\u2019Armageddon avec l\u2019\u00e9radication totale d\u2019Amalek (tous ceux qui les d\u00e9rangent) et dont le fer de lance est leur proxy isra\u00e9lien, je me rends compte qu\u2019il avait raison depuis le d\u00e9but. M\u00eame l\u2019insipide, veule et impuissant couple Macron\/Lecornu veut participer \u00e0 l\u2019orgie eschatologique. Faire couler le sang d\u2019Amalek (tous ceux qui s\u2019opposent \u00e0 leur dictature) est devenu toute leur ambition\u2026<\/p>\n<p>Dans <a target=\"_blank\" href=\"https:\/\/www.dedefensa.org\/article\/du-qatar-a-la-pologne-et-a-lassassiunat\" target=\"_blank\" rel=\"noopener\" title=\"\">un de ses derniers articles<\/a>, Philippe Grasset fait le lien entre trois r\u00e9cents \u00e9v\u00e9nements \u00ab<em>g\u00e9n\u00e9ralement tragiques, dont l\u2019un un peu bouffe, mais trois \u00e9v\u00e9nements qui doivent \u00eatre fondus en un\u00a0seul pour leur signification m\u00e9tahistorique. Bien entendu, ces trois \u00e9v\u00e9nements avec les constats et hypoth\u00e8ses qu\u2019ils suscitent :<\/em><\/p>\n<p><em>\u2022\u00a0L\u2019attaque du Qatar <\/em>(pour assassiner les leaders du Hamas) <em>qui marque la folie et la cruaut\u00e9 sans limites de la direction isra\u00e9lienne, de la secte extr\u00e9miste juive r\u00e9unie autour de Netanyahou ;<\/em><\/p>\n<p><em>\u2022\u00a0L<\/em>\u2019\u00ab<em>attaque<\/em>\u00bb<em> de drones russo-z\u00e9lenkistes <\/em>(en Pologne),<em> qui fleure bon du fumet habituel du MI6 britannique. Ce service, encore plus que la CIA, poursuit m\u00e9caniquement sa production de coups fourr\u00e9s et de \u00abfalse flag\u00bb ;<\/em><\/p>\n<p><em>\u2022\u00a0L\u2019assassinat de Kirk (<\/em>probablement par <a target=\"_blank\" href=\"https:\/\/reseauinternational.net\/article-explosif-du-greyzone-sur-lassassinat-de-charlie-kirk\/\" target=\"_blank\" rel=\"noopener\" title=\"\">Netanyahou and Co<\/a> qui n\u2019ont pas appr\u00e9ci\u00e9 son revirement anti-Netanyahou et ses critiques acerbes contre la brutalit\u00e9 g\u00e9nocidaire d\u2019Isra\u00ebl et l\u2019attaque isra\u00e9lo-\u00e9tasunienne de l\u2019Iran<em>) qui montre une fois de plus, dans les circonstances pr\u00e9sentes fortement sinon exclusivement influenc\u00e9es par les forces satanistes, que les \u00abprogressistes\u00bb-soci\u00e9taux, les \u00abantifas\u00bb, les milliardaires globalistes de type-Soros et le reste, choisissent le moyen de l\u2019assassinat comme attentat g\u00e9n\u00e9ral contre l\u2019ordre, l\u2019harmonie, la tradition et l\u2019\u00e9quilibre.<\/em><\/p>\n<p><em>\u2026 Ces trois \u00e9v\u00e9nements d\u00e9testables ont la vertu paradoxale de poursuivre et d\u2019accroitre les subcrises qui forment la structure de la GrandeCrise (\u2026) Toutes ces subcrises sont li\u00e9es presque comme des appendices siamois \u00e0 leur destin commun qui est leur participation \u00e0 la structuration de la GrandeCrise jusqu\u2019au point de rupture. Qui veut ignorer ce lien, ou l\u2019ignore par simple inattention, ignore le fondement des \u00e9v\u00e9nements en cours, et donc se trouve compl\u00e8tement aveugle, avec l\u2019esprit peu d\u00e9velopp\u00e9, l\u2019\u00e2me pi\u00e8tre et l\u2019intuition absente quant aux perspectives, et concernant une prospective intuitive sur notre avenir sans s\u2019attarder \u00e0 un futur probl\u00e9matique<\/em>\u00bb\u2026<\/p>\n<h5 class=\"wp-block-heading has-text-align-center\">*<\/h5>\n<h5 class=\"wp-block-heading\"><strong>Alexandre Douguine \u2013 La civilisation occidentale est poss\u00e9d\u00e9e par un d\u00e9mon<\/strong><\/h5>\n<p>Sur le m\u00eame site, on trouve un <a target=\"_blank\" href=\"https:\/\/www.dedefensa.org\/article\/la-marche-des-anges\" target=\"_blank\" rel=\"noopener\" title=\"\">article d\u2019Alexandre Douguine<\/a>, dont la fille a \u00e9t\u00e9 assassin\u00e9e par les m\u00eames suspects, selon le philosophe pour qui \u00ab<em>le Parti d\u00e9mocrate est l\u2019<a target=\"_blank\" href=\"https:\/\/www.dedefensa.org\/article\/douguine-kirk-et-la-guerre-civile\" target=\"_blank\" rel=\"noopener\" title=\"\">Ukraine de l\u2019Am\u00e9rique<\/a>. Ou vice versa<\/em>\u00bb<em>. <\/em>Douguine est un chr\u00e9tien fervent qui a certainement longuement m\u00e9dit\u00e9 l\u2019\u00c9vangile o\u00f9 sont rapport\u00e9es plusieurs sc\u00e8nes d\u2019exorcisme comme celle-ci : \u00ab<em>Sors de cet homme, esprit impur ! dit J\u00e9sus <\/em>(au d\u00e9mon qui a pris possession de l\u2019homme)<em>. Et, il lui demanda : Quel est ton nom ? <strong>L\u00e9gion<\/strong> est mon nom, lui r\u00e9pondit-il, car nous sommes plusieurs<\/em>\u00bb (Marc 5.10).<\/p>\n<p>Comme dit Douguine : \u00ab<em>\u2026Lorsqu\u2019on observe les dirigeants occidentaux d\u2019aujourd\u2019hui, il est difficile de se d\u00e9faire de l\u2019impression qu\u2019ils sont poss\u00e9d\u00e9s. Pour formuler une hypoth\u00e8se sur leur possesseur, nul besoin de reptiliens ou d\u2019extraterrestres. Ils sont poss\u00e9d\u00e9s par des d\u00e9mons. Un d\u00e9mon est une entit\u00e9 famili\u00e8re, bien connue et bien comprise. La possession par des d\u00e9mons est tout \u00e0 fait caract\u00e9ristique.<\/em><\/p>\n<p><em>Si une personne r\u00e9clame un changement de genre, elle est poss\u00e9d\u00e9e par un d\u00e9mon. Si une personne est lib\u00e9rale, elle est poss\u00e9d\u00e9e par un d\u00e9mon. Si une personne croit au progr\u00e8s et \u00e0 l\u2019\u00e9volution, elle est poss\u00e9d\u00e9e par un d\u00e9mon. Si une personne est mat\u00e9rialiste, ath\u00e9e et partisane de la vision scientifique moderne du monde, elle est poss\u00e9d\u00e9e par un d\u00e9mon. Voil\u00e0 votre r\u00e9ponse : la civilisation occidentale est poss\u00e9d\u00e9e par un d\u00e9mon. Les dirigeants occidentaux de cette civilisation sont poss\u00e9d\u00e9s par un d\u00e9mon \u2013 en fait, par une v\u00e9ritable<strong> l\u00e9gion<\/strong> de d\u00e9mons bien concrets<\/em>\u00bb.<\/p>\n<h5 class=\"wp-block-heading has-text-align-center\">*<\/h5>\n<h5 class=\"wp-block-heading\"><strong>Les livres pornos du CDI<\/strong><\/h5>\n<p>Les exemples de la possession par des d\u00e9mons tous plus horribles les uns que les autres de nos soi-disant \u00e9lites ne manquent pas, h\u00e9las. J\u2019ai entendu l\u2019autre jour sur <em><a target=\"_blank\" href=\"https:\/\/www.youtube.com\/watch?v=yZ3DYcyC3yg&amp;list=PLq-5gQIt5oQ8JGmTX5Dopdi7L4mfLe2Jx\" target=\"_blank\" rel=\"noopener\" title=\"\">Tocsin<\/a><\/em> une m\u00e8re \u00e0 qui sa fille de 13 ans est venue demander, tr\u00e8s mal \u00e0 l\u2019aise, si \u00ab<em>elle se mettait les doigts dans les fesses<\/em> <em>?<\/em>\u00bb Elle avait lu \u00e7a dans un livre \u00e9crit par une asso LGBT qu\u2019elle avait pris au centre de documentation et d\u2019information (CDI) de l\u2019\u00e9cole ! La m\u00e8re a lu le livre et, horrifi\u00e9e, l\u2019a \u00abconfisqu\u00e9\u00bb pour qu\u2019il ne soit pas remis dans le circuit. Du coup, elle a \u00e9t\u00e9 convoqu\u00e9e par le \u00abConseil de la\u00efcit\u00e9\u00bb (je ne blague pas !) de l\u2019\u00e9cole, qui a ni\u00e9 qu\u2019il y avait des \u00e9l\u00e9ments pornographiques dans le livre et qui lui a dit, en substance, : \u00ab<em>si des enfants sont choqu\u00e9s\/perturb\u00e9s\/traumatis\u00e9s par ce qu\u2019ils lisent,<\/em> \u00e0 l\u2019instar de sa fille qui depuis refuse de parler de tout ce qui a trait \u00e0 la sexualit\u00e9, <em>on a des psychologues pour les \u00e9couter !<\/em>\u00bb<\/p>\n<p>\u00ab<em>Oui, voil\u00e0<\/em>, conclut la m\u00e8re, <em>l\u2019\u00c9ducation nationale casse et puis dit : Ce n\u2019est pas grave, on a des psychologues ! Incroyable, non ?<\/em>\u00bb<\/p>\n<p>Cela aussi me rappelle une parole de J\u00e9sus : \u00ab<em>Malheur \u00e0 celui qui scandalise un de ces petits qui croient en moi, il aurait mieux fallu pour lui qu\u2019il ait \u00e9t\u00e9 jet\u00e9 dans la mer avec une meule de moulin autour du cou<\/em>\u00bb (<a target=\"_blank\" href=\"https:\/\/saintebible.com\/mark\/9-42.htm\" target=\"_blank\" rel=\"noopener\" title=\"\">Marc 9:42<\/a>).<\/p>\n<h5 class=\"wp-block-heading has-text-align-center\">*<\/h5>\n<h5 class=\"wp-block-heading\"><strong>Le choix de l\u2019Occident pour enrayer son d\u00e9clin : la barbarie eschatologique<\/strong><\/h5>\n<p>Toujours sur le site <em>Dedefensa<\/em>, on trouve une analyse d\u2019un article d\u2019<a target=\"_blank\" href=\"https:\/\/conflictsforum.substack.com\/p\/israels-stage-of-barbarism-and-new\" target=\"_blank\" rel=\"noopener\" title=\"\">Alastair Crooke<\/a> du 26 ao\u00fbt dernier : \u00ab<em>Crooke rapporte que le quotidien isra\u00e9lien de gauche Haaretz r\u00e9sume, dans un article r\u00e9cent, la nouvelle \u00abpolitique \u00e9trang\u00e8re\u00bb d\u2019Isra\u00ebl d\u2019un seul mot : \u00abbarbarie\u00bb, cela suffit<\/em>\u00bb.<\/p>\n<p>L\u2019article d\u2019<em>Haaretz<\/em> dresse un parall\u00e8le entre les d\u00e9clarations qu\u2019on entendait dans l\u2019Allemagne nazie et celles qu\u2019on entend actuellement en Isra\u00ebl :<\/p>\n<p>\u00ab<em>\u00abUne guerre d\u2019extermination\u00bb \u2013 \u00abQuand le chef de la direction lib\u00e9rale du renseignement militaire tient de tels propos, le d\u00e9bat sur l\u2019existence ou non d\u2019un g\u00e9nocide \u00e0 Gaza est clos\u00bb.<\/em><\/p>\n<p><em>\u00abYigal Sarna (fondateur de La Paix Maintenant) republie Heinrich Himmler : \u00abNous en finirons avec eux dans 5 \u00e0 6 semaines\u2026 Varsovie sera ray\u00e9e de la carte et servira d\u2019exemple dissuasif pour toute l\u2019Europe\u00bb<\/em>\u00bb.<em\/><\/p>\n<p>Et Philippe Grasset de pr\u00e9dire lugubrement : \u00ab<em>C\u2019est le cas isra\u00e9lien mais il n\u2019est nullement assur\u00e9 que nombre de pays du\u00a0<a target=\"_blank\" href=\"https:\/\/www.dedefensa.org\/article\/glossairedde-bloc-bao-1\" target=\"_blank\" rel=\"noopener\" title=\"\">bloc-BAO<\/a>\u00a0ne sont pas sur la voie d\u2019adopter de telles positions, \u2013 vis-\u00e0-vis des Palestiniens, mais aussi d\u2019autres populations, la russe en t\u00eate. Il s\u2019agit donc d\u2019une tendance g\u00e9n\u00e9rale dans les pays am\u00e9ricanistes-occidentalistes. La cause de cette \u00e9volution est \u00e0 la fois psychologique, \u2013\u00a0pathologie exacerb\u00e9e et hyst\u00e9rique, \u2013 avec comme cause fondamentale le refus de plus en plus cat\u00e9gorique de l\u2019effondrement de l\u2019h\u00e9g\u00e9monisme-supr\u00e9macisme, avec un m\u00e9pris total de la r\u00e9alit\u00e9 des\u00a0<a target=\"_blank\" href=\"https:\/\/www.dedefensa.org\/article\/glossairedde-verite-de-situation-verite\" target=\"_blank\" rel=\"noopener\" title=\"\">v\u00e9rit\u00e9-de-situation<\/a>\u00a0concernant les forces permettant ces entreprises d\u2019extermination de ceux (par milliards) qui refusent cette voie. Cela aussi, le d\u00e9ni, fond\u00e9 sur un simulacre total, est un fait qui p\u00e8se d\u2019un poids colossal, \u2013 et le r\u00e9sultat dans les \u00e9v\u00e9nements est \u00e9vident et peut sans aucun doute susciter exactement l\u2019inverse de ce qu\u2019on attend<\/em>\u00bb.<\/p>\n<h5 class=\"wp-block-heading has-text-align-center\">*<\/h5>\n<h5 class=\"wp-block-heading\"><strong>La bataille d\u2019Armageddon<\/strong><\/h5>\n<p>Armageddon\u00a0est le nom du lieu de la bataille finale entre le Bien et le Mal dans l\u2019<a target=\"_blank\" href=\"https:\/\/www.jepense.org\/apocalypse-resume\/\" target=\"_blank\" rel=\"noopener\" title=\"\">Apocalypse<\/a> de St Jean. La limite entre l\u2019ancien monde arriv\u00e9 \u00e0 son terme et le nouveau en passe de s\u2019accomplir, est marqu\u00e9e par l\u2019intervention divine, qui juge les impies et r\u00e9compense les \u00e9lus.<\/p>\n<p>Il est clair que dans l\u2019Apocalypse tout comme aujourd\u2019hui, les deux camps se consid\u00e8rent comme le camp du bien et accusent l\u2019autre camp d\u2019\u00eatre le camp du mal. Mais la r\u00e9alit\u00e9 est t\u00eatue et il y a vraiment un camp du bien. C\u2019est, \u00e0 mes yeux, celui qui s\u2019interdit de d\u00e9truire ce qu\u2019il ne sait pas cr\u00e9er, et au premier chef, la vie, celui qui choisit la v\u00e9rit\u00e9, la paix et la concorde, celui qui se contr\u00f4le et s\u2019emp\u00eache, celui qui reconna\u00eet humblement ses erreurs.<\/p>\n<p>Au chapitre 13 de l\u2019Apocalypse, \u00ab<em>Jean voit \u00e9merger\u00a0<strong>deux b\u00eates horribles<\/strong>, l\u2019une de la mer, l\u2019autre de la terre. Ces deux b\u00eates sont des cr\u00e9atures du Diable, destin\u00e9es \u00e0 r\u00e9gner sur la Terre. La deuxi\u00e8me b\u00eate agit au service de la premi\u00e8re : elle joue le r\u00f4le de\u00a0<strong>faux proph\u00e8te<\/strong>\u00a0(ou antichrist), marquant les gens sur le front ou la main droite, comme le ferait un vrai proph\u00e8te. Le signe marqu\u00e9 est\u00a0<a target=\"_blank\" href=\"https:\/\/www.jepense.org\/666-nombre-de-la-bete-signification\/\" target=\"_blank\" rel=\"noopener\" title=\"\"><strong>666<\/strong><\/a> : la marque de la b\u00eate, \u00e9voquant souffrance, soumission, malheur et mal\u00e9diction<\/em>\u00bb<em>.<\/em><\/p>\n<p><strong>Macron<\/strong> nous a lui-m\u00eame solennellement annonc\u00e9 <a target=\"_blank\" href=\"https:\/\/www.youtube.com\/watch?v=yZOouqtSJ7o\" target=\"_blank\" rel=\"noopener\" title=\"\">l\u2019arriv\u00e9e de la b\u00eate<\/a>, il y a 5 ans : \u00ab<em>Notre g\u00e9n\u00e9ration doit savoir que la b\u00eate de l\u2019\u00e9v\u00e9nement est l\u00e0 !<\/em>\u00bb<\/p>\n<p>Au chapitre 16 de l\u2019Apocalypse,\u00ab<em>Les esprits des d\u00e9mons rassemblent leurs alli\u00e9s et leurs derni\u00e8res forces dans un lieu appel\u00e9\u00a0<strong>Armageddon<\/strong><\/em>\u00bb.<\/p>\n<p>Au chapitre 19, enfin, les arm\u00e9es du bien et du mal se font face : \u00ab<em>Et je vis la b\u00eate, et les rois de la terre, et leurs arm\u00e9es rassembl\u00e9es pour faire la guerre \u00e0 celui qui \u00e9tait assis sur le cheval <\/em>(Le repr\u00e9sentant de Dieu<em>) et \u00e0 son arm\u00e9e. <strong>Et la b\u00eate fut prise,<\/strong>\u00a0et avec elle le faux proph\u00e8te, qui avait fait devant elle les prodiges par lesquels il avait s\u00e9duit ceux qui avaient pris la marque de la b\u00eate et ador\u00e9 son image. Ils furent tous les deux jet\u00e9s vivants dans l\u2019<strong>\u00e9tang ardent de feu et de soufre<\/strong>.<\/em><\/p>\n<p><em>Puis, <\/em>dit Jean,<em> je vis un grand tr\u00f4ne blanc, et celui qui \u00e9tait assis dessus (\u2026)<\/em> <em>et chacun fut jug\u00e9 selon ses \u0153uvres.<\/em><\/p>\n<p><em>Puis je vis\u00a0<strong>un nouveau ciel et une nouvelle terre ;<\/strong>\u00a0car le premier ciel et la premi\u00e8re terre avaient disparu, et la mer n\u2019\u00e9tait plus. Et je vis descendre du ciel, d\u2019aupr\u00e8s de Dieu, la ville sainte,<strong>\u00a0la nouvelle J\u00e9rusalem<\/strong><\/em><strong>\u00bb<\/strong> (chapitre 21).<\/p>\n<h5 class=\"wp-block-heading has-text-align-center\">*<\/h5>\n<h5 class=\"wp-block-heading\"><strong>Notre Armageddon sera-t-il l\u2019Iran ?<\/strong><\/h5>\n<p>Le lieu o\u00f9, dans la vision de St Jean, les esprits des d\u00e9mons rassemblent leurs alli\u00e9s et leurs derni\u00e8res forces pour se d\u00e9barrasser d\u00e9finitivement de Dieu et prendre sa place, sera-t-il pour nous l\u2019Iran ? C\u2019est ce que croient beaucoup d\u2019analystes.<\/p>\n<p><a target=\"_blank\" href=\"https:\/\/theduran.com\/moscow-plans-military-victory-as-diplomacy-stalls-west-in-shock-at-kiev-strike-plans-new-iran-war\/\" target=\"_blank\" rel=\"noopener\" title=\"\">Alexander Mercouris<\/a>, toujours cit\u00e9 par <a target=\"_blank\" href=\"https:\/\/www.dedefensa.org\/article\/la-barbarie-eschatologique\" target=\"_blank\" rel=\"noopener\" title=\"\">Philippe Grasset<\/a>, d\u00e9clare dans une vid\u00e9o du 29 ao\u00fbt 2025 : \u00ab<em>Nous devons nous pr\u00e9parer \u00e0 un nouveau conflit entre Isra\u00ebl, probablement les \u00c9tats-Unis, et l\u2019Iran au plus tard cet automne. Je vais aussi dire que je pense que cette fois, l\u2019attaque sera plus forte. Je pense que les Iraniens seront mieux pr\u00e9par\u00e9s \u00e0 l\u2019attaque lorsqu\u2019elle aura lieu. Je ne crois pas que ce conflit durera seulement 12 jours<\/em>\u00bb.<\/p>\n<p>\u00ab<em>Je pense que ce sera un conflit plus long, plus difficile \u00e0 terminer. Je pense que les parties de chaque c\u00f4t\u00e9 seront plus d\u00e9termin\u00e9es \u00e0 le mener \u00e0 terme et que nous devrons attendre de voir comment cela se d\u00e9roule et comment cela se termine. Quoi qu\u2019il en soit, c\u2019est mon point de vue sur la situation. Maintenant, permettez-moi de revenir \u00e0 l\u2019autre sujet de cette \u00e9mission, celui qui va prendre le plus de temps\u00a0<\/em>[l\u2019Ukraine].\u00a0<em>Je dirais toutefois rapidement que si nous assistons \u00e0 une reprise des combats entre Isra\u00ebl et l\u2019Iran \u00e0 l\u2019automne et si les \u00c9tats-Unis s\u2019impliquent, la crise sera extr\u00eame dans le syst\u00e8me international, avec des cons\u00e9quences potentiellement majeures sur l\u2019\u00e9conomie mondiale. Et franchement, ce sera une crise plus grave, encore bien plus grave que celle que nous observons actuellement en Ukraine<\/em>\u00bb.<\/p>\n<p>Crooke, cit\u00e9 ci-dessous par Philippe Grasset,\u00a0insiste, selon lui,\u00ab<em>sur l\u2019adh\u00e9sion de l\u2019Ouest \u00e0 la vision eschatologique sioniste et en prend comme exemple Macron, le dirigeant occidental le plus vide et donc le plus susceptible de se laisser impr\u00e9gner de cette id\u00e9ologie barbare pour se donner de l\u2019importance :<\/em><\/p>\n<p>\u00ab<em>Je ne sais pas si vous avez vu \u00e7a r\u00e9cemment avec Macron quand il parlait de Poutine. Il a dit que Poutine est extr\u00eamement dangereux. La Russie est une menace. Il l\u2019a exprim\u00e9 ainsi : \u00abLa Russie doit manger. C\u2019est un pr\u00e9dateur. C\u2019est un pr\u00e9dateur \u00e0 notre porte\u00bb. Je veux dire, c\u2019est un langage symbolique tr\u00e8s fort. Vous savez la b\u00eate sur le seuil, il a dit c\u2019est un pr\u00e9dateur. C\u2019est un pr\u00e9dateur, un cannibale. Il a utilis\u00e9 le mot cannibale (en fait, il a dit ogre). Poutine est le pr\u00e9dateur, le cannibale, assis sur notre seuil, mena\u00e7ant l\u2019Europe.<\/em><\/p>\n<p>\u00ab<em>Je veux dire, nous savons \u00e0 quoi il fait r\u00e9f\u00e9rence. Cela remonte \u00e0 toute l\u2019imagerie chr\u00e9tienne de l\u2019ant\u00e9christ. Vous savez, Poutine est l\u2019ant\u00e9christ. Il est l\u2019oppos\u00e9 de tout ce que nous valorisons et d\u00e9fendons. La Russie incarne tout ce qui est dangereux. Il commence par dire \u00e0 quel point il est dangereux, \u00e0 quel point il est mena\u00e7ant ce pr\u00e9dateur, ce cannibale pr\u00eat \u00e0 le d\u00e9vorer. Vous pouvez voir les interviews \u00e0 la t\u00e9l\u00e9vision fran\u00e7aise. Mais un tel langage touche \u00e0 certaines des images les plus profondes, m\u00eame si nous sommes la\u00efques, occidentalis\u00e9s, \u00e0 bien des \u00e9gards.<\/em><\/p>\n<p>\u00ab<em>Et nous nous souvenons tous de ces images du pass\u00e9 repr\u00e9sentant le diable, poussant les gens en enfer. Et de ces choses, vous savez, en vivant en Italie, il est impossible d\u2019entrer dans une \u00e9glise sans voir ces images magnifiques, tr\u00e8s vives, de l\u2019opposition manich\u00e9enne noire aux valeurs europ\u00e9ennes et \u00e0 ce genre de choses. Donc, je veux dire, c\u2019est de l\u2019eschatologie<\/em>\u00bb.<\/p>\n<h5 class=\"wp-block-heading has-text-align-center\">*<\/h5>\n<h5 class=\"wp-block-heading\"><strong>L\u2019Iran sait qu\u2019il doit se pr\u00e9parer \u00e0 la Grande Guerre alors que le L\u00e9viathan \u00absurgit\u00bb<\/strong><\/h5>\n<p>Dans un autre article, <a target=\"_blank\" href=\"https:\/\/reseauinternational.net\/le-nouveau-sionisme-violent-disrael-est-un-signe-avant-coureur-dune-geopolitique-imperiale-de-soumission-et-dobeissance\/\" target=\"_blank\" rel=\"noopener\" title=\"\">Alaistair Crooke<\/a> cite <a target=\"_blank\" href=\"https:\/\/www.haaretz.com\/opinion\/2025-08-17\/ty-article-opinion\/.premium\/children-in-gaza-dont-matter-now\/00000198-b3fb-d8fb-a7da-b3ff8ced0000\" target=\"_blank\" rel=\"noopener\" title=\"\">Gideon Levy<\/a>, le courageux journaliste isra\u00e9lien qui a \u00e9crit dans <em>Haaretz<\/em> que\u00a0nous devrions remercier l\u2019ancien chef du renseignement militaire, Aharon Haliva, pour avoir admis sur\u00a0<em>Channel 12 <\/em>: \u00ab<em>Nous avons besoin d\u2019un g\u00e9nocide toutes les quelques ann\u00e9es ; le meurtre du peuple palestinien est un acte l\u00e9gitime, voire essentiel<\/em>\u00bb.<\/p>\n<p>\u00ab<em>Voil\u00e0 ce que dit un g\u00e9n\u00e9ral \u00abmod\u00e9r\u00e9\u00bb de Tsahal, s\u2019indigne l\u2019intr\u00e9pide et int\u00e8gre reporter ; tuer 50 000 personnes est \u00abn\u00e9cessaire\u00bb.<\/em><\/p>\n<p><em><a target=\"_blank\" href=\"https:\/\/www.timesofisrael.com\/liveblog_entry\/smotrich-we-are-in-process-of-redemption-and-the-conquest-of-the-land\/\" target=\"_blank\" rel=\"noopener\" title=\"\">Smotrich a d\u00e9clar\u00e9 cette semaine<\/a>, continue Alaistair Crooke,\u00a0que le peuple juif exp\u00e9rimente \u00abphysiquement\u00bb le processus de r\u00e9demption et le retour de la pr\u00e9sence divine \u00e0 Sion, alors qu\u2019il s\u2019engage dans la \u00abconqu\u00eate de la terre\u00bb.<\/em><\/p>\n<p><em>Ainsi, alors que le sionisme se transforme en ce que\u00a0<a target=\"_blank\" href=\"https:\/\/www.haaretz.co.il\/opinions\/2025-08-20\/ty-article-opinion\/.premium\/00000198-c6fb-dc9d-abd9-dfff82620000\" target=\"_blank\" rel=\"noopener\" title=\"\">Yossi Klein a d\u00e9fini comme une<\/a> \u00abbarbarie tardive\u00bb, la question se pose de savoir si la \u00abguerre sans limites\u00bb pourra fonctionner. Une telle \u00abterreur\u00bb isra\u00e9lienne pourrait-elle imposer au Moyen-Orient une reddition inconditionnelle \u00abqui lui permettrait de changer profond\u00e9ment, militairement, politiquement et culturellement, et de se transformer en satellites isra\u00e9liens au sein d\u2019une Pax Americana globale ?\u00bb<\/em><\/p>\n<p><em>Dans son livre <a target=\"_blank\" href=\"https:\/\/www.thepostil.com\/henri-paul-hudes-philosophy-of-war\/\" target=\"_blank\" rel=\"noopener\" title=\"\">Philosophie de la Guerre<\/a>, le Dr Hude montre que la guerre sans limites ne peut pas \u00eatre la solution, car elle ne peut pas assurer une \u00abdissuasion\u00bb ni une d\u00e9radicalisation durable :<\/em><\/p>\n<p><em>Au contraire, c\u2019est la cause la plus certaine de la guerre. Pour qu\u2019un <a target=\"_blank\" href=\"https:\/\/www.geo.fr\/histoire\/quest-ce-que-le-leviathan-215328\" target=\"_blank\" rel=\"noopener\" title=\"\">L\u00e9viathan<\/a> (monstre mythologique qui incarne le mal et m\u00eame\u00a0la\u00a0fin des temps) fonctionne, il doit rester rationnel et puissant. S\u2019il cesse d\u2019\u00eatre rationnel, s\u2019il m\u00e9prise des adversaires plus rationnels que lui, et suscite des adversaires encore moins rationnels que lui, le L\u00e9viathan tombera ; et tant qu\u2019il n\u2019est pas tomb\u00e9, personne ne sera en s\u00e9curit\u00e9\u00bb.<\/em><\/p>\n<p><em>Pour Hude, une telle \u00abvolont\u00e9 de puissance\u00bb extr\u00eame et sans limites a des relents d\u2019autodestruction.<\/em><\/p>\n<p><em>C\u2019est pr\u00e9cis\u00e9ment pourquoi l\u2019Iran, surtout maintenant, sait qu\u2019il doit se pr\u00e9parer \u00e0 la Grande Guerre alors que le L\u00e9viathan \u00absurgit\u00bb. Et il en va de m\u00eame pour la Russie car\u00a0<a target=\"_blank\" href=\"https:\/\/russiancouncil.ru\/en\/analytics-and-comments\/comments\/world-war-iii-has-already-begun\/\" target=\"_blank\" rel=\"noopener\" title=\"\">il s\u2019agit d\u2019une seule et m\u00eame guerre<\/a>\u00a0men\u00e9e contre les r\u00e9calcitrants au nouvel ordre am\u00e9ricain<\/em>\u00bb.<\/p>\n<p>Tout ce messianisme biblique occidental n\u2019est sans doute, au d\u00e9part, qu\u2019une couverture pour un simple projet de colonisation\/domination du monde, mais \u00e0 force de croire \u00e0 leurs mensonges et de s\u2019exciter les unes les autres, les \u00e9lites occidentales sont devenues aussi fanatiques et irrationnelles que les crois\u00e9s qui on fait couler des rivi\u00e8res de sang en Palestine pour soi-disant lib\u00e9rer le tombeau du Christ\u2026<\/p>\n<h5 class=\"wp-block-heading has-text-align-center\">*<\/h5>\n<h5 class=\"wp-block-heading\"><strong>Peiman Salehi \u2013 L\u2019Iran et l\u2019essor de sa d\u00e9fense a\u00e9rienne<\/strong><\/h5>\n<p>Cit\u00e9 aussi par <a target=\"_blank\" href=\"https:\/\/www.dedefensa.org\/section\/les-carnets-de-peiman-salehi\" target=\"_blank\" rel=\"noopener\" title=\"\">Philippe Grasset<\/a>, <strong>Peiman Salehi<\/strong> s\u2019interroge sur le concept de souverainet\u00e9 au XXIe si\u00e8cle. \u00ab<em>Dans l\u2019univers lib\u00e9ral occidental, elle est souvent r\u00e9duite \u00e0 la conformit\u00e9 avec un ordre \u00abfond\u00e9 sur des r\u00e8gles\u00bb \u00e9crites par les puissants. Pour l\u2019Iran, au contraire, la souverainet\u00e9 est un droit inh\u00e9rent, non n\u00e9gociable, et sa d\u00e9fense a\u00e9rienne en est la manifestation concr\u00e8te. Elle symbolise une r\u00e9sistance civilisationnelle, au m\u00eame titre que les programmes m\u00e9dicaux de Cuba ou la r\u00e9silience \u00e9nerg\u00e9tique du Venezuela. La d\u00e9fense a\u00e9rienne n\u2019est pas seulement une barri\u00e8re physique, mais aussi une proclamation philosophique : nous avons le droit d\u2019exister et de nous prot\u00e9ger sans demander l\u2019autorisation des puissances lib\u00e9rales.<\/em><\/p>\n<p><em>Certes, des vuln\u00e9rabilit\u00e9s persistent. Le syst\u00e8me iranien n\u2019est pas encore \u00e9quivalent aux standards occidentaux ou russes les plus avanc\u00e9s. Les sanctions ralentissent l\u2019acquisition de composants essentiels, et la fuite des cerveaux prive parfois les programmes de comp\u00e9tences. Mais chaque obstacle est retourn\u00e9 en catalyseur : la p\u00e9nurie a stimul\u00e9 la recherche locale ; l\u2019isolement a favoris\u00e9 les alliances avec la Russie, la Chine et d\u2019autres acteurs du Sud global ; la pression occidentale a nourri un sentiment d\u2019unit\u00e9 nationale face \u00e0 l\u2019agression. Loin d\u2019\u00e9craser l\u2019Iran, la guerre invisible des sanctions et des blocus l\u2019a pouss\u00e9 \u00e0 inventer ses propres chemins.<\/em><\/p>\n<p><em>En d\u00e9finitive, l\u2019Iran avance sur un chemin difficile, entre vuln\u00e9rabilit\u00e9s persistantes et gains strat\u00e9giques, mais son message demeure clair : aucun peuple ne doit \u00eatre condamn\u00e9 \u00e0 une d\u00e9pendance militaire \u00e9ternelle. Dans un monde en transition, o\u00f9 le monopole occidental s\u2019effrite, la d\u00e9fense a\u00e9rienne iranienne est plus qu\u2019un instrument technique ; elle est devenue<strong> le c\u0153ur battant d\u2019une r\u00e9sistance civilisationnelle et le symbole d\u2019une souverainet\u00e9 qui, malgr\u00e9 toutes les pressions, refuse de c\u00e9der<\/strong><\/em>\u00bb.<\/p>\n<h5 class=\"wp-block-heading has-text-align-center\">*<\/h5>\n<h5 class=\"wp-block-heading\"><strong>Une flottille de 40 bateaux en route vers Gaza<\/strong><\/h5>\n<p>Pendant que l\u2019Iran se pr\u00e9pare \u00e0 repousser les forces du mal qui, Isra\u00ebl en t\u00eate, se pr\u00e9parent \u00e0 l\u2019attaquer pour une ultime bataille qui d\u00e9cidera sans doute du sort du monde, une <a target=\"_blank\" href=\"https:\/\/www.humanite.fr\/monde\/blocus-de-gaza\/a-bord-de-la-flottille-pour-gaza-tempete-et-perseverance\" target=\"_blank\" rel=\"noopener\" title=\"\">nouvelle flottille<\/a> tente \u00e0 nouveau de briser le blocus de Gaza : \u00ab<em>\u00abSumud\u00bb en arabe peut se traduire par \u00abpers\u00e9v\u00e9rance in\u00e9branlable\u00bb. C\u2019est le nom que s\u2019est donn\u00e9, en hommage \u00e0 la r\u00e9silience dont fait preuve, depuis des d\u00e9cennies, le peuple palestinien, la flottille partie de Barcelone, ce 31\u00a0ao\u00fbt. La Global Sumud Flotilla porte bien son nom. Rien ne semble pouvoir arr\u00eater ses participants, ni les menaces du gouvernement isra\u00e9lien, ni les d\u00e9boires rencontr\u00e9s en mer<\/em>\u00bb<em>.<\/em><\/p>\n<p><iframe loading=\"lazy\" title=\"Des dizaines de bateaux partent en direction de la bande de Gaza !\" width=\"1110\" height=\"624\" src=\"https:\/\/www.youtube.com\/embed\/T_f5vfl_Rjs?feature=oembed\" frameborder=\"0\" allow=\"accelerometer; autoplay; clipboard-write; encrypted-media; gyroscope; picture-in-picture; web-share\" referrerpolicy=\"strict-origin-when-cross-origin\" allowfullscreen><\/iframe><\/p>\n<h5 class=\"wp-block-heading has-text-align-center\">*<\/h5>\n<h5 class=\"wp-block-heading\"><strong>Et pour ne pas nous-m\u00eames sombrer dans la barbarie<\/strong><\/h5>\n<p><strong>Un peu de beaut\u00e9<\/strong><\/p>\n<p>\u00abMilonga Para As Miss\u00f5es\u00bb de Renato Borghetti, dans\u00e9 par Sabrina and Ruben Veliz avec tellement de maestria, de plaisir et de malice que cela r\u00e9jouit le c\u0153ur (FI Tango Festival Porto, 2023, Porto, Portugal).<\/p>\n<p><iframe loading=\"lazy\" title=\"Sabrina and Ruben Veliz \u2013 Milonga Para As Miss\u00f5es at FI Tango Porto 2023\" width=\"1110\" height=\"624\" src=\"https:\/\/www.youtube.com\/embed\/smF3IT3tMuo?feature=oembed\" frameborder=\"0\" allow=\"accelerometer; autoplay; clipboard-write; encrypted-media; gyroscope; picture-in-picture; web-share\" referrerpolicy=\"strict-origin-when-cross-origin\" allowfullscreen><\/iframe><\/p>\n<p><strong>et d\u2019humour<\/strong><\/p>\n<p>Nicolas et le 10 septembre, une r\u00e9volution ? Les films \u00e0 l\u2019arrache<\/p>\n<p><iframe loading=\"lazy\" title=\"Nicolas et le 10 septembre, une r\u00e9volution?\" width=\"1110\" height=\"624\" src=\"https:\/\/www.youtube.com\/embed\/UQ50-XGJVL4?feature=oembed\" frameborder=\"0\" allow=\"accelerometer; autoplay; clipboard-write; encrypted-media; gyroscope; picture-in-picture; web-share\" referrerpolicy=\"strict-origin-when-cross-origin\" allowfullscreen><\/iframe><\/p>\n<p><a target=\"_blank\" href=\"https:\/\/reseauinternational.net\/author\/domi\/\" target=\"_blank\" rel=\"noopener\" title=\"\">Dominique Muselet<\/a><\/p>\n<div class=\"sharedaddy sd-block sd-like jetpack-likes-widget-wrapper jetpack-likes-widget-unloaded\" id=\"like-post-wrapper-237719536-482654-68c8e938da401\" data-src=\"https:\/\/widgets.wp.com\/likes\/?ver=15.0#blog_id=237719536&amp;post_id=482654&amp;origin=reseauinternational.net&amp;obj_id=237719536-482654-68c8e938da401\" data-name=\"like-post-frame-237719536-482654-68c8e938da401\" data-title=\"Aimer ou rebloguer\">\n<h3 class=\"sd-title\">J\u2019aime \u00e7a\u00a0:<\/h3>\n<p><span class=\"button\"><span>J\u2019aime<\/span><\/span> <span class=\"loading\">chargement\u2026<\/span><\/p>\n<p><span class=\"sd-text-color\"\/><a target=\"_blank\" class=\"sd-link-color\"\/><\/div>\n<p><meta itemscope=\"\" itemprop=\"mainEntityOfPage\" itemtype=\"https:\/\/schema.org\/WebPage\" itemid=\"https:\/\/reseauinternational.net\/la-barbarie-messianique-de-loccident\/\"\/><meta itemprop=\"headline\" content=\"La barbarie messianique de l\u2019Occident\"\/><span style=\"display: none;\" itemprop=\"author\" itemscope=\"\" itemtype=\"https:\/\/schema.org\/Person\"><meta itemprop=\"name\" content=\"Dominique Muselet\"\/><\/span><span style=\"display: none;\" itemprop=\"image\" itemscope=\"\" itemtype=\"https:\/\/schema.org\/ImageObject\"><meta itemprop=\"url\" content=\"https:\/\/i0.wp.com\/reseauinternational.net\/wp-content\/uploads\/2025\/09\/Sans-titre-31-3.png?fit=800%2C467&amp;quality=100&amp;ssl=1\"\/><meta itemprop=\"width\" content=\"800\"\/><meta itemprop=\"height\" content=\"467\"\/><\/span><span style=\"display: none;\" itemprop=\"publisher\" itemscope=\"\" itemtype=\"https:\/\/schema.org\/Organization\"><span style=\"display: none;\" itemprop=\"logo\" itemscope=\"\" itemtype=\"https:\/\/schema.org\/ImageObject\"><meta itemprop=\"url\" content=\"https:\/\/reseauinternational.net\/wp-content\/uploads\/2022\/06\/Capture-de\u0301cran-2022-06-14-a\u0300-16.51.07.png\"\/><\/span><meta itemprop=\"name\" content=\"Dominique Muselet\"\/><\/span><meta itemprop=\"datePublished\" content=\"2025-09-15T17:30:34+00:00\"\/><meta itemprop=\"dateModified\" content=\"2025-09-15T17:31:02+00:00\"\/><\/div>\n<p><br \/>\n<br \/><a href=\"https:\/\/reseauinternational.net\/la-barbarie-messianique-de-loccident\/\" target=\"_blank\"\">Source link <\/a><\/p>\n","protected":false},"excerpt":{"rendered":"<p>Campagne de dons Septembre \u2013 Octobre 2025 Chers amis lecteurs, Nous faisons \u00e0 nouveau appel \u00e0 vous pour une nouvelle campagne de dons. Votre soutien nous est indispensable pour continuer&hellip; <\/p>\n","protected":false},"author":1,"featured_media":15966,"comment_status":"open","ping_status":"open","sticky":false,"template":"","format":"standard","meta":{"footnotes":""},"categories":[1],"tags":[],"class_list":["post-15965","post","type-post","status-publish","format-standard","has-post-thumbnail","hentry","category-non-classe"],"_links":{"self":[{"href":"https:\/\/monde25.info\/index.php\/wp-json\/wp\/v2\/posts\/15965","targetHints":{"allow":["GET"]}}],"collection":[{"href":"https:\/\/monde25.info\/index.php\/wp-json\/wp\/v2\/posts"}],"about":[{"href":"https:\/\/monde25.info\/index.php\/wp-json\/wp\/v2\/types\/post"}],"author":[{"embeddable":true,"href":"https:\/\/monde25.info\/index.php\/wp-json\/wp\/v2\/users\/1"}],"replies":[{"embeddable":true,"href":"https:\/\/monde25.info\/index.php\/wp-json\/wp\/v2\/comments?post=15965"}],"version-history":[{"count":0,"href":"https:\/\/monde25.info\/index.php\/wp-json\/wp\/v2\/posts\/15965\/revisions"}],"wp:featuredmedia":[{"embeddable":true,"href":"https:\/\/monde25.info\/index.php\/wp-json\/wp\/v2\/media\/15966"}],"wp:attachment":[{"href":"https:\/\/monde25.info\/index.php\/wp-json\/wp\/v2\/media?parent=15965"}],"wp:term":[{"taxonomy":"category","embeddable":true,"href":"https:\/\/monde25.info\/index.php\/wp-json\/wp\/v2\/categories?post=15965"},{"taxonomy":"post_tag","embeddable":true,"href":"https:\/\/monde25.info\/index.php\/wp-json\/wp\/v2\/tags?post=15965"}],"curies":[{"name":"wp","href":"https:\/\/api.w.org\/{rel}","templated":true}]}}