{"id":15975,"date":"2025-09-16T10:34:39","date_gmt":"2025-09-16T08:34:39","guid":{"rendered":"https:\/\/monde25.info\/index.php\/2025\/09\/16\/comment-le-gouvernement-a-ruine-la-loi-anti-pfas\/"},"modified":"2025-09-16T10:34:39","modified_gmt":"2025-09-16T08:34:39","slug":"comment-le-gouvernement-a-ruine-la-loi-anti-pfas","status":"publish","type":"post","link":"https:\/\/monde25.info\/index.php\/2025\/09\/16\/comment-le-gouvernement-a-ruine-la-loi-anti-pfas\/","title":{"rendered":"Comment le gouvernement a ruin\u00e9 la loi anti-PFAS"},"content":{"rendered":"<p> <br \/>\n<br \/><img loading=\"lazy\" decoding=\"async\" src=\"https:\/\/reporterre.net\/local\/cache-vignettes\/L700xH467\/impapfas-13e71.jpg?1758007436\" class=\"spip_logo\" width=\"700\" height=\"467\" alt=\"\" \/><\/p>\n<p>Le premier d\u00e9cret d&rsquo;application de la loi pour l&rsquo;interdiction des <span class=\"caps\">PFAS<\/span> est paru le 8\u00a0septembre, mais affaiblit sa port\u00e9e. Kildine Le Proux de La Rivi\u00e8re, charg\u00e9e de missions pour G\u00e9n\u00e9rations futures, d\u00e9nonce des textes \u00ab<small class=\"fine d-inline\">\u00a0<\/small>tr\u00e8s d\u00e9cevants<small class=\"fine d-inline\">\u00a0<\/small>\u00bb. <br class=\"autobr\" \/> En f\u00e9vrier 2025, les \u00c9cologistes ont obtenu le vote d&rsquo;une loi pour l&rsquo;interdiction des <span class=\"caps\">PFAS<\/span>, ces polluants \u00e9ternels tr\u00e8s toxiques pour la sant\u00e9 humaine. Las, le d\u00e9cret d&rsquo;application de ce texte, paru le 8\u00a0septembre, affaiblit sa port\u00e9e. Reporterre fait le\u00a0(\u2026)<\/p>\n<p>                    <a target=\"_blank\" href=\"https:\/\/reporterre.net\/Comment-le-gouvernement-a-ruine-la-loi-anti-PFAS?utm_source=RSS&amp;utm_medium=RSS\">Lire la suite<\/a><\/p>\n<p>                    &#8211;<br \/>\n                        <a target=\"_blank\" href=\"https:\/\/reporterre.net\/Entretien-19\" rel=\"directory\">Entretien<\/a><\/p>\n<p>                    \/<br \/>\n                        <a target=\"_blank\" href=\"https:\/\/reporterre.net\/Pollutions\" rel=\"tag\">Pollutions<\/a><br \/>\n                    ,<br \/>\n                        <a target=\"_blank\" href=\"https:\/\/reporterre.net\/Sante\" rel=\"tag\">Sant\u00e9<\/a><br \/>\n<br \/><br \/>\n<br \/><a href=\"https:\/\/reporterre.net\/Comment-le-gouvernement-a-ruine-la-loi-anti-PFAS\" target=\"_blank\"\">Source link <\/a><\/p>\n","protected":false},"excerpt":{"rendered":"<p>Le premier d\u00e9cret d&rsquo;application de la loi pour l&rsquo;interdiction des PFAS est paru le 8\u00a0septembre, mais affaiblit sa port\u00e9e. Kildine Le Proux de La Rivi\u00e8re, charg\u00e9e de missions pour G\u00e9n\u00e9rations&hellip; <\/p>\n","protected":false},"author":1,"featured_media":0,"comment_status":"open","ping_status":"open","sticky":false,"template":"","format":"standard","meta":{"footnotes":""},"categories":[1],"tags":[],"class_list":["post-15975","post","type-post","status-publish","format-standard","hentry","category-non-classe"],"_links":{"self":[{"href":"https:\/\/monde25.info\/index.php\/wp-json\/wp\/v2\/posts\/15975","targetHints":{"allow":["GET"]}}],"collection":[{"href":"https:\/\/monde25.info\/index.php\/wp-json\/wp\/v2\/posts"}],"about":[{"href":"https:\/\/monde25.info\/index.php\/wp-json\/wp\/v2\/types\/post"}],"author":[{"embeddable":true,"href":"https:\/\/monde25.info\/index.php\/wp-json\/wp\/v2\/users\/1"}],"replies":[{"embeddable":true,"href":"https:\/\/monde25.info\/index.php\/wp-json\/wp\/v2\/comments?post=15975"}],"version-history":[{"count":0,"href":"https:\/\/monde25.info\/index.php\/wp-json\/wp\/v2\/posts\/15975\/revisions"}],"wp:attachment":[{"href":"https:\/\/monde25.info\/index.php\/wp-json\/wp\/v2\/media?parent=15975"}],"wp:term":[{"taxonomy":"category","embeddable":true,"href":"https:\/\/monde25.info\/index.php\/wp-json\/wp\/v2\/categories?post=15975"},{"taxonomy":"post_tag","embeddable":true,"href":"https:\/\/monde25.info\/index.php\/wp-json\/wp\/v2\/tags?post=15975"}],"curies":[{"name":"wp","href":"https:\/\/api.w.org\/{rel}","templated":true}]}}