{"id":1598,"date":"2024-12-06T02:53:46","date_gmt":"2024-12-06T01:53:46","guid":{"rendered":"https:\/\/monde25.info\/index.php\/2024\/12\/06\/quand-lelite-mondiale-celebre-notre-dame-lombre-de-victor-hugo-plane-sur-les-conflits-de-notre-epoque\/"},"modified":"2024-12-06T02:53:46","modified_gmt":"2024-12-06T01:53:46","slug":"quand-lelite-mondiale-celebre-notre-dame-lombre-de-victor-hugo-plane-sur-les-conflits-de-notre-epoque","status":"publish","type":"post","link":"https:\/\/monde25.info\/index.php\/2024\/12\/06\/quand-lelite-mondiale-celebre-notre-dame-lombre-de-victor-hugo-plane-sur-les-conflits-de-notre-epoque\/","title":{"rendered":"Quand l&rsquo;\u00e9lite mondiale c\u00e9l\u00e8bre Notre-Dame, l&rsquo;ombre de Victor Hugo plane sur les conflits de notre \u00e9poque"},"content":{"rendered":"<p> <br \/>\n<\/p>\n<div>\n<p><span data-contrast=\"auto\"><strong>Lettre \u00e0 tous nos politiques et journalistes.<\/strong><\/span><span data-ccp-props=\"{}\">\u00a0<\/span><\/p>\n<p><span data-contrast=\"auto\">Samedi 7 d\u00e9cembre \u00e0 Notre Dame, nous attendons tout le gratin du monde \u00ab civilis\u00e9 \u00bb qui vient salir l\u2019\u00e2me de Victor Hugo.<\/span><span data-ccp-props=\"{}\">\u00a0<\/span><\/p>\n<p><span data-contrast=\"auto\">Une longue liste d\u2019invit\u00e9s est attendue, Macron dans son \u00e9l\u00e9ment, Brigitte en\u2026 j\u2019h\u00e9site entre Dior et Vuitton.<\/span><span data-ccp-props=\"{}\">\u00a0<\/span><\/p>\n<p><span data-contrast=\"auto\">Les Biden, Joe, Jill et peut-\u00eatre Hunter, maintenant que papa est intervenu\u2026et leur triste CIA qui fait merveille en Ukraine.<\/span><span data-ccp-props=\"{}\">\u00a0<\/span><\/p>\n<p><span data-contrast=\"auto\">Charles et Camilla, les pr\u00e9sentoirs \u00e0 pierre pr\u00e9cieuses, et leur triste MI6 qui fait merveille en Ukraine.<\/span><span data-ccp-props=\"{}\">\u00a0<\/span><\/p>\n<p><span data-contrast=\"auto\">Ces anglo-saxons et leurs guerres perp\u00e9tuelles des indiens aux ukrainiens, faites le compte !\u00a0\u00a0<\/span><span data-ccp-props=\"{}\">\u00a0<\/span><\/p>\n<p><span data-contrast=\"auto\">Volodymyr et son Olena, Cartier elle aime la marque, Volodymyr les propri\u00e9t\u00e9s, Olena les bijoux, tout cet argent\u2026 Zelensky, chef des tatou\u00e9s, qui font merveille en Ukraine.<\/span><span data-ccp-props=\"{}\">\u00a0<\/span><\/p>\n<p><span data-contrast=\"auto\">Pr\u00e9sents, Hollande, Minsk, les diaboliques, Boris Johnson et Ursula von der Leyen, battez-vous,<\/span><span data-ccp-props=\"{}\"> <\/span><span data-contrast=\"auto\">nous fournirons les canons, les millions et on vous fera une remise sur les cercueils.<\/span><span data-ccp-props=\"{}\">\u00a0<\/span><\/p>\n<p><span data-contrast=\"auto\">Ces Goebbels, il faut vous pr\u00e9parer les gueux, les russes vont attaquer l\u2019Europe\u2026 ignoble.<\/span><span data-ccp-props=\"{}\">\u00a0<\/span><\/p>\n<p><span data-contrast=\"auto\">Evidemment tout l\u2019audio-visuel va nous polluer pendant des heures, avec aux 20H les meilleurs moments. Nos cha\u00eenes d\u2019infos et leurs plateaux avec ses poules caqueteuses, ces coqs castr\u00e9s et tous ces Nivelle des temps modernes, nous parlerons encore et encore du conflit avec la m\u00eame propagande \u00e0 laquelle toute personne bien inform\u00e9e ne cro\u00eet pas.<\/span><span data-ccp-props=\"{}\">\u00a0<\/span><\/p>\n<p><span data-contrast=\"auto\">Il faut rappeler, marteler, que cette guerre a \u00e9t\u00e9 provoqu\u00e9e depuis 2004 par les anglo-saxons, ce sont ces m\u00eames anglo-saxons qui le disent, il faut les croire.<\/span><span data-ccp-props=\"{}\">\u00a0<\/span><\/p>\n<p><span data-contrast=\"auto\">Dans cet empire du mensonge, peu de voix s\u2019\u00e9l\u00e8vent, heureusement nous avons nos journalistes ind\u00e9pendants, de toutes nationalit\u00e9s, ceux qu\u2019on nomme \u00ab des pro-russes \u00bb qui sont sur le terrain et qui s\u2019expriment sur T\u00e9l\u00e9gram au p\u00e9ril de leur vie, Zelensky n\u2019aime pas les ind\u00e9pendants, il est o\u00f9 Pavel Macron ?\u00a0\u00a0\u00a0\u00a0<\/span><span data-ccp-props=\"{}\">\u00a0<\/span><\/p>\n<p><span data-contrast=\"auto\">Sur T\u00e9l\u00e9gram, vous avez les vid\u00e9os que nos 20H ne montrent jamais. Depuis 2014\u2026<\/span><span data-ccp-props=\"{}\">\u00a0<\/span><\/p>\n<p><span data-contrast=\"auto\">Des enfants russophones qui sortent des caves et qui ont d\u00e9j\u00e0 les cheveux gris, terroris\u00e9s par les tatou\u00e9s de Zelensky \u2026 les photos des fillettes d\u00e9chiquet\u00e9es par Caesars Macron, les enfants brul\u00e9s vifs dans leur bus, etc etc etc, attention ces images peuvent choquer.<\/span><span data-ccp-props=\"{}\">\u00a0<\/span><\/p>\n<p><span data-contrast=\"auto\">En fond de t\u00e9l\u00e9, ces enfants qui se pi\u00e9tinent pour un morceau de pain, combien de pains, un seul canon Macron ? Le regard de ces enfants hagards qui cherchent leur m\u00e8re dans les d\u00e9combres, des armes, de la d\u00e9solation, des armes encore.<\/span><span data-ccp-props=\"{}\">\u00a0<\/span><\/p>\n<p><span data-contrast=\"auto\">\u00c9videmment, tout cela n\u2019est possible qu\u2019avec l\u2019aide des occidentaux, les m\u00eames qui viendront \u00e0 Notre Dame, la conscience en paix \u00ab tu ne tueras point \u00bb \u00ab Soyez en paix avec tous les hommes \u00bb.<\/span><span data-ccp-props=\"{}\">\u00a0<\/span><\/p>\n<p><span data-contrast=\"auto\">\u00ab Depuis six mille ans, la guerre pla\u00eet aux peuples querelleurs, et Dieu perd son temps \u00e0 faire les \u00e9toiles et les fleurs \u00bb Victor Hugo.<\/span><span data-ccp-props=\"{}\">\u00a0<\/span><\/p>\n<p><span data-contrast=\"auto\">Il a eu raison Fran\u00e7ois de pr\u00e9f\u00e9rer nos amis Corses !<\/span><span data-ccp-props=\"{}\">\u00a0<\/span><\/p>\n<\/div>\n<p><script>(function(d, s, id) {  var js, fjs = d.getElementsByTagName(s)[0];  if (d.getElementById(id)) return;  js = d.createElement(s); js.id = id;  js.src = \"\/\/connect.facebook.net\/fr_FR\/sdk.js#xfbml=1&version=v2.3\";  fjs.parentNode.insertBefore(js, fjs);}(document, \"script\", \"facebook-jssdk\"));<\/script><br \/>\n<br \/><br \/>\n<br \/><a href=\"https:\/\/www.francesoir.fr\/opinions-tribunes\/quand-l-elite-mondiale-celebre-notre-dame-l-ombre-de-victor-hugo-plane-sur-les\" target=\"_blank\"\">Source link <\/a><\/p>\n","protected":false},"excerpt":{"rendered":"<p>Lettre \u00e0 tous nos politiques et journalistes.\u00a0 Samedi 7 d\u00e9cembre \u00e0 Notre Dame, nous attendons tout le gratin du monde \u00ab civilis\u00e9 \u00bb qui vient salir l\u2019\u00e2me de Victor Hugo.\u00a0&hellip; <\/p>\n","protected":false},"author":1,"featured_media":1599,"comment_status":"open","ping_status":"open","sticky":false,"template":"","format":"standard","meta":{"footnotes":""},"categories":[1],"tags":[],"class_list":["post-1598","post","type-post","status-publish","format-standard","has-post-thumbnail","hentry","category-non-classe"],"_links":{"self":[{"href":"https:\/\/monde25.info\/index.php\/wp-json\/wp\/v2\/posts\/1598","targetHints":{"allow":["GET"]}}],"collection":[{"href":"https:\/\/monde25.info\/index.php\/wp-json\/wp\/v2\/posts"}],"about":[{"href":"https:\/\/monde25.info\/index.php\/wp-json\/wp\/v2\/types\/post"}],"author":[{"embeddable":true,"href":"https:\/\/monde25.info\/index.php\/wp-json\/wp\/v2\/users\/1"}],"replies":[{"embeddable":true,"href":"https:\/\/monde25.info\/index.php\/wp-json\/wp\/v2\/comments?post=1598"}],"version-history":[{"count":0,"href":"https:\/\/monde25.info\/index.php\/wp-json\/wp\/v2\/posts\/1598\/revisions"}],"wp:featuredmedia":[{"embeddable":true,"href":"https:\/\/monde25.info\/index.php\/wp-json\/wp\/v2\/media\/1599"}],"wp:attachment":[{"href":"https:\/\/monde25.info\/index.php\/wp-json\/wp\/v2\/media?parent=1598"}],"wp:term":[{"taxonomy":"category","embeddable":true,"href":"https:\/\/monde25.info\/index.php\/wp-json\/wp\/v2\/categories?post=1598"},{"taxonomy":"post_tag","embeddable":true,"href":"https:\/\/monde25.info\/index.php\/wp-json\/wp\/v2\/tags?post=1598"}],"curies":[{"name":"wp","href":"https:\/\/api.w.org\/{rel}","templated":true}]}}