{"id":15985,"date":"2025-09-16T13:52:35","date_gmt":"2025-09-16T11:52:35","guid":{"rendered":"https:\/\/monde25.info\/index.php\/2025\/09\/16\/le-tchad-ouvre-la-voie-a-une-revision-constitutionnelle-sur-le-mandat-presidentiel-et-les-reformes-institutionnelles-rt-en-francais\/"},"modified":"2025-09-16T13:52:35","modified_gmt":"2025-09-16T11:52:35","slug":"le-tchad-ouvre-la-voie-a-une-revision-constitutionnelle-sur-le-mandat-presidentiel-et-les-reformes-institutionnelles-rt-en-francais","status":"publish","type":"post","link":"https:\/\/monde25.info\/index.php\/2025\/09\/16\/le-tchad-ouvre-la-voie-a-une-revision-constitutionnelle-sur-le-mandat-presidentiel-et-les-reformes-institutionnelles-rt-en-francais\/","title":{"rendered":"Le Tchad ouvre la voie \u00e0 une r\u00e9vision constitutionnelle sur le mandat pr\u00e9sidentiel et les r\u00e9formes institutionnelles \u2014 RT en fran\u00e7ais"},"content":{"rendered":"<p> <br \/>\n<br \/><img decoding=\"async\" src=\"https:\/\/mf.b37mrtl.ru\/french\/images\/2025.09\/thumbnail\/68c9434687f3ec77d16e3095.jpg\" \/><\/p>\n<div>\n<p class=\"text__summary\">\n                                        Le Tchad entame une r\u00e9vision de sa Constitution, avec un projet de loi adopt\u00e9 par l\u2019Assembl\u00e9e et le S\u00e9nat. Les amendements portent notamment sur le mandat pr\u00e9sidentiel et ouvrent la voie \u00e0 un d\u00e9bat l\u00e9gislatif d\u00e9cisif sur les bases du pouvoir politique.\n                                    <\/p>\n<p>Les d\u00e9put\u00e9s tchadiens ont adopt\u00e9, en s\u00e9ance pl\u00e9ni\u00e8re le 15 septembre, le rapport de la Commission sp\u00e9ciale sur la r\u00e9vision technique de la Constitution du 29 d\u00e9cembre 2023, \u00e0 une \u00e9crasante majorit\u00e9 de 171 voix pour, 1 contre et aucune abstention. Ce vote marque la prise en consid\u00e9ration d\u2019une proposition de loi constitutionnelle visant \u00e0 introduire plusieurs ajustements institutionnels et politiques. Il ne constitue pas une modification imm\u00e9diate de la Loi fondamentale, mais ouvre la voie \u00e0 un d\u00e9bat dans les prochaines semaines.<\/p>\n<p>Le m\u00eame jour, le S\u00e9nat tchadien, r\u00e9uni en s\u00e9ance pl\u00e9ni\u00e8re pour l\u2019ouverture de sa deuxi\u00e8me session ordinaire de 2025, a examin\u00e9 le texte et l\u2019a adopt\u00e9 \u00e0 une large majorit\u00e9 de 61 voix pour, 4 contre et 2 abstentions.<\/p>\n<h2>Les amendements propos\u00e9s<\/h2>\n<p>La proposition de loi comporte plusieurs amendements techniques, dont le passage du mandat pr\u00e9sidentiel du quinquennat au septennat renouvelable, justifi\u00e9 par la volont\u00e9 de renforcer la stabilit\u00e9 institutionnelle ; la cr\u00e9ation du poste de vice-Premier ministre et l\u2019harmonisation des mandats des d\u00e9put\u00e9s, s\u00e9nateurs et \u00e9lus locaux \u00e0 six ans, afin de consolider la coh\u00e9rence du syst\u00e8me politique.<\/p>\n<p>Les autres amendements pr\u00e9voient le financement public des campagnes \u00e9lectorales, per\u00e7u comme un moyen de r\u00e9duire l\u2019influence des financements priv\u00e9s et de favoriser une comp\u00e9tition plus \u00e9quitable ; la suppression de l\u2019alin\u00e9a 2 de l\u2019article 77, un amendement controvers\u00e9 qui permettrait au pr\u00e9sident de la R\u00e9publique de diriger un parti politique ; la transformation du \u00ab M\u00e9diateur de la R\u00e9publique \u00bb en \u00ab M\u00e9diature de la R\u00e9publique \u00bb, refl\u00e9tant une recherche de modernisation institutionnelle ; la responsabilisation p\u00e9nale des membres du gouvernement devant les juridictions de droit commun pour crimes et d\u00e9lits \u00e9conomiques et financiers. Enfin, l\u2019instauration d\u2019une pause estivale pour le pr\u00e9sident de la R\u00e9publique et le Premier ministre d\u00e9note une tentative d\u2019aligner la pratique institutionnelle sur les standards observ\u00e9s \u00e0 l\u2019international, en m\u00e9nageant un temps de pause politique.<\/p>\n<h2>Un long parcours l\u00e9gislatif<\/h2>\n<p>Apr\u00e8s la double validation par l\u2019Assembl\u00e9e nationale et le S\u00e9nat tchadiens, les deux chambres devront se r\u00e9unir en Congr\u00e8s d\u00e8s le 13 octobre prochain pour d\u00e9cider d\u2019ent\u00e9riner ou non la r\u00e9vision constitutionnelle, qui ne pourra avoir lieu qu\u2019\u00e0 condition d\u2019obtenir une majorit\u00e9 des trois cinqui\u00e8mes en sa faveur. L\u2019installation formelle du Congr\u00e8s et la mise en place d\u2019une commission sp\u00e9ciale charg\u00e9e de r\u00e9diger son r\u00e8glement int\u00e9rieur devraient avoir lieu le 17 septembre.<\/p>\n<p>Les prochaines semaines seront d\u00e9cisives pour d\u00e9terminer la solidit\u00e9 du consensus autour de la r\u00e9vision constitutionnelle et pour juger de la capacit\u00e9 des institutions du pays \u00e0 engager des r\u00e9formes susceptibles de modifier profond\u00e9ment les bases du pouvoir politique tchadien.<\/p>\n<\/div>\n<p><br \/>\n<br \/><a href=\"https:\/\/francais.rt.com\/afrique\/125314-tchad-ouvre-voie-revision-constitutionnelle-mandat-presidentiel-reformes-institutionnelles\" target=\"_blank\"\">Source link <\/a><\/p>\n","protected":false},"excerpt":{"rendered":"<p>Le Tchad entame une r\u00e9vision de sa Constitution, avec un projet de loi adopt\u00e9 par l\u2019Assembl\u00e9e et le S\u00e9nat. Les amendements portent notamment sur le mandat pr\u00e9sidentiel et ouvrent la&hellip; <\/p>\n","protected":false},"author":1,"featured_media":15986,"comment_status":"open","ping_status":"open","sticky":false,"template":"","format":"standard","meta":{"footnotes":""},"categories":[1],"tags":[],"class_list":["post-15985","post","type-post","status-publish","format-standard","has-post-thumbnail","hentry","category-non-classe"],"_links":{"self":[{"href":"https:\/\/monde25.info\/index.php\/wp-json\/wp\/v2\/posts\/15985","targetHints":{"allow":["GET"]}}],"collection":[{"href":"https:\/\/monde25.info\/index.php\/wp-json\/wp\/v2\/posts"}],"about":[{"href":"https:\/\/monde25.info\/index.php\/wp-json\/wp\/v2\/types\/post"}],"author":[{"embeddable":true,"href":"https:\/\/monde25.info\/index.php\/wp-json\/wp\/v2\/users\/1"}],"replies":[{"embeddable":true,"href":"https:\/\/monde25.info\/index.php\/wp-json\/wp\/v2\/comments?post=15985"}],"version-history":[{"count":0,"href":"https:\/\/monde25.info\/index.php\/wp-json\/wp\/v2\/posts\/15985\/revisions"}],"wp:featuredmedia":[{"embeddable":true,"href":"https:\/\/monde25.info\/index.php\/wp-json\/wp\/v2\/media\/15986"}],"wp:attachment":[{"href":"https:\/\/monde25.info\/index.php\/wp-json\/wp\/v2\/media?parent=15985"}],"wp:term":[{"taxonomy":"category","embeddable":true,"href":"https:\/\/monde25.info\/index.php\/wp-json\/wp\/v2\/categories?post=15985"},{"taxonomy":"post_tag","embeddable":true,"href":"https:\/\/monde25.info\/index.php\/wp-json\/wp\/v2\/tags?post=15985"}],"curies":[{"name":"wp","href":"https:\/\/api.w.org\/{rel}","templated":true}]}}