{"id":15990,"date":"2025-09-16T15:31:37","date_gmt":"2025-09-16T13:31:37","guid":{"rendered":"https:\/\/monde25.info\/index.php\/2025\/09\/16\/reconnaissance-de-la-palestine-vs-israel-lequation-a-renverser\/"},"modified":"2025-09-16T15:31:37","modified_gmt":"2025-09-16T13:31:37","slug":"reconnaissance-de-la-palestine-vs-israel-lequation-a-renverser","status":"publish","type":"post","link":"https:\/\/monde25.info\/index.php\/2025\/09\/16\/reconnaissance-de-la-palestine-vs-israel-lequation-a-renverser\/","title":{"rendered":"Reconnaissance de la Palestine vs \u201c Isra\u00ebl \u201d : l&rsquo;\u00e9quation \u00e0 renverser"},"content":{"rendered":"<p> <br \/>\n<\/p>\n<div id=\"\">\n<p>Sans remonter \u00e0 l\u2019origine du sionisme que chacun pourra retrouver par ses propres recherches, et en s\u2019en tenant \u00e0 la version officielle des choses, tout, absolument tout ce qui concerne la Palestine et \u201c\u00a0Isra\u00ebl\u00a0\u201d est tronqu\u00e9 depuis le d\u00e9but. Soit, depuis l\u2019\u00e9tablissement du Plan de partage par l\u2019ONU le 29 novembre 1947 par la R\u00e9solution 181, d\u2019un Etat juif aux c\u00f4t\u00e9s d\u2019un Etat arabe, sur les terres palestiniennes. Ce vote (qui n\u2019aurait dur\u00e9 que 3 minutes\u00a0!) permettra 6 mois plus tard (14 mai 1948) la cr\u00e9ation de l\u2019\u00c9tat d\u2019\u2018\u00a0Isra\u00ebl\u00a0\u2019&#8230; quand celui de la Palestine attend toujours. Ainsi, les juifs (alors environ 30% de la population de Palestine \u00e0 l\u2019\u00e9poque) obtiennent de facto 54% du territoire palestinien.<\/p>\n<p>Le n\u0153ud du probl\u00e8me provient de cette funeste d\u00e9cision prise par une s\u00e9rie d\u2019Etats \u2013 33 voix pour, 13 voix contre, 10 abstentions, et sans l\u2019avis des Palestiniens pourtant premiers concern\u00e9s \u2013 \u00e0 la sortie de la Seconde Guerre mondiale au cours de laquelle les pays alli\u00e9s ont gravement failli \u00e0 emp\u00eacher le r\u00e9gime nazi allemand de proc\u00e9der au sordide plan d\u2019extermination des juifs.<\/p>\n<p>Proc\u00e9dant de la sorte, ils ont pens\u00e9 que cela rach\u00e8terait moralement leur faute, nous chantant la main sur le c\u0153ur \u2019\u2019plus jamais \u00e7a\u2019\u2019, mais la faisant d\u00e8s lors porter par les Palestiniens qui n\u2019ont pourtant rien eu \u00e0 voir avec le g\u00e9nocide des juifs organis\u00e9 sur le sol europ\u00e9en. La suite des \u00e9v\u00e8nements plus d\u00e9sastreux les uns que les autres pour les Palestiniens, d\u00e9coule de ce point de d\u00e9part initial. G\u00e9nocide que certains Isra\u00e9liens n\u2019ont jamais cess\u00e9 d\u2019utiliser en rappelant r\u00e9guli\u00e8rement ce que des leurs avaient subi lors de cette trag\u00e9die.<\/p>\n<p>Depuis, la dimension eschatologique s\u2019y est ajout\u00e9e, d\u2019un c\u00f4t\u00e9 comme de l\u2019autre, rendant l\u2019affaire encore plus compliqu\u00e9e voire inextricable puisque tout le monde sait que \u201c\u00a0les voies du Seigneur sont imp\u00e9n\u00e9trables\u00a0\u2019\u2019. Et que, chacun ayant ses croyances, celle des premiers ne rencontreront jamais celles des suivants.<\/p>\n<p>Na\u00efvement sans doute, on aurait pu penser \u2013 esp\u00e9rer\u00a0? \u2013 que les pays arabo-musulmans seraient rest\u00e9s mobilis\u00e9s par solidarit\u00e9 envers leurs fr\u00e8res et s\u0153urs palestiniens. H\u00e9las, cela n\u2019a dur\u00e9 qu\u2019un temps. Et \u00e0 ce jour, en-dehors du Y\u00e9men et quelques groupes de r\u00e9sistance vivant en clandestinit\u00e9, c\u2019est sans compter les bassesses et les duplicit\u00e9s dont les humains sont capables d\u00e8s lors que leurs int\u00e9r\u00eats priment sur leur honneur et l\u2019id\u00e9e qu\u2019ils ont de la justice. D\u2019autre part, aurions-nous quelque le\u00e7on \u00e0 leur donner, quand lors des deux Guerres mondiales, les pays europ\u00e9ens se sont d\u00e9chir\u00e9s entre eux\u00a0?<\/p>\n<p>Mais, aujourd\u2019hui, comment compter sur ces pays qui par pi\u00e8tres calculs qui les \u00e9pargneraient, se sont soumis aux diktats \u00e9tasuniens en courant apr\u00e8s une \u2019\u2019normalisation\u2019\u2019 avec un r\u00e9gime terroriste qui, apr\u00e8s la Palestine, le Liban et la Syrie, finira par les attaquer aussi comme on vient de le voir avec un premier bombardement sur le Qatar, rest\u00e9 sans r\u00e9action \u00e0 la mesure de l\u2019agression\u00a0!?<\/p>\n<p>Il y a quelques jours, en 72 heures, ce r\u00e9gime de terreur a vis\u00e9 impun\u00e9ment Gaza, le Y\u00e9men, le Liban, la Syrie, la Tunisie et le Qatar\u00a0! Le plan du \u201c\u00a0Grand \u2018Isra\u00ebl\u00a0\u2019\u2019 avance, lentement, dangereusement, avec l\u2019appui de millions d\u2019\u00e9vang\u00e9liques \u00e9tasuniens, beaucoup plus nombreux que les sionistes juifs eux-m\u00eames.<\/p>\n<p>S\u2019y ajoutent les sp\u00e9culations des uns, l\u2019opportunisme des autres, la tra\u00eetrise, la sournoiserie, l\u2019indignit\u00e9 et le d\u00e9shonneur qui se g\u00e9n\u00e9ralisent et se troquent pour quelques valises de dollars, sans parler de la l\u00e2chet\u00e9 de tous ceux qui d\u00e9tiennent l\u2019information, voient le d\u00e9roulement du drame des Palestiniens, ont le pouvoir d\u2019intervenir mais regardent sans rien faire (je ne dis pas \u201c\u00a0sans rien dire\u00a0\u201d parce qu\u2019au niveau de leurs d\u00e9clarations verbales ces m\u00eames l\u00e2ches rivalisent avec les \u00e9oliennes).<\/p>\n<p>78 ans plus tard, voil\u00e0 o\u00f9 nous en sommes\u00a0: une Palestine d\u00e9vast\u00e9e, voire bient\u00f4t annex\u00e9e totalement, avec l\u2019odieuse complicit\u00e9 de la mentalit\u00e9 coloniale qui a toujours anim\u00e9 l\u2019Europe (et l\u2019asservissement de pays arabo-musulmans). N\u2019est qu\u2019\u00e0 voir ce qui s\u2019est pass\u00e9 au fil des si\u00e8cles en Afrique, en Am\u00e9rique au nord comme au sud, en Asie et en Australie pour reprendre les continents o\u00f9 la poigne supr\u00e9maciste coloniale europ\u00e9enne a exerc\u00e9 ses abominables crimes.<\/p>\n<p>Comme il nous est impossible de refaire l\u2019Histoire et de revenir en arri\u00e8re, au moins devrait-on prendre le temps de nous pencher sur le pass\u00e9 pour qu\u2019il nous guide (peut-\u00eatre\u00a0?) dans l\u2019avenir. Et au moins devrait-on alors faire acte d\u2019un minimum de d\u00e9cence et d\u2019un maximum de responsabilit\u00e9 pour jauger les d\u00e9cisions prises par nos gouvernements ant\u00e9rieurs. En dresser le bilan. Et en corriger la trajectoire avec les r\u00e9parations qui s\u2019imposent au profit des Nations asservies et leurs citoyens spoli\u00e9s.<\/p>\n<p>Ces derniers temps, apr\u00e8s bient\u00f4t 2 ans d\u2019un g\u00e9nocide orchestr\u00e9 par le couple maudit isra\u00e9lo-\u00e9tasunien avec la complicit\u00e9 tacite des Europ\u00e9ens pour liquider Gaza et annexer ce qui reste de la Cisjordanie, on entend ici-et-l\u00e0 quelques voix timides \u2013\u00a0d\u00e9sign\u00e9es d\u00e9sormais (ne riez pas) comme \u2019\u2019h\u00e9ro\u00efques\u2019\u2019 \u2013\u00a0se  prononcer pour la reconnaissance de l\u2019\u00c9tat palestinien. Cette annonce a m\u00eame \u00e9t\u00e9 brandie (ne riez toujours pas) comme menace envers \u201c\u00a0Isra\u00ebl\u00a0\u201d par Kaja Kallas, la \u2019\u2019Haute repr\u00e9sentante de l\u2019UE pour les Affaires \u00e9trang\u00e8res et la s\u00e9curit\u00e9\u2019\u2019, sous r\u00e9serve d\u2019un cessez-le-feu \u00e0 Gaza. Quelle hypocrisie\u00a0! Quelle honte\u00a0! Cette reconnaissance toute symbolique d\u2019un Etat palestinien a juste l\u2019effet inverse de celui annonc\u00e9\u00a0: les responsables politiques isra\u00e9liens d\u00e9clarent \u00e0 tour de r\u00f4le, et de mani\u00e8re d\u00e9complex\u00e9e, qu\u2019il n\u2019y aura jamais d\u2019\u00c9tat palestinien\u00a0! Comment donc, ces irresponsables politiques si prolifiques en d\u00e9clarations creuses vont-ils contraindre le r\u00e9gime terroriste isra\u00e9lien \u00e0 respecter ce qui serait le futur Etat palestinien si m\u00eame le g\u00e9nocide qui se d\u00e9roule en direct sous leurs yeux ne les fait pas r\u00e9agir avec fermet\u00e9 en utilisant des mesures ad\u00e9quates\u00a0? Quelle foutaise\u00a0!<\/p>\n<p>Je pense qu\u2019apr\u00e8s tant de d\u00e9cennies de gabegies et d\u2019incuries diplomatiques, il n\u2019y a que deux moyens de parvenir \u00e0 une solution \u00e0 la situation catastrophique du moment\u00a0:<\/p>\n<p>1\/ soit, et puisque tout le monde voit bien qu\u2019il n\u2019y a que la force qui pr\u00e9vaut, une coalition arm\u00e9e, puissante et d\u00e9termin\u00e9e, contraint le r\u00e9gime de terreur isra\u00e9lien \u00e0 revenir jusqu\u2019aux fronti\u00e8res de la Ligne Verte pour y \u00e9tablir alors l\u2019\u00c9tat arabe palestinien sur les fronti\u00e8res de 1967&#8230; avec le risque d\u2019entra\u00eener un bain de sang encore plus important que celui auquel nous assistons, ce qui est donc peu probable,<\/p>\n<p>2\/ soit, l\u2019on renverse l\u2019\u00e9quation\u00a0: puisque les racistes des divers gouvernements isra\u00e9liens ne veulent pas reconna\u00eetre d\u2019\u00c9tat palestinien, l\u2019organisation des Nations-Unies d\u00e9nonce l\u2019\u00c9tat isra\u00e9lien et ne le reconna\u00eet plus comme appartenant \u00e0 la communaut\u00e9 des Nations, contraint ces derni\u00e8res \u00e0 rompre toute forme de contact avec lui, coupant au passage tout approvisionnement en p\u00e9trole (carburant de son arm\u00e9e), et ne reconna\u00eet plus que le seul Etat arabe palestinien \u2013\u00a0la Palestine historique\u00a0\u2013 o\u00f9 vivront tous les citoyens qui le d\u00e9sirent, selon les normes d\u00e9mocratiques qu\u2019elle \u00e9rige \u00e0 tout moment comme mod\u00e8le aux yeux du monde entier.<\/p>\n<p>Sans d\u00e9cision \u00e9nergique et r\u00e9solue de l\u2019ensemble des Etats face au drame humanitaire que l\u2019on voit empirer et s\u2019\u00e9tendre chaque jour dans la r\u00e9gion, celui-ci finira par exploser \u00e0 la figure de ceux qui seront rest\u00e9s spectateurs, se contentant de vaines lamentations en pensant que leur \u00e9loignement de la zone de ce g\u00e9nocide les pr\u00e9servait de tout retour de flamme. Croyez-le ou non, cela ne durera pas, il y a urgence. Tant pour ceux de l\u00e0-bas que pour nous ici. Les populations arabo-musulmanes qui depuis des d\u00e9cennies paient de leur chair et de celle de leurs enfants nos interventions militaires sous de faux pr\u00e9textes, finiront par r\u00e9agir \u00e0 ces flagrantes injustices. Une r\u00e9sistance plus forte, plus vaste et mieux organis\u00e9e qu\u2019actuellement en \u00e9mergera. Demain&#8230; ou \u00e0 la g\u00e9n\u00e9ration suivante, celle de nos enfants ou de nos petits-enfants, qui se souviendront alors de la duplicit\u00e9 de leurs parents, et pourront leur rappeler cet adage plus vrai que jamais et qu\u2019ils ont ignor\u00e9\u00a0:\u00a0\u00ab\u00a0Nos actes nous suivent\u00a0\u00bb.<\/p>\n<p><strong>Daniel Vanhove &#8211;<\/strong><br class=\"autobr\"\/><br \/>\n13.09.25<\/p>\n<\/div>\n<p><br \/>\n<br \/><a href=\"https:\/\/www.legrandsoir.info\/reconnaissance-de-la-palestine-vs-israel-l-equation-a-renverser.html\" target=\"_blank\"\">Source link <\/a><\/p>\n","protected":false},"excerpt":{"rendered":"<p>Sans remonter \u00e0 l\u2019origine du sionisme que chacun pourra retrouver par ses propres recherches, et en s\u2019en tenant \u00e0 la version officielle des choses, tout, absolument tout ce qui concerne&hellip; <\/p>\n","protected":false},"author":1,"featured_media":15991,"comment_status":"open","ping_status":"open","sticky":false,"template":"","format":"standard","meta":{"footnotes":""},"categories":[1],"tags":[],"class_list":["post-15990","post","type-post","status-publish","format-standard","has-post-thumbnail","hentry","category-non-classe"],"_links":{"self":[{"href":"https:\/\/monde25.info\/index.php\/wp-json\/wp\/v2\/posts\/15990","targetHints":{"allow":["GET"]}}],"collection":[{"href":"https:\/\/monde25.info\/index.php\/wp-json\/wp\/v2\/posts"}],"about":[{"href":"https:\/\/monde25.info\/index.php\/wp-json\/wp\/v2\/types\/post"}],"author":[{"embeddable":true,"href":"https:\/\/monde25.info\/index.php\/wp-json\/wp\/v2\/users\/1"}],"replies":[{"embeddable":true,"href":"https:\/\/monde25.info\/index.php\/wp-json\/wp\/v2\/comments?post=15990"}],"version-history":[{"count":0,"href":"https:\/\/monde25.info\/index.php\/wp-json\/wp\/v2\/posts\/15990\/revisions"}],"wp:featuredmedia":[{"embeddable":true,"href":"https:\/\/monde25.info\/index.php\/wp-json\/wp\/v2\/media\/15991"}],"wp:attachment":[{"href":"https:\/\/monde25.info\/index.php\/wp-json\/wp\/v2\/media?parent=15990"}],"wp:term":[{"taxonomy":"category","embeddable":true,"href":"https:\/\/monde25.info\/index.php\/wp-json\/wp\/v2\/categories?post=15990"},{"taxonomy":"post_tag","embeddable":true,"href":"https:\/\/monde25.info\/index.php\/wp-json\/wp\/v2\/tags?post=15990"}],"curies":[{"name":"wp","href":"https:\/\/api.w.org\/{rel}","templated":true}]}}