{"id":15992,"date":"2025-09-16T16:37:41","date_gmt":"2025-09-16T14:37:41","guid":{"rendered":"https:\/\/monde25.info\/index.php\/2025\/09\/16\/inaction-ecologique-meme-la-cour-des-comptes-tacle-letat\/"},"modified":"2025-09-16T16:37:41","modified_gmt":"2025-09-16T14:37:41","slug":"inaction-ecologique-meme-la-cour-des-comptes-tacle-letat","status":"publish","type":"post","link":"https:\/\/monde25.info\/index.php\/2025\/09\/16\/inaction-ecologique-meme-la-cour-des-comptes-tacle-letat\/","title":{"rendered":"Inaction \u00e9cologique\u00a0: m\u00eame la Cour des comptes tacle l&#039;\u00c9tat"},"content":{"rendered":"<p> <br \/>\n<br \/><img loading=\"lazy\" decoding=\"async\" src=\"https:\/\/reporterre.net\/local\/cache-vignettes\/L700xH467\/cour_des_comptes_paris_entree-modified_1_-3b1cd.jpg?1758029746\" class=\"spip_logo\" width=\"700\" height=\"467\" alt=\"\" \/><\/p>\n<p>\u00ab<small class=\"fine d-inline\">\u00a0<\/small>Le co\u00fbt de la transition est bien inf\u00e9rieur \u00e0 celui de l&rsquo;inaction<small class=\"fine d-inline\">\u00a0<\/small>\u00bb, a rappel\u00e9 la Cour des comptes dans un rapport sur les politiques publiques en mati\u00e8re d&rsquo;\u00e9cologie. Elle appelle \u00e0 \u00ab<small class=\"fine d-inline\">\u00a0<\/small>un effort d&rsquo;investissement consid\u00e9rable<small class=\"fine d-inline\">\u00a0<\/small>\u00bb. <br class=\"autobr\" \/> Attention \u00e0 ne pas jeter l&rsquo;action \u00e9cologique avec l&rsquo;eau du bain aust\u00e9ritaire. Telle est l&rsquo;alerte lanc\u00e9e le 16\u00a0septembre par la Cour des comptes. Une fois n&rsquo;est pas coutume, la v\u00e9n\u00e9rable institution \u2014 \u00ab<small class=\"fine d-inline\">\u00a0<\/small>qui n&rsquo;est pas constitu\u00e9e de militants \u00e9cologistes<small class=\"fine d-inline\">\u00a0<\/small>\u00bb, a\u00a0(\u2026)<\/p>\n<p>                    <a target=\"_blank\" href=\"https:\/\/reporterre.net\/Inaction-ecologique-meme-la-Cour-des-comptes-tacle-l-Etat?utm_source=RSS&amp;utm_medium=RSS\">Lire la suite<\/a><\/p>\n<p>                    &#8211;<br \/>\n                        <a target=\"_blank\" href=\"https:\/\/reporterre.net\/Autres-infos\" rel=\"directory\">Info<\/a><\/p>\n<p>                    \/<br \/>\n                        <a target=\"_blank\" href=\"https:\/\/reporterre.net\/Economie\" rel=\"tag\">\u00c9conomie<\/a><br \/>\n                    ,<br \/>\n                        <a target=\"_blank\" href=\"https:\/\/reporterre.net\/Politique\" rel=\"tag\">Politique<\/a><br \/>\n<br \/><br \/>\n<br \/><a href=\"https:\/\/reporterre.net\/Inaction-ecologique-meme-la-Cour-des-comptes-tacle-l-Etat\" target=\"_blank\"\">Source link <\/a><\/p>\n","protected":false},"excerpt":{"rendered":"<p>\u00ab\u00a0Le co\u00fbt de la transition est bien inf\u00e9rieur \u00e0 celui de l&rsquo;inaction\u00a0\u00bb, a rappel\u00e9 la Cour des comptes dans un rapport sur les politiques publiques en mati\u00e8re d&rsquo;\u00e9cologie. Elle appelle&hellip; <\/p>\n","protected":false},"author":1,"featured_media":0,"comment_status":"open","ping_status":"open","sticky":false,"template":"","format":"standard","meta":{"footnotes":""},"categories":[1],"tags":[],"class_list":["post-15992","post","type-post","status-publish","format-standard","hentry","category-non-classe"],"_links":{"self":[{"href":"https:\/\/monde25.info\/index.php\/wp-json\/wp\/v2\/posts\/15992","targetHints":{"allow":["GET"]}}],"collection":[{"href":"https:\/\/monde25.info\/index.php\/wp-json\/wp\/v2\/posts"}],"about":[{"href":"https:\/\/monde25.info\/index.php\/wp-json\/wp\/v2\/types\/post"}],"author":[{"embeddable":true,"href":"https:\/\/monde25.info\/index.php\/wp-json\/wp\/v2\/users\/1"}],"replies":[{"embeddable":true,"href":"https:\/\/monde25.info\/index.php\/wp-json\/wp\/v2\/comments?post=15992"}],"version-history":[{"count":0,"href":"https:\/\/monde25.info\/index.php\/wp-json\/wp\/v2\/posts\/15992\/revisions"}],"wp:attachment":[{"href":"https:\/\/monde25.info\/index.php\/wp-json\/wp\/v2\/media?parent=15992"}],"wp:term":[{"taxonomy":"category","embeddable":true,"href":"https:\/\/monde25.info\/index.php\/wp-json\/wp\/v2\/categories?post=15992"},{"taxonomy":"post_tag","embeddable":true,"href":"https:\/\/monde25.info\/index.php\/wp-json\/wp\/v2\/tags?post=15992"}],"curies":[{"name":"wp","href":"https:\/\/api.w.org\/{rel}","templated":true}]}}