{"id":15993,"date":"2025-09-16T17:10:39","date_gmt":"2025-09-16T15:10:39","guid":{"rendered":"https:\/\/monde25.info\/index.php\/2025\/09\/16\/la-generation-z-fait-tomber-le-gouvernement\/"},"modified":"2025-09-16T17:10:39","modified_gmt":"2025-09-16T15:10:39","slug":"la-generation-z-fait-tomber-le-gouvernement","status":"publish","type":"post","link":"https:\/\/monde25.info\/index.php\/2025\/09\/16\/la-generation-z-fait-tomber-le-gouvernement\/","title":{"rendered":"la g\u00e9n\u00e9ration Z fait tomber le gouvernement"},"content":{"rendered":"<p> <br \/>\n<\/p>\n<div>\n<h4><b>Le N\u00e9pal vient de vivre un bouleversement politique majeur, \u00e0 la fois brutal et porteur d\u2019espoir. Apr\u00e8s une semaine de manifestations sanglantes contre la corruption et l\u2019autoritarisme, le Parlement a \u00e9t\u00e9 dissous, et\u00a0<\/b><strong><b>Sushila Karki a \u00e9t\u00e9 nomm\u00e9e Premi\u00e8re ministre. Une d\u00e9cision in\u00e9dite pour ce pays\u00a0<\/b><\/strong><b>marqu\u00e9 par la domination masculine, la corruption et les in\u00e9galit\u00e9s.<\/b><\/h4>\n<p>Tout a commenc\u00e9 avec une \u00e9tincelle : <a target=\"_blank\" href=\"https:\/\/www.franceinfo.fr\/monde\/asie\/reseaux-sociaux-bloques-premier-ministre-contraint-a-la-demission-parlement-incendie-que-se-passe-t-il-au-nepal-secoue-par-de-violentes-emeutes_7484257.html\">l\u2019interdiction soudaine de 26 r\u00e9seaux sociaux<\/a>, dont Facebook et YouTube. Pour beaucoup, c\u2019\u00e9tait la goutte d\u2019eau d\u2019un vase d\u00e9j\u00e0 plein, une frustration diffuse qui s\u2019accumule depuis 20 ans face \u00e0 <strong>l\u2019extr\u00eame pauvret\u00e9, le ch\u00f4mage des jeunes (<a target=\"_blank\" href=\"https:\/\/www.franceinfo.fr\/monde\/asie\/cette-frustration-s-accumule-depuis-plus-de-20-ans-pourquoi-les-tensions-restent-vives-au-nepal-malgre-le-depart-du-gouvernement_7488097.html\">20 % des N\u00e9palais de 15 \u00e0 24 ans concern\u00e9s<\/a>), le <a target=\"_blank\" href=\"https:\/\/www.france24.com\/fr\/asie-pacifique\/20250913-nepo-kids-babies-nepal-tiktok-revolte-gen-z-philippine-in%C3%A9galit%C3%A9s\">n\u00e9potisme<\/a> (affich\u00e9 par les enfants des \u00e9lites, les \u00ab\u00a0nepo kids\u00a0\u00bb, qui \u00e9talent leurs privil\u00e8ges et leur vie de luxe sur les r\u00e9seaux sociaux), la <a target=\"_blank\" href=\"https:\/\/www.france24.com\/fr\/asie-pacifique\/20250913-nepo-kids-babies-nepal-tiktok-revolte-gen-z-philippine-in%C3%A9galit%C3%A9s\">corruption galopante<\/a>\u2026<\/strong><\/p>\n<p>Des injustices d\u00e9nonc\u00e9es depuis des ann\u00e9es par la g\u00e9n\u00e9ration Z qui a vu\u00a0dans cette mesure de blocage des plateformes num\u00e9riques, <strong>une attaque non seulement contre la libert\u00e9 d\u2019expression, mais contre leur avenir m\u00eame.<\/strong><\/p>\n<h2 class=\"western\"><strong>Le soul\u00e8vement : la Gen Z monte au front<\/strong><\/h2>\n<p>Au 8 septembre 2025, les rues de Katmandou et d\u2019autres villes se sont remplies de manifestants en col\u00e8re. <strong>U<\/strong><b>ne situation in\u00e9dite depuis l\u2019abolition de la monarchie en 2008<\/b><strong>, apr\u00e8s laquelle se sont succ\u00e9d\u00e9 des gouvernements tenus par des hommes politiques vieillissants,<\/strong> d\u00e9connect\u00e9s de la r\u00e9alit\u00e9 du pays.<\/p>\n<p>Les slogans r\u00e9clamaient des comptes : arr\u00eat de la corruption, de la nomination d\u2019\u00e9lites hors sol, des pratiques autoritaires. <a target=\"_blank\" href=\"https:\/\/www.franceinfo.fr\/monde\/asie\/au-nepal-des-manifestants-ont-mis-le-feu-au-parlement_7482418.html\"><b>Rapidement, des violences ont \u00e9clat\u00e9\u00a0: <\/b><b>d\u2019abord une intense r\u00e9pression polici\u00e8re puis,<\/b><b> des b\u00e2timents symboles du pouvoir incendi\u00e9<\/b><b>s (dont le Parlement et la r\u00e9sidence du Premier ministre)<\/b><b> <\/b><b>par les manifestants<\/b><\/a><b>.<\/b><\/p>\n<p>La col\u00e8re populaire s\u2019est aussi exprim\u00e9e de fa\u00e7on \u00e9tonnante : <a target=\"_blank\" href=\"https:\/\/www.leparisien.fr\/international\/la-jeunesse-en-a-ras-le-bol-au-nepal-les-raisons-de-la-colere-de-la-generation-z-12-09-2025-5TDPURILPNEORF5ETBPHO7HSHQ.php\">le ministre des Finances a \u00e9t\u00e9 captur\u00e9 par des manifestants, d\u00e9pouill\u00e9 de ses v\u00eatements et jet\u00e9 en cale\u00e7on dans une rivi\u00e8re<\/a>, image devenue virale qui symbolise la chute d\u2019une \u00e9lite m\u00e9pris\u00e9e.<\/p>\n<p><iframe loading=\"lazy\" title=\"La r\u00e9volte de la Gen Z au N\u00e9pal - La chronique de Mamari dans &quot;La derni\u00e8re&quot;\" width=\"1110\" height=\"624\" src=\"https:\/\/www.youtube.com\/embed\/5a8YzyHr_SY?feature=oembed\" frameborder=\"0\" allow=\"accelerometer; autoplay; clipboard-write; encrypted-media; gyroscope; picture-in-picture; web-share\" referrerpolicy=\"strict-origin-when-cross-origin\" allowfullscreen><\/iframe><\/p>\n<p>Les violences polici\u00e8res ont \u00e9t\u00e9 colossales : en plus du recours aux gaz lacrymog\u00e8nes, aux canons \u00e0 eau, et aux matraques, la police a aussi tir\u00e9 \u00e0 balles r\u00e9elles sur les manifestants.<b> Le bilan des manifestations est lourd : <a target=\"_blank\" href=\"https:\/\/www.20minutes.fr\/monde\/4172969-20250914-nepal-bilan-manifestations-alourdit-72-morts\">72 morts et des centaines de bless\u00e9s<\/a>. <\/b><\/p>\n<p>La pression populaire, la mise en cause du gouvernement de K.P. Sharma Oli, ainsi que la mobilisation continue des jeunes sur les places et sur les plateformes num\u00e9riques, ont fait basculer la situation. <strong>Le Premier ministre a d\u00e9missionn\u00e9, le Parlement a \u00e9t\u00e9 dissous, des ministres ont \u00e9t\u00e9 exfiltr\u00e9s par h\u00e9licopt\u00e8re.<\/strong><\/p>\n<h2 class=\"western\"><strong>Quand la rue rencontre le num\u00e9rique : une r\u00e9volution connect\u00e9e<\/strong><\/h2>\n<p>L\u2019un des \u00e9l\u00e9ments les plus \u00e9tonnants de cette r\u00e9volution populaire est la mani\u00e8re dont la jeunesse s\u2019est organis\u00e9e. Non pas seulement dans la rue, mais aussi dans le virtuel. <a target=\"_blank\" href=\"https:\/\/www.20minutes.fr\/high-tech\/by-the-web\/4172908-20250913-discord-bitchat-comment-generation-z-organise-contestation-nepal\"><b>Un serveur Discord de plus de <\/b><strong><b>145 000 membres<\/b><\/strong><b> est devenu l\u2019un des lieux centraux de d\u00e9bat, de nomination et de choix<\/b><\/a>. Les manifestants ont organis\u00e9 des discussions et des votes pour proposer des noms pour un gouvernement int\u00e9rimaire.<\/p>\n<p><iframe loading=\"lazy\" title=\"Le r\u00e9cap&#039; : les manifestations tournent au drame au N\u00e9pal\" width=\"1110\" height=\"624\" src=\"https:\/\/www.youtube.com\/embed\/AKOhgepXLTI?feature=oembed\" frameborder=\"0\" allow=\"accelerometer; autoplay; clipboard-write; encrypted-media; gyroscope; picture-in-picture; web-share\" referrerpolicy=\"strict-origin-when-cross-origin\" allowfullscreen><\/iframe><\/p>\n<p>Parmi les personnalit\u00e9s propos\u00e9es par le mouvement, celle de <strong>Sushila Karki revenait sans cesse : femme de loi, ancienne juge en cheffe de la Cour supr\u00eame, connue pour son int\u00e9grit\u00e9 et sa fermet\u00e9 contre la corruption<\/strong>. Elle ne faisait pas partie d\u2019une faction politique traditionnelle, ce qui la rendait cr\u00e9dible aux yeux des manifestants d\u00e9sireux de rupture.<\/p>\n<div class=\"td-a-rec td-a-rec-id-content_inline  tdi_1 td_block_template_1\">\n<span class=\"td-adspot-title\">&#8211; Pour une information libre ! &#8211;<\/span><a target=\"_blank\" href=\"https:\/\/fr.tipeee.com\/mr-mondialisation\" class=\"tipeee-project-small\">Soutenir Mr Japanization sur Tipeee<\/a>\n<\/div>\n<p><a target=\"_blank\" href=\"https:\/\/www.france24.com\/fr\/asie-pacifique\/20250912-n%C3%A9pal-ex-cheffe-cour-supr%C3%AAme-sushila-karki-t%C3%AAte-gouvernement-transition-emeutes-meurtri%C3%A8res-premier-ministre-femme\">Le 12 septembre 2025, la nomination est officielle : Sushila Karki pr\u00eate serment, devient cheffe du gouvernement int\u00e9rimaire<\/a>. Sur proposition de la nouvelle Premi\u00e8re ministre, <b>de nouvelles \u00e9lections l\u00e9gislatives auront lieu le <\/b><strong><b>5 mars 2026<\/b><\/strong><b>.<\/b><\/p>\n<h2 class=\"western\"><strong>Premi\u00e8re femme \u00e0 la t\u00eate du gouvernement : un symbole autant qu\u2019un d\u00e9fi<\/strong><\/h2>\n<p>Le fait que Sushila Karki soit la premi\u00e8re femme \u00e0 avoir \u00e9t\u00e9 nomm\u00e9e Premi\u00e8re ministre du N\u00e9pal ne se r\u00e9duit pas \u00e0 un geste symbolique. C\u2019est une page d\u2019histoire ouverte dans <b>un pays o\u00f9 les femmes ont longtemps \u00e9t\u00e9 exclues, de fa\u00e7on structurelle, des espaces de pouvoir, et subissent fr\u00e9quemment violences, discriminations, obstacles l\u00e9gaux et culturels<\/b>.<\/p>\n<p>Son pr\u00e9c\u00e9dent <strong>r\u00f4le de juge en cheffe de la Cour supr\u00eame lui avait d\u00e9j\u00e0 conf\u00e9r\u00e9 une stature, notamment pour des d\u00e9cisions \u00e0 l\u2019encontre de figures politiques suspect\u00e9es de corruption.<\/strong> Cela la positionne comme une figure de confiance pour beaucoup, au-del\u00e0 des clivages habituels.<\/p>\n<p>Cependant,<b> les attentes sont immenses, et les d\u00e9fis tout aussi grands<\/b>. Elle h\u00e9rite d\u2019un pays meurtri : des vies perdues, des institutions endommag\u00e9es, des b\u00e2timents publics br\u00fbl\u00e9s.<\/p>\n<p><iframe loading=\"lazy\" title=\"Au N\u00e9pal, Sushila Karki devient Premi\u00e8re ministre d&#039;un gouvernement provisoire \u2022 FRANCE 24\" width=\"1110\" height=\"624\" src=\"https:\/\/www.youtube.com\/embed\/RypsRszWtSM?feature=oembed\" frameborder=\"0\" allow=\"accelerometer; autoplay; clipboard-write; encrypted-media; gyroscope; picture-in-picture; web-share\" referrerpolicy=\"strict-origin-when-cross-origin\" allowfullscreen><\/iframe><\/p>\n<h2 class=\"western\"><strong>Les d\u00e9fis immenses d\u2019une transition fragile<\/strong><\/h2>\n<p>La premi\u00e8re t\u00e2che du gouvernement Karki est de garantir <b>un passage pacifique vers la d\u00e9mocratie r\u00e9elle : pr\u00e9parer des \u00e9lections libres, transparentes <\/b><b>et <\/b><b>cr\u00e9dibles<\/b>. L\u2019\u00e9ch\u00e9ance de mars 2026 est fix\u00e9e, mais l\u2019ombre de la violence et de la rupture persiste. La justice aussi doit \u00eatre rendue, notamment au regard du d\u00e9c\u00e8s de manifestants.<strong> La corruption, que les protestataires d\u00e9noncent, reste profond\u00e9ment enracin\u00e9e dans les structures<\/strong>, son abolition ne sera pas simple.<\/p>\n<p>Mais ce moment est potentiellement la naissance d\u2019un tournant. Avec<b> une population jeune, connect\u00e9e, qui ne se contente plus des discours mais exige une transformation tangible, le N\u00e9pal peut entrer dans une phase de renouvellement profond<\/b><strong>.<\/strong> Non seulement au regard de qui gouverne, mais aussi de la mani\u00e8re de gouverner. Transparence, responsabilit\u00e9, justice, inclusion : ces mots doivent maintenant devenir la norme.<\/p>\n<p>La nomination de Sushila Karki offre l\u2019espoir d\u2019un d\u2019une gouvernance diff\u00e9rente, plus proche du peuple, plus exigeante. Mais l\u2019histoire ne commencera vraiment que si elle tient ses promesses, si la g\u00e9n\u00e9ration Z ne se contente pas du fait accompli, mais garde <b>la pression, le regard critique, <\/b><b>et par-dessus tout,<\/b><b> sa d\u00e9termination.<\/b><\/p>\n<h2 class=\"western\"><strong>Le num\u00e9rique comme arme contre la corruption<\/strong><\/h2>\n<p>Dans cette r\u00e9volution, <b>l\u2019<\/b><b>interdiction d<\/b><b>es r\u00e9seaux sociaux <\/b><b>a mis en \u00e9vidence le fait <\/b><b>que bien au-del\u00e0 d\u2019\u00eatre des<\/b><b> <\/b><b>outils de communication, <\/b><b>ceux-ci sont une menace tangible pour le pouvoir<\/b>. Ils permettent de contourner censure, de partager en temps r\u00e9el les violences polici\u00e8res, de documenter la corruption et d\u2019unir une jeunesse dispers\u00e9e g\u00e9ographiquement mais connect\u00e9e virtuellement.<\/p>\n<p>L\u00e0 o\u00f9 les institutions sont discr\u00e9dit\u00e9es, <b>c<\/b><b>es plateformes sont <\/b><b>aujourd\u2019hui <\/b><b>des espaces de contre-pouvoir, capables de mobiliser, de cr\u00e9er de la transparence et de d\u00e9jouer les manipulations d\u2019\u00c9tat<\/b>. Cette capacit\u00e9 \u00e0 transformer l\u2019indignation en action collective souligne combien, <b>dans des contextes autoritaires ou min\u00e9s par la corruption, le num\u00e9rique peut devenir une arme d\u00e9mocratique<\/b>.<\/p>\n<h2 class=\"western\"><strong>Du N\u00e9pal \u00e0 la France : l\u2019\u00e9cho d\u2019une r\u00e9volte possible<\/strong><\/h2>\n<p>Le N\u00e9pal vient de franchir un seuil : celui o\u00f9 <b>une femme peut acc\u00e9der au plus haut poste ex\u00e9cutif, non pas parce qu\u2019elle appartient \u00e0 l\u2019\u00e9lite politique traditionnelle, mais parce qu\u2019elle incarne des valeurs que beaucoup r\u00e9clamaient<\/b>\u00a0: honn\u00eatet\u00e9, ind\u00e9pendance, int\u00e9grit\u00e9. Le chemin sera long, sem\u00e9 d\u2019emb\u00fbches, mais la possibilit\u00e9 d\u2019un futur diff\u00e9rent est n\u00e9e.<\/p>\n<p>Ce soul\u00e8vement n\u00e9palais rappelle qu\u2019<b>un peuple qui refuse l\u2019injustice peut renverser des structures qui semblaient immuables<\/b><strong>.<\/strong>\u00a0<b>En France, le mouvement <\/b><strong><b>Bloquons tout<\/b><\/strong><b>, <\/b><b>qui a d\u00e9but\u00e9 le <\/b><b>10 septembre, t\u00e9moigne d\u2019une m\u00eame volont\u00e9 de rupture face \u00e0 l\u2019ordre \u00e9tabli<\/b>. Rien n\u2019est fig\u00e9 : l\u2019audace, la solidarit\u00e9 et la d\u00e9termination peuvent ouvrir la voie \u00e0 des changements radicaux, m\u00eame l\u00e0 o\u00f9 le cynisme semblait r\u00e9gner.<\/p>\n<p align=\"right\">\u2013 <i><b>Elena Meilune <\/b><\/i><\/p>\n<hr\/>\n<p style=\"text-align: left;\" align=\"right\">Manifestation n\u00e9palaise contre la corruption. 9 septembre 2025. <a target=\"_blank\" href=\"https:\/\/commons.wikimedia.org\/wiki\/File:2025_Nepalese_Gen_Z_protesters_infront_of_Bharatpur_mahanagarpalika_office.jpg\">Wikimedia.<\/a><\/p>\n<div class=\"td-a-rec td-a-rec-id-content_bottom  tdi_2 td_block_template_1\">\n<span class=\"td-adspot-title\">&#8211; Cet article gratuit et ind\u00e9pendant existe gr\u00e2ce \u00e0 vous &#8211;<\/span><\/p>\n<div class=\"td-all-devices\">\n    <a target=\"_blank\" href=\"https:\/\/mrmondialisation.org\/donation\/\" title=\"Faire_un_don\"><img decoding=\"async\" class=\"donationArticle\" src=\"https:\/\/mrmondialisation.org\/wp-content\/uploads\/2022\/12\/220405-flikalicious-final.jpg\" alt=\"Donation\"\/><\/a>\n<\/div>\n<\/div><\/div>\n<p><br \/>\n<br \/><a href=\"https:\/\/mrmondialisation.org\/nepal-generation-z-tomber-gouvernement\/\" target=\"_blank\"\">Source link <\/a><\/p>\n","protected":false},"excerpt":{"rendered":"<p>Le N\u00e9pal vient de vivre un bouleversement politique majeur, \u00e0 la fois brutal et porteur d\u2019espoir. Apr\u00e8s une semaine de manifestations sanglantes contre la corruption et l\u2019autoritarisme, le Parlement a&hellip; <\/p>\n","protected":false},"author":1,"featured_media":15994,"comment_status":"open","ping_status":"open","sticky":false,"template":"","format":"standard","meta":{"footnotes":""},"categories":[1],"tags":[],"class_list":["post-15993","post","type-post","status-publish","format-standard","has-post-thumbnail","hentry","category-non-classe"],"_links":{"self":[{"href":"https:\/\/monde25.info\/index.php\/wp-json\/wp\/v2\/posts\/15993","targetHints":{"allow":["GET"]}}],"collection":[{"href":"https:\/\/monde25.info\/index.php\/wp-json\/wp\/v2\/posts"}],"about":[{"href":"https:\/\/monde25.info\/index.php\/wp-json\/wp\/v2\/types\/post"}],"author":[{"embeddable":true,"href":"https:\/\/monde25.info\/index.php\/wp-json\/wp\/v2\/users\/1"}],"replies":[{"embeddable":true,"href":"https:\/\/monde25.info\/index.php\/wp-json\/wp\/v2\/comments?post=15993"}],"version-history":[{"count":0,"href":"https:\/\/monde25.info\/index.php\/wp-json\/wp\/v2\/posts\/15993\/revisions"}],"wp:featuredmedia":[{"embeddable":true,"href":"https:\/\/monde25.info\/index.php\/wp-json\/wp\/v2\/media\/15994"}],"wp:attachment":[{"href":"https:\/\/monde25.info\/index.php\/wp-json\/wp\/v2\/media?parent=15993"}],"wp:term":[{"taxonomy":"category","embeddable":true,"href":"https:\/\/monde25.info\/index.php\/wp-json\/wp\/v2\/categories?post=15993"},{"taxonomy":"post_tag","embeddable":true,"href":"https:\/\/monde25.info\/index.php\/wp-json\/wp\/v2\/tags?post=15993"}],"curies":[{"name":"wp","href":"https:\/\/api.w.org\/{rel}","templated":true}]}}