{"id":15997,"date":"2025-09-16T18:16:35","date_gmt":"2025-09-16T16:16:35","guid":{"rendered":"https:\/\/monde25.info\/index.php\/2025\/09\/16\/le-masque-tombe-sur-radio-france-une-propagande-sous-couverture-dimpartialite\/"},"modified":"2025-09-16T18:16:35","modified_gmt":"2025-09-16T16:16:35","slug":"le-masque-tombe-sur-radio-france-une-propagande-sous-couverture-dimpartialite","status":"publish","type":"post","link":"https:\/\/monde25.info\/index.php\/2025\/09\/16\/le-masque-tombe-sur-radio-france-une-propagande-sous-couverture-dimpartialite\/","title":{"rendered":"Le masque tombe sur Radio France \u2013 une propagande sous couverture d\u2019impartialit\u00e9"},"content":{"rendered":"<p> <br \/>\n<\/p>\n<div>\n<p>\u00c0 la lecture de la tribune de Vincent Meslet, Directeur \u00e9ditorial de Radio France, intitul\u00e9e \u00ab\u00a0<em>Pour un d\u00e9bat honn\u00eate<\/em>\u00a0\u00bb, on ne peut qu\u2019\u00eatre saisi par un m\u00e9lange d\u2019incr\u00e9dulit\u00e9 et d\u2019indignation. Ce texte, pr\u00e9sent\u00e9 comme un plaidoyer pour l\u2019ind\u00e9pendance et le pluralisme, n\u2019est en r\u00e9alit\u00e9 qu\u2019un ramassis d\u2019hypocrisies et de bien-pensance, un \u00e9cran de fum\u00e9e dress\u00e9 pour masquer une partialit\u00e9 institutionnalis\u00e9e. Permettez-moi de d\u00e9monter cette fa\u00e7ade, en m\u2019appuyant sur des faits irr\u00e9futables et en enrichissant l\u2019analyse avec des \u00e9l\u00e9ments contextuels cruciaux.<\/p>\n<p><strong>Partialit\u00e9 avou\u00e9e, impartialit\u00e9 feinte<\/strong><\/p>\n<p>Meslet ose affirmer que Radio France ne craint pas le d\u00e9bat sur son ind\u00e9pendance et vante l\u2019impartialit\u00e9 de ses \u00e9quipes. Pourtant, son propre aveu, publi\u00e9 en 2015 dans Lib\u00e9ration, o\u00f9 il confessait toujours voter socialiste (sauf une fois pour les \u00e9colos), trahit une inclination politique qui disqualifie d\u2019embl\u00e9e sa pr\u00e9tention \u00e0 une neutralit\u00e9 d\u2019airain. Comment un homme aux convictions aussi marqu\u00e9es peut-il pr\u00e9tendre r\u00e9gir un m\u00e9dia public sans parti pris ? La r\u00e9ponse est simple : il ne le peut pas, et son texte le prouve.<\/p>\n<p>Ajoutons \u00e0 cela l\u2019exemple de <a target=\"_blank\" href=\"https:\/\/www.francesoir.fr\/opinions-editos\/joyeux-anniversaire-mais-triste-constat\">C\u00e9line Pigalle<\/a>, ex-directrice de la r\u00e9daction de BFM TV, qui a os\u00e9 d\u00e9clarer que son m\u00e9dia \u00ab <em>ne sert personne<\/em> \u00bb. Une affirmation vite d\u00e9mentie par ses propres mots lors <a target=\"_blank\" href=\"https:\/\/www.francesoir.fr\/opinions-editos\/c-est-la-crise-vraiment-mais-pour-ceux-qui-l-pense\">d\u2019une table ronde de l\u2019AJSPI<\/a> en janvier 2022, o\u00f9 elle reconnaissait que, durant la crise sanitaire, BFM s\u2019\u00e9tait abstenu d\u2019aller \u00ab <em>\u00e0 rebours de la parole officielle<\/em> \u00bb pour ne pas \u00ab <em>fragiliser le consensus social<\/em> \u00bb. Voil\u00e0 <strong>une soumission aux narratifs gouvernementaux d\u00e9guis\u00e9e en prudence \u00e9ditoriale ! <\/strong>Ce double langage est la marque d\u2019une hypocrisie qui gangr\u00e8ne les m\u00e9dias mainstream.<\/p>\n<p><img decoding=\"async\" alt=\"Image\" width=\"1134\" height=\"1600\" loading=\"lazy\" class=\"lazyload\" src=\"https:\/\/pbs.twimg.com\/media\/G04Ng-8XAAAzzjQ?format=jpg&amp;name=large\"\/><\/p>\n<p><a target=\"_blank\" href=\"https:\/\/www.francesoir.fr\/opinions-editos\/quoi-diable-adele-s-attelle-t-elle\"><strong>Censure assum\u00e9e d\u2019Ad\u00e8le Van Reeth<\/strong><\/a><\/p>\n<p>Le tableau s\u2019assombrit encore avec les d\u00e9clarations d\u2019Ad\u00e8le Van Reeth, directrice de France Inter qui en avril 2024, assume fi\u00e8rement censurer les \u00ab <em>climatosceptiques<\/em> \u00bb, les \u00ab <em>antivax<\/em> \u00bb et les \u00ab <em>fachos<\/em> \u00bb au nom d\u2019un pr\u00e9tendu \u00ab <em>int\u00e9r\u00eat g\u00e9n\u00e9ral<\/em> \u00bb. Cette ligne \u00e9ditoriale s\u00e9lective ach\u00e8ve de ruiner l\u2019argument pluraliste de Meslet.<\/p>\n<p>Chez Radio France, le d\u00e9bat n\u2019est-il tol\u00e9r\u00e9 que s\u2019il s\u2019aligne sur le dogme progressiste et \u00e9cologiste impos\u00e9 par la direction\u00a0? Censurer des id\u00e9es sous pr\u00e9texte de \u00ab prot\u00e9ger \u00bb les auditeurs est une d\u00e9rive totalitaire qui contredit l\u2019essence m\u00eame d\u2019un service public.<\/p>\n<p><strong>Contre-v\u00e9rit\u00e9s et d\u00e9ni de r\u00e9alit\u00e9<\/strong><\/p>\n<p>Meslet accumule les contre-v\u00e9rit\u00e9s avec une audace d\u00e9concertante. Affirmer que Radio France est le m\u00e9dia le plus pluraliste de France est une plaisanterie am\u00e8re. Les auditeurs de France Inter, satur\u00e9s de lignes \u00e9ditoriales uniform\u00e9ment ancr\u00e9es \u00e0 gauche, en savent quelque chose. Accuser CNews et Europe 1 de fabriquer des r\u00e9cits pour attaquer Radio France revient \u00e0 balayer d\u2019un revers de main la col\u00e8re l\u00e9gitime des Fran\u00e7ais, qui, depuis mi-2025, r\u00e9clament \u00e0 cor et \u00e0 cri la privatisation d\u2019un service public confisqu\u00e9 par une caste partisane.<\/p>\n<p>Le scandale Legrand-Cohen, r\u00e9v\u00e9l\u00e9 en septembre 2025 avec des enregistrements sugg\u00e9rant une collusion avec le PS, renforce cette perception, malgr\u00e9 les d\u00e9n\u00e9gations outr\u00e9es de Meslet. Nier ces faits rel\u00e8ve d\u2019un aveuglement volontaire, et sa confiance ind\u00e9cente \u00e0 d\u00e9fier l\u2019Arcom trahit une assurance dans un syst\u00e8me qui prot\u00e8ge ses d\u00e9rives.<\/p>\n<p><strong>Le d\u00e9tournement des citoyens et l\u2019arrogance de Thomas Legrand<\/strong><\/p>\n<p>Pire encore, les citoyens se d\u00e9tournent massivement de m\u00e9dias comme Radio France, <strong>\u00e9c\u0153ur\u00e9s par ce manque flagrant d\u2019objectivit\u00e9<\/strong>. Les enqu\u00eates d\u2019opinion, publi\u00e9es d\u00e9but septembre 2025, r\u00e9v\u00e8lent une chute de 15 % de la confiance dans les m\u00e9dias publics depuis le d\u00e9but de l\u2019ann\u00e9e, un d\u00e9samour amplifi\u00e9 par des scandales \u00e0 r\u00e9p\u00e9tition. Parmi ceux-ci, l\u2019affaire Thomas Legrand illustre parfaitement cette d\u00e9connexion. En qualifiant France Inter de \u00ab <em>ma radio<\/em> \u00bb dans une d\u00e9claration dat\u00e9e du 9 septembre, ce chroniqueur a d\u00e9voil\u00e9 une arrogance et un sentiment de propri\u00e9t\u00e9 ind\u00e9cents. Cette posture possessive, comme <a target=\"_blank\" href=\"https:\/\/x.com\/xazalbert\/status\/1965509655649505703?t=BZH14BeKgkHsTgLFhRSmXg&amp;s=19\">je l\u2019ai soulign\u00e9 sur X<\/a>,\u00a0contredit l\u2019\u00e9thique d\u2019un service public cens\u00e9 appartenir \u00e0 tous les Fran\u00e7ais, et non \u00e0 une poign\u00e9e d\u2019id\u00e9ologues autoproclam\u00e9s. Cette appropriation symbolique est le sympt\u00f4me d\u2019une culture interne o\u00f9 l\u2019int\u00e9r\u00eat g\u00e9n\u00e9ral est sacrifi\u00e9 sur l\u2019autel des agendas personnels.<\/p>\n<p><strong>Une machine \u00e0 propagande \u00e0 privatiser<\/strong><\/p>\n<p>En somme, la tribune de Meslet est une ode \u00e0 l\u2019autosatisfaction d\u2019une caste m\u00e9diatique d\u00e9connect\u00e9e, gav\u00e9e par nos imp\u00f4ts, qui pr\u00e9f\u00e8re \u00e9touffer la libert\u00e9 d\u2019expression plut\u00f4t que de l\u2019honorer. Les Fran\u00e7ais ne sont plus dupes : ce soi-disant \u00ab <em>d\u00e9bat honn\u00eate<\/em> \u00bb n\u2019est qu\u2019un leurre pour perp\u00e9tuer <strong>un magist\u00e8re moral insupportable<\/strong>.<\/p>\n<p>Face \u00e0 cette d\u00e9rive, la solution s\u2019impose : il est temps de rendre des comptes, de ne plus subventionner ces m\u00e9dias ou, mieux encore, de privatiser cette machine \u00e0 propagande. Avec 50 % des citoyens, selon les sondages r\u00e9cents, favorables \u00e0 une telle mesure, l\u2019heure de la rupture est venue. Que Radio France se r\u00e9forme ou disparaisse, mais qu\u2019elle cesse de bafouer la confiance de ceux qu\u2019elle pr\u00e9tend servir !<\/p>\n<p>Tweet de Xavier Azalbert :\u00a0<br \/>\u00a0<\/p>\n<blockquote class=\"twitter-tweet\">\n<p lang=\"fr\" dir=\"ltr\">Monsieur Meslet, <a target=\"_blank\" href=\"https:\/\/twitter.com\/Vincemeslet?ref_src=twsrc%5Etfw\">@Vincemeslet<\/a> votre propos s\u2019apparente plus \u00e0 un tissu d\u2019hypocrisies et de bien-pensance d\u00e9guis\u00e9 sous un vernis d\u2019impartialit\u00e9 qui ne trompe plus personne qu\u2019\u00e0un pladoyer pour un d\u00e9bat honn\u00eate. Vous osez vanter l\u2019ind\u00e9pendance et le pluralisme de Radio France alors\u2026 <a target=\"_blank\" href=\"https:\/\/t.co\/HNMjINnhAh\">https:\/\/t.co\/HNMjINnhAh<\/a><\/p>\n<p>\u2014 Xavier Azalbert FreeSpeech \ud83c\udde7\ud83c\uddf7 \ud83c\uddeb\ud83c\uddf7 (@xazalbert) <a target=\"_blank\" href=\"https:\/\/twitter.com\/xazalbert\/status\/1967642392926011496?ref_src=twsrc%5Etfw\">September 15, 2025<\/a><\/p>\n<\/blockquote>\n<p>\u00a0<\/p>\n<p>\u00a0<\/p>\n<p>\u00a0<\/p>\n<\/div>\n<p><script async src=\"\/\/platform.twitter.com\/widgets.js\" charset=\"utf-8\"><\/script><script>(function(d, s, id) {  var js, fjs = d.getElementsByTagName(s)[0];  if (d.getElementById(id)) return;  js = d.createElement(s); js.id = id;  js.src = \"\/\/connect.facebook.net\/fr_FR\/sdk.js#xfbml=1&version=v2.3\";  fjs.parentNode.insertBefore(js, fjs);}(document, \"script\", \"facebook-jssdk\"));<\/script><br \/>\n<br \/><br \/>\n<br \/><a href=\"https:\/\/www.francesoir.fr\/opinions-editos\/le-masque-tombe-sur-radio-france-une-propagande-sous-couverture-d-impartialite\" target=\"_blank\"\">Source link <\/a><\/p>\n","protected":false},"excerpt":{"rendered":"<p>\u00c0 la lecture de la tribune de Vincent Meslet, Directeur \u00e9ditorial de Radio France, intitul\u00e9e \u00ab\u00a0Pour un d\u00e9bat honn\u00eate\u00a0\u00bb, on ne peut qu\u2019\u00eatre saisi par un m\u00e9lange d\u2019incr\u00e9dulit\u00e9 et d\u2019indignation.&hellip; <\/p>\n","protected":false},"author":1,"featured_media":15998,"comment_status":"open","ping_status":"open","sticky":false,"template":"","format":"standard","meta":{"footnotes":""},"categories":[1],"tags":[],"class_list":["post-15997","post","type-post","status-publish","format-standard","has-post-thumbnail","hentry","category-non-classe"],"_links":{"self":[{"href":"https:\/\/monde25.info\/index.php\/wp-json\/wp\/v2\/posts\/15997","targetHints":{"allow":["GET"]}}],"collection":[{"href":"https:\/\/monde25.info\/index.php\/wp-json\/wp\/v2\/posts"}],"about":[{"href":"https:\/\/monde25.info\/index.php\/wp-json\/wp\/v2\/types\/post"}],"author":[{"embeddable":true,"href":"https:\/\/monde25.info\/index.php\/wp-json\/wp\/v2\/users\/1"}],"replies":[{"embeddable":true,"href":"https:\/\/monde25.info\/index.php\/wp-json\/wp\/v2\/comments?post=15997"}],"version-history":[{"count":0,"href":"https:\/\/monde25.info\/index.php\/wp-json\/wp\/v2\/posts\/15997\/revisions"}],"wp:featuredmedia":[{"embeddable":true,"href":"https:\/\/monde25.info\/index.php\/wp-json\/wp\/v2\/media\/15998"}],"wp:attachment":[{"href":"https:\/\/monde25.info\/index.php\/wp-json\/wp\/v2\/media?parent=15997"}],"wp:term":[{"taxonomy":"category","embeddable":true,"href":"https:\/\/monde25.info\/index.php\/wp-json\/wp\/v2\/categories?post=15997"},{"taxonomy":"post_tag","embeddable":true,"href":"https:\/\/monde25.info\/index.php\/wp-json\/wp\/v2\/tags?post=15997"}],"curies":[{"name":"wp","href":"https:\/\/api.w.org\/{rel}","templated":true}]}}