{"id":16008,"date":"2025-09-16T23:13:50","date_gmt":"2025-09-16T21:13:50","guid":{"rendered":"https:\/\/monde25.info\/index.php\/2025\/09\/16\/gaza-une-campagne-dexpulsion-des-plus-violentes-sans-nulle-part-ou-aller\/"},"modified":"2025-09-16T23:13:50","modified_gmt":"2025-09-16T21:13:50","slug":"gaza-une-campagne-dexpulsion-des-plus-violentes-sans-nulle-part-ou-aller","status":"publish","type":"post","link":"https:\/\/monde25.info\/index.php\/2025\/09\/16\/gaza-une-campagne-dexpulsion-des-plus-violentes-sans-nulle-part-ou-aller\/","title":{"rendered":"Gaza : Une campagne d\u2019expulsion des plus violentes, sans nulle part o\u00f9 aller"},"content":{"rendered":"<p> <br \/>\n<\/p>\n<div>\n<ol class=\"campaign-loop campaign-list\">\n<li id=\"campaign-482494\" class=\"post-482494 campaign type-campaign status-publish hentry campaign-has-goal campaign-has-not-achieved-goal campaign-has-end-date campaign-has-not-ended\">\n\t<a target=\"_blank\" href=\"https:\/\/reseauinternational.net\/campaigns\/campagne-de-dons-septembre-octobre-2025\/\"><\/p>\n<h3>Campagne de dons  Septembre \u2013 Octobre 2025<\/h3>\n<p>\t\t\t<\/a><\/p>\n<p>\n\tChers amis lecteurs, Nous faisons \u00e0 nouveau appel \u00e0 vous pour une nouvelle campagne de dons. Votre soutien nous est indispensable pour continuer \u00e0 vous fournir le meilleur de l\u2019information internationale alternative. C\u2019est gr\u00e2ce \u00e0 vos dons que nous pourrons maintenir le cap pour une information plurielle et r\u00e9ellement alternative. Nous comptons sur vous.<\/p>\n<p>\n<span class=\"amount\">190,00\u00a0\u20ac<\/span> de l\u2019objectif de <span class=\"goal-amount\">25 000,00\u00a0\u20ac<\/span> atteint<\/p>\n<\/li>\n<\/ol>\n<p>par<strong> Abdel Qader Sabbah<\/strong><\/p>\n<p>\u00ab<em>Ce devrait \u00eatre la derni\u00e8re \u00e9tape, au bord de la mer. Ils devraient nous laisser rester ici<\/em>\u00bb.<\/p>\n<p>Les Palestiniens de la ville de Gaza subissent de plein fouet la campagne militaire isra\u00e9lienne visant \u00e0 nettoyer ethniquement toute la ville, autrefois la plus grande de la Palestine historique, sans avoir nulle part o\u00f9 aller.<\/p>\n<p>Mercredi, l\u2019arm\u00e9e isra\u00e9lienne a vant\u00e9 son offensive qui ne cesse d\u2019empirer contre la ville de Gaza, un porte-parole d\u00e9clarant que des dizaines d\u2019avions de combat isra\u00e9liens avaient frapp\u00e9 plus de 360 cibles dans la ville, notamment des immeubles de grande hauteur et des infrastructures. \u00ab<em>La premi\u00e8re vague s\u2019est concentr\u00e9e sur les quartiers de Daraj et Tuffah\u2026 Les deuxi\u00e8me et troisi\u00e8me vagues ont consist\u00e9 en une attaque \u00e0 grande \u00e9chelle contre les zones de Daraj, Tuffah et Furqan<\/em>\u00bb, a d\u00e9clar\u00e9 le porte-parole sur <em>X<\/em>. \u00ab<em>Dans les jours \u00e0 venir, l\u2019arm\u00e9e intensifiera le rythme des attaques\u2026 en pr\u00e9paration des prochaines phases de l\u2019op\u00e9ration<\/em>\u00bb.<\/p>\n<p>Outre les b\u00e2timents r\u00e9sidentiels et les infrastructures, des campements de tentes surpeupl\u00e9s ont \u00e9galement \u00e9t\u00e9 d\u00e9truits.<\/p>\n<div class=\"wp-block-image\">\n<figure class=\"aligncenter size-full is-resized\"><a target=\"_blank\" href=\"https:\/\/i0.wp.com\/reseauinternational.net\/wp-content\/uploads\/2025\/09\/image-147.png?quality=100&amp;ssl=1\"><img data-recalc-dims=\"1\" decoding=\"async\" width=\"700\" height=\"473\" src=\"https:\/\/i0.wp.com\/reseauinternational.net\/wp-content\/uploads\/2025\/09\/image-147.png?resize=700%2C473&amp;quality=100&amp;ssl=1\" alt=\"\" class=\"wp-image-482858\" style=\"width:600px\" loading=\"lazy\" srcset=\"https:\/\/i0.wp.com\/reseauinternational.net\/wp-content\/uploads\/2025\/09\/image-147.png?w=700&amp;quality=100&amp;ssl=1 700w, https:\/\/i0.wp.com\/reseauinternational.net\/wp-content\/uploads\/2025\/09\/image-147.png?resize=300%2C203&amp;quality=100&amp;ssl=1 300w\" sizes=\"auto, (max-width: 700px) 100vw, 700px\"\/><\/a><\/figure>\n<\/div>\n<p class=\"has-text-align-center\"><em>8 septembre 2025 \u2013 Un Palestinien d\u00e9plac\u00e9 vers le littoral de la ville de Gaza avec sa famille <\/em><\/p>\n<p>Depuis que l\u2019arm\u00e9e isra\u00e9lienne a lanc\u00e9 son offensive pour s\u2019emparer et prendre le contr\u00f4le de la ville de Gaza le mois dernier, elle a \u00e9mis de multiples ordres d\u2019\u00e9vacuation pour diff\u00e9rents quartiers de ce qui subsiste de l\u2019agglom\u00e9ration, aboutissant lundi \u00e0 un ordre d\u2019expulsion massive pour l\u2019ensemble de la ville, qui compte pr\u00e8s d\u2019un million de Palestiniens.<\/p>\n<p>Beaucoup sont tout simplement dans l\u2019incapacit\u00e9 de partir. Plusieurs Palestiniens d\u00e9plac\u00e9s \u00e0 Gaza ont d\u00e9clar\u00e9 \u00e0 <em>Drop Site News<\/em> qu\u2019ils ne pouvaient pas fuir vers le sud en raison des co\u00fbts de transport exorbitants, qui peuvent atteindre 4000 shekels (environ 1200 dollars) ; du manque d\u2019espace ou d\u2019abris dans les zones fortement surpeupl\u00e9es du sud ; et de l\u2019absence de s\u00e9curit\u00e9 face aux attaques isra\u00e9liennes partout \u00e0 Gaza, y compris dans les zones pr\u00e9tendument \u00abhumanitaires\u00bb.<\/p>\n<p>\u00ab<em>Les Isra\u00e9liens ont d\u00e9truit notre maison et nous ne savions pas o\u00f9 aller ni quoi faire. Nous sommes partis, puis nous sommes revenus, puis nous sommes repartis et nous sommes revenus ici. Nous avons d\u00e9m\u00e9nag\u00e9 environ 20 fois jusqu\u2019\u00e0 pr\u00e9sent et nous ne savons toujours pas o\u00f9 aller<\/em>\u00bb, a d\u00e9clar\u00e9 Issa, qui a \u00e9t\u00e9 d\u00e9plac\u00e9 vers la c\u00f4te depuis son domicile \u00e0 Al-Zarqa, un quartier du nord-est de la ville de Gaza.<\/p>\n<p>Derri\u00e8re lui, sur la plage de sable, \u00e9tait gar\u00e9e une charrette tir\u00e9e par un \u00e2ne, charg\u00e9e de matelas, de casseroles et d\u2019autres effets personnels. \u00ab<em>Cela devrait \u00eatre notre destination finale, au bord de la mer. Ils devraient nous laisser rester ici. O\u00f9 sommes-nous cens\u00e9s aller ?<\/em>\u00bb, a-t-il d\u00e9clar\u00e9 \u00e0 <em>Drop Site<\/em>, ajoutant : \u00ab<em>Pour aller dans le sud, il faut 3000 shekels. Et o\u00f9 trouver une tente ? Il n\u2019y a pas de tentes\u2026 Il n\u2019y a pas de s\u00e9curit\u00e9, ni ici, ni ailleurs\u2026 En ce moment, nous sommes d\u00e9plac\u00e9s dans le nord. Il n\u2019y a pas de s\u00e9curit\u00e9 ici ni dans le sud<\/em>\u00bb.<\/p>\n<p>L\u2019\u00e9quipe humanitaire des Nations unies dans les territoires palestiniens occup\u00e9s, a d\u00e9clar\u00e9 que pr\u00e8s d\u2019un million de personnes \u00e0 Gaza se retrouvent d\u00e9sormais \u00ab<em>sans option s\u00fbre ou viable<\/em>\u00bb.<\/p>\n<p>\u00ab<em>Nous assistons \u00e0 une dangereuse escalade dans la ville de Gaza, o\u00f9 les forces isra\u00e9liennes ont intensifi\u00e9 leurs op\u00e9rations et ordonn\u00e9 \u00e0 tout le monde de se diriger vers le sud. Cela survient deux semaines apr\u00e8s la confirmation d\u2019une famine dans la ville et ses environs<\/em>\u00bb, ont-ils d\u00e9clar\u00e9 mercredi dans un communiqu\u00e9.<\/p>\n<p>\u00ab<em>Bien que les autorit\u00e9s isra\u00e9liennes aient unilat\u00e9ralement d\u00e9clar\u00e9 une zone dans le sud comme \u00abhumanitaire\u00bb, elles n\u2019ont pris aucune mesure efficace pour assurer la s\u00e9curit\u00e9 des personnes contraintes de s\u2019y rendre, et ni la taille ni l\u2019ampleur des services fournis ne sont suffisantes pour venir en aide \u00e0 ceux qui s\u2019y trouvent d\u00e9j\u00e0, sans parler des nouveaux arrivants. Pr\u00e8s d\u2019un million de personnes se retrouvent d\u00e9sormais sans option s\u00fbre ou viable, ni le nord ni le sud n\u2019offrant de s\u00e9curit\u00e9. Quitter le nord de Gaza implique des frais de transport et de passage s\u00e9curis\u00e9 prohibitifs, que la plupart des familles ne peuvent tout simplement pas se permettre. Cela signifie emprunter des routes \u00e0 peine praticables. Cela signifie trouver un endroit o\u00f9 dormir, soit en plein air, soit dans des sites de d\u00e9placement surpeupl\u00e9s. Et cela signifie continuer \u00e0 lutter pour trouver de la nourriture, de l\u2019eau, des soins m\u00e9dicaux et un abri, et vivre sans installations sanitaires dignes et propres. Les survivants \u00e0 Gaza sont dans un \u00e9tat d\u2019\u00e9puisement total<\/em>\u00bb.<\/p>\n<p>L\u2019ordre d\u2019expulsion de lundi \u00e9tait accompagn\u00e9 d\u2019une carte de tout le nord de Gaza repr\u00e9sentant trois fl\u00e8ches pointant vers l\u2019ouest et une grande fl\u00e8che pointant vers le sud, illustration graphique de la campagne de nettoyage ethnique men\u00e9e par Isra\u00ebl.<\/p>\n<div class=\"wp-block-image\">\n<figure class=\"aligncenter size-full is-resized\"><a target=\"_blank\" href=\"https:\/\/i0.wp.com\/reseauinternational.net\/wp-content\/uploads\/2025\/09\/image-148.png?quality=100&amp;ssl=1\"><img data-recalc-dims=\"1\" decoding=\"async\" width=\"700\" height=\"471\" src=\"https:\/\/i0.wp.com\/reseauinternational.net\/wp-content\/uploads\/2025\/09\/image-148.png?resize=700%2C471&amp;quality=100&amp;ssl=1\" alt=\"\" class=\"wp-image-482859\" style=\"width:600px\" loading=\"lazy\" srcset=\"https:\/\/i0.wp.com\/reseauinternational.net\/wp-content\/uploads\/2025\/09\/image-148.png?w=700&amp;quality=100&amp;ssl=1 700w, https:\/\/i0.wp.com\/reseauinternational.net\/wp-content\/uploads\/2025\/09\/image-148.png?resize=300%2C202&amp;quality=100&amp;ssl=1 300w\" sizes=\"auto, (max-width: 700px) 100vw, 700px\"\/><\/a><\/figure>\n<\/div>\n<p class=\"has-text-align-center\"><em>8 septembre 2025 \u2013 Une famille palestinienne d\u00e9plac\u00e9e vers le littoral de la ville de Gaza<\/em><\/p>\n<p>Mais, le littoral et les rues adjacentes \u00e9tant transform\u00e9s en une multitude de tentes et d\u2019abris de fortune, les familles ne trouvent pas d\u2019espace pour se d\u00e9placer vers le sud, m\u00eame si elles le souhaitaient.<\/p>\n<p>Selon le site <a target=\"_blank\" href=\"https:\/\/www.cccmcluster.org\/where-we-work\/occupied-palestinian-territory\" target=\"_blank\" rel=\"noopener\" title=\"\">Management Cluster<\/a>, une coalition d\u2019organisations humanitaires qui suit les mouvements \u00e0 Gaza, environ 50 000 Palestiniens ont \u00e9t\u00e9 d\u00e9plac\u00e9s \u00e0 l\u2019int\u00e9rieur de la ville de Gaza, et un nombre similaire a fui vers le sud.<\/p>\n<p>L\u2019arm\u00e9e isra\u00e9lienne a donn\u00e9 une estimation bien plus \u00e9lev\u00e9e, estimant \u00e0 200 000 le nombre de personnes qui ont fui la ville de Gaza, selon le <em>Times of Israel<\/em>.<\/p>\n<p>Plusieurs familles d\u00e9plac\u00e9es \u00e0 Gaza ont d\u00e9clar\u00e9 \u00e0 <em>Drop Site<\/em> qu\u2019elles avaient r\u00e9ussi \u00e0 fuir vers le sud, mais qu\u2019elles avaient d\u00fb retourner dans le nord apr\u00e8s n\u2019avoir trouv\u00e9 aucun abri ou avoir \u00e9t\u00e9 contraintes de payer un loyer pour un petit lopin de terre afin d\u2019y installer leur tente.<\/p>\n<p>\u00ab<em>Nous sommes all\u00e9s dans le sud et n\u2019avons trouv\u00e9 aucun endroit o\u00f9 nous installer. Ils n\u2019arr\u00eataient pas de nous dire qu\u2019il fallait de l\u2019argent, mais nous n\u2019en avions pas. Il faut 3000 \u00e0 4000 shekels rien que pour s\u2019y rendre. Et il n\u2019y a pas de terrain sans frais \u2013 dix shekels par m\u00e8tre \u2013 et nous n\u2019avons pas cette somme<\/em>\u00bb, a d\u00e9clar\u00e9 Feryal Al-Dada \u00e0 <em>Drop Site<\/em>.<\/p>\n<p>\u00ab<em>Ils nous ont chass\u00e9s de Khan Younis. Ils ont dit qu\u2019il n\u2019y avait pas de place, pas d\u2019endroit pour nous<\/em>\u00bb, a-t-elle ajout\u00e9, pr\u00e9cisant : \u00ab<em>Nous sommes rest\u00e9s cinq jours sous le soleil, sans nourriture ni eau. Je ne pouvais pas respirer \u00e0 cause de la poussi\u00e8re et de la chaleur<\/em>\u00bb.<\/p>\n<p>Al-Dada se tenait devant un abri de fortune fait de b\u00e2ches en tissu et de piquets en bois pr\u00e8s de la route c\u00f4ti\u00e8re. \u00ab<em>J\u2019essaie de m\u2019abriter pr\u00e8s de la rue. Juste pour avoir un peu d\u2019intimit\u00e9. Ma fille est bless\u00e9e, et il y a moi, mon fils et mon mari. Nous avons am\u00e9nag\u00e9 un petit espace pour vivre. J\u2019ai tout ramass\u00e9 dans la rue<\/em>\u00bb.<\/p>\n<p>\u00c0 proximit\u00e9, Mazen Al-Damma clouait un morceau de tissu sur un cadre en bois fin pour fabriquer un abri. \u00ab<em>Nous sommes partis vers le sud. Nous sommes all\u00e9s \u00e0 Al-Qarara<\/em> [une ville situ\u00e9e juste au nord de Khan Younis]<em>. Ils nous ont chass\u00e9s, car il n\u2019y avait pas de place, et nous ont redirig\u00e9s vers Deir Al-Balah. Mais l\u00e0-bas, il y avait des tirs et des bombardements, nous ne pouvions donc pas rester<\/em>\u00bb, a expliqu\u00e9 Al-Damma \u00e0 <em>Drop Site<\/em>.<\/p>\n<p>Il est retourn\u00e9 dans le nord, chez lui, dans le quartier d\u2019Al-Tuffah, mais a \u00e9t\u00e9 contraint de fuir \u00e0 nouveau la semaine derni\u00e8re apr\u00e8s que Isra\u00ebl a \u00e9mis des ordres d\u2019\u00e9vacuation.<\/p>\n<p>\u00ab<em>Nous avons d\u00fb partir sans savoir o\u00f9 nous allions<\/em>\u00bb, a-t-il racont\u00e9. \u00ab<em>Honn\u00eatement, il vaut mieux ne pas aller dans le sud. C\u2019est une perte d\u2019argent. Mieux vaut rester sur ses propres terres<\/em>\u00bb. Il a ajout\u00e9 : \u00ab<em>O\u00f9 que vous soyez, tout Gaza est dangereux. La zone qu\u2019ils vous disent \u00eatre \u2018s\u00fbre\u2019 est \u00e9galement dangereuse. Deir Al-Balah est dangereux. Tout Gaza est dangereux. Il n\u2019y a pas de zone s\u00fbre. Ils ont largu\u00e9 des tracts sur nous il y a trois ou quatre jours. C\u2019est ce qui nous a pouss\u00e9s \u00e0 nous diriger vers le sud, mais nous n\u2019avons trouv\u00e9 aucun emplacement et sommes venus ici \u00e0 la place<\/em>\u00bb.<\/p>\n<p>Dans une d\u00e9claration vid\u00e9o lundi, le Premier ministre isra\u00e9lien Benjamin Netanyahu a prof\u00e9r\u00e9 une menace ouverte \u00e0 l\u2019encontre de tous les Palestiniens de la ville de Gaza : \u00ab<em>Je m\u2019adresse aux habitants de Gaza, je profite de cette occasion pour vous dire, et \u00e9coutez-moi bien : vous avez \u00e9t\u00e9 pr\u00e9venus, partez maintenant<\/em>\u00bb.<\/p>\n<p>Sa d\u00e9claration fait \u00e9cho aux commentaires qui ont suivi l\u2019ordre de d\u00e9placement massif donn\u00e9 par Isra\u00ebl \u00e0 tout le nord de Gaza en octobre 2023, \u00e0 peine une semaine apr\u00e8s le d\u00e9but de la guerre, lorsque Netanyahu avait \u00e9galement proclam\u00e9 : \u00abPartez maintenant\u00bb.<\/p>\n<div class=\"wp-block-image\">\n<figure class=\"aligncenter size-full is-resized\"><a target=\"_blank\" href=\"https:\/\/i0.wp.com\/reseauinternational.net\/wp-content\/uploads\/2025\/09\/image-149.png?quality=100&amp;ssl=1\"><img data-recalc-dims=\"1\" decoding=\"async\" width=\"700\" height=\"473\" src=\"https:\/\/i0.wp.com\/reseauinternational.net\/wp-content\/uploads\/2025\/09\/image-149.png?resize=700%2C473&amp;quality=100&amp;ssl=1\" alt=\"\" class=\"wp-image-482860\" style=\"width:600px\" loading=\"lazy\" srcset=\"https:\/\/i0.wp.com\/reseauinternational.net\/wp-content\/uploads\/2025\/09\/image-149.png?w=700&amp;quality=100&amp;ssl=1 700w, https:\/\/i0.wp.com\/reseauinternational.net\/wp-content\/uploads\/2025\/09\/image-149.png?resize=300%2C203&amp;quality=100&amp;ssl=1 300w\" sizes=\"auto, (max-width: 700px) 100vw, 700px\"\/><\/a><\/figure>\n<\/div>\n<p class=\"has-text-align-center\"><em>8 septembre 2025 \u2013 Mazen Al-Damma a \u00e9t\u00e9 d\u00e9plac\u00e9 vers le littoral de la ville de Gaza <\/em><\/p>\n<p>\u00ab<em>L\u2019ordre donn\u00e9<\/em> [lundi] <em>matin par l\u2019arm\u00e9e isra\u00e9lienne pour l\u2019expulsion massive des habitants de la ville de Gaza est cruel, ill\u00e9gal et aggrave encore les conditions de vie g\u00e9nocidaires qu\u2019Isra\u00ebl inflige aux Palestiniens<\/em>\u00bb, a d\u00e9clar\u00e9 Heba Morayef, directrice r\u00e9gionale pour le Moyen-Orient et l\u2019Afrique du Nord \u00e0 <a target=\"_blank\" href=\"https:\/\/www.amnesty.fr\/actualites\/rapport-genocide-palestiniens-gaza-commis-par-etat-israel\" target=\"_blank\" rel=\"noopener\" title=\"\">Amnesty International<\/a>, dans un communiqu\u00e9.<\/p>\n<p>\u00ab<em>Pour les centaines de milliers de Palestiniens de la ville de Gaza qui, depuis pr\u00e8s de deux ans, subissent des bombardements incessants tout en <a target=\"_blank\" href=\"https:\/\/www.chroniquepalestine.com\/tag\/famine\" target=\"_blank\" rel=\"noopener\" title=\"\">souffrant de la faim<\/a> et en \u00e9tant entass\u00e9s dans des camps de fortune ou en se r\u00e9fugiant dans des b\u00e2timents extr\u00eamement surpeupl\u00e9s, il s\u2019agit d\u2019une r\u00e9p\u00e9tition d\u00e9vastatrice et inhumaine de l\u2019ordre de d\u00e9placement massif \u00e9mis pour tout le nord de Gaza le 13 octobre 2023<\/em>\u00bb.<\/p>\n<p>Alors que l\u2019offensive isra\u00e9lienne se poursuit, les Palestiniens de la ville de Gaza sont contraints de se r\u00e9fugier dans un espace de plus en plus restreint.<\/p>\n<p>\u00ab<em>Nous avons charg\u00e9 la voiture et pris la direction du sud, vers Khan Younis. Le transport seul nous a co\u00fbt\u00e9 entre 2800 et 3000 shekels. Nous sommes arriv\u00e9s \u00e0 <a target=\"_blank\" href=\"https:\/\/www.chroniquepalestine.com\/israeliens-bombardent-camps-de-tentes-khan-younis-et-al-mawasi-massacrant-dizaines-de-personnes\/\" target=\"_blank\" rel=\"noopener\" title=\"\">Mawasi<\/a>, Khan Younis, et nous y sommes rest\u00e9s, mais les bombardements \u00e9taient intenses. Ils ont m\u00eame bombard\u00e9 les tentes. Nous avons fui <a target=\"_blank\" href=\"https:\/\/www.chroniquepalestine.com\/les-israeliens-commettent-nouveaux-massacres-a-khan-younis-et-deir-al-balah\/\" target=\"_blank\" rel=\"noopener\" title=\"\">Khan Younis<\/a> et sommes all\u00e9s \u00e0 <a target=\"_blank\" href=\"https:\/\/www.chroniquepalestine.com\/nuseirat-et-deir-al-balah-les-israeliens-commettent-un-veritable-massacre-avec-la-complicite-directe-des-etats-unis\/\" target=\"_blank\" rel=\"noopener\" title=\"\">Deir al-Balah<\/a>. Une fois arriv\u00e9s, nous avons d\u00e9couvert que c\u2019\u00e9tait aussi une zone rouge, un endroit tout aussi terrifiant<\/em>\u00bb, a d\u00e9clar\u00e9 \u00e0 <em>Drop Site<\/em> un Palestinien qui n\u2019a pas souhait\u00e9 donner son nom.<\/p>\n<p>\u00ab<em>M\u00eame si vous trouvez un terrain o\u00f9 vivre [dans le sud], qu\u2019il soit public ou priv\u00e9, quelqu\u2019un viendra vous dire : \u00abJe veux \u00eatre pay\u00e9 au m\u00e8tre carr\u00e9\u00bb. Le tarif est de 10 shekels par m\u00e8tre carr\u00e9. Si vous voulez installer une tente de 4 m\u00e8tres sur 4, soit 16 m\u00e8tres carr\u00e9s, cela vous co\u00fbtera 200 ou 300 shekels par mois<\/em>\u00bb, a-t-il expliqu\u00e9. \u00ab<em>Nous n\u2019avons eu d\u2019autre choix que de quitter le sud et de revenir \u00e0 Gaza<\/em>\u00bb.<\/p>\n<p>\u00ab<em>Comme vous pouvez le voir, nous installons des b\u00e2ches, nous ramassons des couvertures, nous les d\u00e9coupons et nous les utilisons. Nous r\u00e9cup\u00e9rons des rideaux et du bois dans les rues pour subvenir \u00e0 nos besoins<\/em>\u00bb, a-t-il d\u00e9clar\u00e9, tandis que ses enfants, couverts de poussi\u00e8re, se tenaient \u00e0 ses c\u00f4t\u00e9s.<\/p>\n<p>\u00ab<em>Nous vivons sur la plage. Ils savent que nous sommes ici, sur la plage. Quelle est la faute de cette enfant ? Nous sommes priv\u00e9s de choses qu\u2019elle n\u2019a m\u00eame jamais vues<\/em>\u00bb.<\/p>\n<p>source\u00a0: <a target=\"_blank\" href=\"https:\/\/www.dropsitenews.com\/p\/gaza-city-israeli-displacement-south-palestinians-nowhere-to-go-cost\" target=\"_blank\" rel=\"noopener\" title=\"\">Drop Site News<\/a> via <a target=\"_blank\" href=\"https:\/\/www.chroniquepalestine.com\/gaza-campagne-expulsion-des-plus-violentes-sans-nulle-part-ou-aller\" target=\"_blank\" rel=\"noopener\" title=\"\">Chronique de Palestine<\/a><\/p>\n<div class=\"sharedaddy sd-block sd-like jetpack-likes-widget-wrapper jetpack-likes-widget-unloaded\" id=\"like-post-wrapper-237719536-482821-68c9cefe160ed\" data-src=\"https:\/\/widgets.wp.com\/likes\/?ver=15.0#blog_id=237719536&amp;post_id=482821&amp;origin=reseauinternational.net&amp;obj_id=237719536-482821-68c9cefe160ed\" data-name=\"like-post-frame-237719536-482821-68c9cefe160ed\" data-title=\"Aimer ou rebloguer\">\n<h3 class=\"sd-title\">J\u2019aime \u00e7a\u00a0:<\/h3>\n<p><span class=\"button\"><span>J\u2019aime<\/span><\/span> <span class=\"loading\">chargement\u2026<\/span><\/p>\n<p><span class=\"sd-text-color\"\/><a target=\"_blank\" class=\"sd-link-color\"\/><\/div>\n<p><meta itemscope=\"\" itemprop=\"mainEntityOfPage\" itemtype=\"https:\/\/schema.org\/WebPage\" itemid=\"https:\/\/reseauinternational.net\/gaza-une-campagne-dexpulsion-des-plus-violentes-sans-nulle-part-ou-aller\/\"\/><meta itemprop=\"headline\" content=\"Gaza : Une campagne d\u2019expulsion des plus violentes, sans nulle part o\u00f9 aller\"\/><span style=\"display: none;\" itemprop=\"author\" itemscope=\"\" itemtype=\"https:\/\/schema.org\/Person\"><meta itemprop=\"name\" content=\"R\u00e9seau International\"\/><\/span><span style=\"display: none;\" itemprop=\"image\" itemscope=\"\" itemtype=\"https:\/\/schema.org\/ImageObject\"><meta itemprop=\"url\" content=\"https:\/\/i0.wp.com\/reseauinternational.net\/wp-content\/uploads\/2025\/09\/Sans-titre-42-3.png?fit=800%2C467&amp;quality=100&amp;ssl=1\"\/><meta itemprop=\"width\" content=\"800\"\/><meta itemprop=\"height\" content=\"467\"\/><\/span><span style=\"display: none;\" itemprop=\"publisher\" itemscope=\"\" itemtype=\"https:\/\/schema.org\/Organization\"><span style=\"display: none;\" itemprop=\"logo\" itemscope=\"\" itemtype=\"https:\/\/schema.org\/ImageObject\"><meta itemprop=\"url\" content=\"https:\/\/reseauinternational.net\/wp-content\/uploads\/2022\/06\/Capture-de\u0301cran-2022-06-14-a\u0300-16.51.07.png\"\/><\/span><meta itemprop=\"name\" content=\"R\u00e9seau International\"\/><\/span><meta itemprop=\"datePublished\" content=\"2025-09-16T07:40:00+00:00\"\/><meta itemprop=\"dateModified\" content=\"2025-09-16T13:24:04+00:00\"\/><\/div>\n<p><br \/>\n<br \/><a href=\"https:\/\/reseauinternational.net\/gaza-une-campagne-dexpulsion-des-plus-violentes-sans-nulle-part-ou-aller\/\" target=\"_blank\"\">Source link <\/a><\/p>\n","protected":false},"excerpt":{"rendered":"<p>Campagne de dons Septembre \u2013 Octobre 2025 Chers amis lecteurs, Nous faisons \u00e0 nouveau appel \u00e0 vous pour une nouvelle campagne de dons. Votre soutien nous est indispensable pour continuer&hellip; <\/p>\n","protected":false},"author":1,"featured_media":16009,"comment_status":"open","ping_status":"open","sticky":false,"template":"","format":"standard","meta":{"footnotes":""},"categories":[1],"tags":[],"class_list":["post-16008","post","type-post","status-publish","format-standard","has-post-thumbnail","hentry","category-non-classe"],"_links":{"self":[{"href":"https:\/\/monde25.info\/index.php\/wp-json\/wp\/v2\/posts\/16008","targetHints":{"allow":["GET"]}}],"collection":[{"href":"https:\/\/monde25.info\/index.php\/wp-json\/wp\/v2\/posts"}],"about":[{"href":"https:\/\/monde25.info\/index.php\/wp-json\/wp\/v2\/types\/post"}],"author":[{"embeddable":true,"href":"https:\/\/monde25.info\/index.php\/wp-json\/wp\/v2\/users\/1"}],"replies":[{"embeddable":true,"href":"https:\/\/monde25.info\/index.php\/wp-json\/wp\/v2\/comments?post=16008"}],"version-history":[{"count":0,"href":"https:\/\/monde25.info\/index.php\/wp-json\/wp\/v2\/posts\/16008\/revisions"}],"wp:featuredmedia":[{"embeddable":true,"href":"https:\/\/monde25.info\/index.php\/wp-json\/wp\/v2\/media\/16009"}],"wp:attachment":[{"href":"https:\/\/monde25.info\/index.php\/wp-json\/wp\/v2\/media?parent=16008"}],"wp:term":[{"taxonomy":"category","embeddable":true,"href":"https:\/\/monde25.info\/index.php\/wp-json\/wp\/v2\/categories?post=16008"},{"taxonomy":"post_tag","embeddable":true,"href":"https:\/\/monde25.info\/index.php\/wp-json\/wp\/v2\/tags?post=16008"}],"curies":[{"name":"wp","href":"https:\/\/api.w.org\/{rel}","templated":true}]}}