{"id":16011,"date":"2025-09-17T00:20:08","date_gmt":"2025-09-16T22:20:08","guid":{"rendered":"https:\/\/monde25.info\/index.php\/2025\/09\/17\/laes-evoque-de-possibles-poursuites-contre-la-france-et-lukraine-devant-la-justice-de-lonu-rt-en-francais\/"},"modified":"2025-09-17T00:20:08","modified_gmt":"2025-09-16T22:20:08","slug":"laes-evoque-de-possibles-poursuites-contre-la-france-et-lukraine-devant-la-justice-de-lonu-rt-en-francais","status":"publish","type":"post","link":"https:\/\/monde25.info\/index.php\/2025\/09\/17\/laes-evoque-de-possibles-poursuites-contre-la-france-et-lukraine-devant-la-justice-de-lonu-rt-en-francais\/","title":{"rendered":"l\u2019AES \u00e9voque de possibles poursuites contre la France et l\u2019Ukraine devant la justice de l\u2019ONU \u2014 RT en fran\u00e7ais"},"content":{"rendered":"<p> <br \/>\n<br \/><img decoding=\"async\" src=\"https:\/\/mf.b37mrtl.ru\/french\/images\/2025.09\/thumbnail\/68c9aa096f7ccc768b137242.jpg\" \/><\/p>\n<div>\n<p class=\"text__summary\">\n                                        Lors d\u2019une r\u00e9union des ministres de la Justice des pays membres de l&rsquo;AES, qui s\u2019est tenue le 15 septembre \u00e0 Niamey, Mohamed Toumba, qui repr\u00e9sentait le Premier ministre nig\u00e9rien, a \u00e9voqu\u00e9 la possibilit\u00e9 de saisir la plus haute juridiction des Nations unies contre la France et l\u2019Ukraine en raison de leur soutien au terrorisme.\n                                    <\/p>\n<p>\u00ab\u00a0J\u2019ai not\u00e9 avec satisfaction que la r\u00e9union de Bamako a \u00e9galement recommand\u00e9 de saisir la Cour internationale de justice (CIJ) \u00e0 travers les plaintes contre la France et l\u2019Ukraine, pour le soutien et l\u2019apologie du terrorisme d\u2019une part\u00a0\u00bb, <a target=\"_blank\" href=\"https:\/\/www.gouv.ne\/index.php\/actualite-des-ministeres\/871-niamey-accueille-la-deuxieme-reunion-des-ministres-en-charge-de-la-justice-de-l-aes\">a d\u00e9clar\u00e9<\/a> le 15 septembre le g\u00e9n\u00e9ral Mohamed Toumba, ministre nig\u00e9rien de l&rsquo;Int\u00e9rieur, de la S\u00e9curit\u00e9 publique et de l&rsquo;Administration du territoire, \u00e9voquant une feuille de route <a target=\"_blank\" href=\"https:\/\/francais.rt.com\/afrique\/121443-alliance-etats-sahel-vers-creation-cour-penale-sahelienne-construction-prison-haute-securite\">act\u00e9e fin mai \u00e0 Bamako<\/a> visant \u00e0 renforcer l\u2019int\u00e9gration juridique des trois \u00c9tats sah\u00e9liens conf\u00e9d\u00e9r\u00e9s au sein de l\u2019AES.<\/p>\n<p>\u00ab\u00a0Et d\u2019autre part\u00a0\u00bb, a-t-il poursuivi, \u00ab\u00a0d\u00e9cid\u00e9 d\u2019engager syst\u00e9matiquement des poursuites devant les juridictions nationales contre les m\u00e9dias <a target=\"_blank\" href=\"https:\/\/francais.rt.com\/afrique\/115991-medias-francais-dans-le-collimateur-de-la-rdc\">France 24, RFI, TV5 Monde<\/a>. Des <a target=\"_blank\" href=\"https:\/\/francais.rt.com\/international\/105078-burkina-faso-ordonne-suspension-diffusion-france24\">organes de presse<\/a> qui ont \u00e9galement comme ligne \u00e9ditoriale <a target=\"_blank\" href=\"https:\/\/francais.rt.com\/afrique\/109237-mali-chaine-france-2-suspendue\">l\u2019apologie du terrorisme<\/a>\u00a0\u00bb.\u00a0<\/p>\n<p>Les responsables burkinab\u00e8, maliens et nig\u00e9riens <a target=\"_blank\" href=\"https:\/\/francais.rt.com\/afrique\/124086-coup-detat-dejoue-mali-francais-arrete-espionnage\">accusent<\/a> r\u00e9guli\u00e8rement la France de <a target=\"_blank\" href=\"https:\/\/francais.rt.com\/afrique\/112506-expulsion-ressortissants-burkinabes-exacerbe-tensions\">favoriser des groupes<\/a> arm\u00e9s dans la r\u00e9gion afin de <a target=\"_blank\" href=\"https:\/\/francais.rt.com\/afrique\/121481-niger-chef-etat-abdourahamane-tiani-denonce-complot-occidental-destabiliser-pays-aes\">d\u00e9stabiliser l\u2019AES<\/a>. <a target=\"_blank\" href=\"https:\/\/francais.rt.com\/afrique\/112842-mali-annonce-rompre-ses-relations\">Le Mali<\/a> et <a target=\"_blank\" href=\"https:\/\/francais.rt.com\/afrique\/112880-embuscade-tin-zaouatine-apres-mali\">le Niger<\/a> ont par ailleurs annonc\u00e9 la rupture de leurs relations avec Kiev dans la foul\u00e9e de l\u2019embuscade meurtri\u00e8re tendue fin juillet 2024 dans le nord du Mali par les Touareg de l\u2019Azawad (CSP-DPA) et d\u2019Al-Qa\u00efda au Sahel. Une d\u00e9cision soutenue par Ouagadougou.<\/p>\n<p>Dans la foul\u00e9e de cette attaque, au cours de laquelle la soci\u00e9t\u00e9 militaire priv\u00e9e russe Wagner avait d\u00e9clar\u00e9 avoir subi des pertes, le porte-parole du renseignement militaire ukrainien (GUR), Andri\u00ef Ioussov, avait d\u00e9clar\u00e9 que ses agents avaient aid\u00e9 les insurg\u00e9s en leur fournissant \u00ab\u00a0les informations n\u00e9cessaires, et pas seulement celles qui ont permis une op\u00e9ration militaire r\u00e9ussie contre les criminels de guerre russes\u00a0\u00bb. Des propos qui furent notamment relay\u00e9s par l\u2019ambassade d\u2019Ukraine au S\u00e9n\u00e9gal.<\/p>\n<h3>CPI\u00a0: un outil \u00ab\u00a0aux ordres des puissants\u00a0\u00bb, fustige le g\u00e9n\u00e9ral Toumba<\/h3>\n<p>\u00c0 l\u2019\u00e9t\u00e9 2024, le quotidien <em>Le Monde<\/em> avait \u00e9voqu\u00e9 la \u00ab <a target=\"_blank\" href=\"https:\/\/www.lemonde.fr\/afrique\/article\/2024\/08\/01\/au-mali-l-ombre-de-l-ukraine-derriere-les-rebelles-en-guerre-contre-les-mercenaires-russes-de-wagner_6264164_3212.html\">coop\u00e9ration jusque-l\u00e0 secr\u00e8te<\/a> avec les Ukrainiens \u00bb et le CSP-DPA, allant de formations au maniement des drones dans la r\u00e9gion de Tombouctou \u00e0 des voyages en Ukraine. De son c\u00f4t\u00e9, Le journal <em>Komsomolska\u00efa Pravda<\/em> avait assur\u00e9 avoir \u00ab <a target=\"_blank\" href=\"https:\/\/francais.rt.com\/afrique\/112922-carnets-sante-drones-preuves-presence\">obtenu des preuves<\/a> de la pr\u00e9sence de \u00ab\u00a0conseillers militaires\u00a0\u00bb ukrainiens \u00bb en Afrique, en l\u2019occurrence \u00ab des agents des services sp\u00e9ciaux \u00bb. Au m\u00eame moment, Bamako et Niamey <a target=\"_blank\" href=\"https:\/\/francais.rt.com\/afrique\/112927-sahel-mali-niger-ont-saisi\">avaient saisi<\/a> le Conseil de s\u00e9curit\u00e9 de l\u2019ONU, demandant d\u2019enqu\u00eater sur les informations faisant \u00e9tat d&rsquo;un soutien ukrainien \u00e0 des groupes arm\u00e9s dans le nord du Mali.<\/p>\n<p>Ce 15 septembre \u00e0 Niamey, le g\u00e9n\u00e9ral Mohamed Toumba, qui repr\u00e9sentait le Premier ministre Ali Lamine Zeine, a \u00e9galement rappel\u00e9 d\u2019autres points de la feuille de route de Bamako, \u00e0 savoir la cr\u00e9ation d\u2019une Cour p\u00e9nale sah\u00e9lienne des droits de l\u2019homme (CPS-DH) et celle d\u2019une prison de haute s\u00e9curit\u00e9 afin d\u2019\u00ab\u00a0affranchir nos pays du recours aux instances juridictionnelles internationales\u00a0\u00bb.<\/p>\n<p>Un choix visant \u00e0 \u00ab\u00a0red\u00e9finir\u00a0notre appartenance au Statut de Rome\u00a0\u00bb, acte fondateur de la Cour p\u00e9nale internationale. Une juridiction qui, a-t-il accus\u00e9, s\u2019est \u00ab\u00a0mu\u00e9e en outil de r\u00e9pression contre les pays africains\u00bb, d\u00e9livrant une justice \u00ab\u00a0aux ordres des puissants\u00a0\u00bb. \u00ab\u00a0Cette conception de la justice n\u2019est pas la n\u00f4tre\u00a0\u00bb, a-t-il assur\u00e9.<\/p>\n<\/div>\n<p><br \/>\n<br \/><a href=\"https:\/\/francais.rt.com\/afrique\/125338-soutien-terrorisme-aes-poursuites-france\" target=\"_blank\"\">Source link <\/a><\/p>\n","protected":false},"excerpt":{"rendered":"<p>Lors d\u2019une r\u00e9union des ministres de la Justice des pays membres de l&rsquo;AES, qui s\u2019est tenue le 15 septembre \u00e0 Niamey, Mohamed Toumba, qui repr\u00e9sentait le Premier ministre nig\u00e9rien, a&hellip; <\/p>\n","protected":false},"author":1,"featured_media":16012,"comment_status":"open","ping_status":"open","sticky":false,"template":"","format":"standard","meta":{"footnotes":""},"categories":[1],"tags":[],"class_list":["post-16011","post","type-post","status-publish","format-standard","has-post-thumbnail","hentry","category-non-classe"],"_links":{"self":[{"href":"https:\/\/monde25.info\/index.php\/wp-json\/wp\/v2\/posts\/16011","targetHints":{"allow":["GET"]}}],"collection":[{"href":"https:\/\/monde25.info\/index.php\/wp-json\/wp\/v2\/posts"}],"about":[{"href":"https:\/\/monde25.info\/index.php\/wp-json\/wp\/v2\/types\/post"}],"author":[{"embeddable":true,"href":"https:\/\/monde25.info\/index.php\/wp-json\/wp\/v2\/users\/1"}],"replies":[{"embeddable":true,"href":"https:\/\/monde25.info\/index.php\/wp-json\/wp\/v2\/comments?post=16011"}],"version-history":[{"count":0,"href":"https:\/\/monde25.info\/index.php\/wp-json\/wp\/v2\/posts\/16011\/revisions"}],"wp:featuredmedia":[{"embeddable":true,"href":"https:\/\/monde25.info\/index.php\/wp-json\/wp\/v2\/media\/16012"}],"wp:attachment":[{"href":"https:\/\/monde25.info\/index.php\/wp-json\/wp\/v2\/media?parent=16011"}],"wp:term":[{"taxonomy":"category","embeddable":true,"href":"https:\/\/monde25.info\/index.php\/wp-json\/wp\/v2\/categories?post=16011"},{"taxonomy":"post_tag","embeddable":true,"href":"https:\/\/monde25.info\/index.php\/wp-json\/wp\/v2\/tags?post=16011"}],"curies":[{"name":"wp","href":"https:\/\/api.w.org\/{rel}","templated":true}]}}