{"id":16013,"date":"2025-09-17T00:52:37","date_gmt":"2025-09-16T22:52:37","guid":{"rendered":"https:\/\/monde25.info\/index.php\/2025\/09\/17\/le-dernier-secret-de-laffaire-greenpeace\/"},"modified":"2025-09-17T00:52:37","modified_gmt":"2025-09-16T22:52:37","slug":"le-dernier-secret-de-laffaire-greenpeace","status":"publish","type":"post","link":"https:\/\/monde25.info\/index.php\/2025\/09\/17\/le-dernier-secret-de-laffaire-greenpeace\/","title":{"rendered":"Le dernier secret de l\u2019affaire Greenpeace"},"content":{"rendered":"<p> <br \/>\n<\/p>\n<div>\n<p class=\"dropcap-wrapper\"><i><span aria-hidden=\"true\" data-nosnippet=\"\"><span class=\"dropcap\">\u00ab\u00a0T<\/span>rente<\/span><span class=\"screen-reader-only\">\u00ab\u00a0Trente<\/span> ans apr\u00e8s les \u00e9v\u00e9nements, avec les passions qui se sont apais\u00e9es, et aussi le recul que j\u2019ai par rapport \u00e0 ma vie professionnelle, j\u2019ai pens\u00e9 que c\u2019\u00e9tait une occasion pour moi d\u2019exprimer \u00e0 la fois mes profonds regrets et mes excuses. D\u2019abord \u00e0 la famille de Fernando Pereira, notamment sa fille Marelle, pour ce que j\u2019appelle une mort accidentelle et ce qu\u2019eux estiment \u00eatre un assassinat. Je voulais aussi m\u2019excuser aupr\u00e8s des membres de Greenpeace qui \u00e9taient \u00e0 bord du <\/i>Rainbow Warrior<i> cette nuit l\u00e0. Et puis aupr\u00e8s du peuple n\u00e9o-z\u00e9landais qui, il ne faut pas l\u2019oublier, est un pays ami et alli\u00e9, dans lequel nous avons conduit une op\u00e9ration clandestine mal \u00e0 propos.\u00a0\u00bb<\/i><\/p>\n<p>C\u2019est un \u00e9v\u00e9nement sans pr\u00e9c\u00e9dent. Un homme du secret non seulement d\u00e9cide de sortir de l\u2019ombre dans laquelle il a toujours v\u00e9cu, mais surtout vient pr\u00e9senter ses excuses aux victimes d\u2019une op\u00e9ration clandestine qui lui a \u00e9t\u00e9 ordonn\u00e9e par le pouvoir politique. Ayant quitt\u00e9 l\u2019arm\u00e9e fran\u00e7aise en 2000, avec le grade de colonel, Jean-Luc Kister, 63 ans, \u00e9tait capitaine en 1985, membre de l\u2019unit\u00e9 des nageurs de combat du Service Action de la DGSE, alors bas\u00e9e \u00e0 Aspretto en Corse. C\u2019est \u00e0 ce titre qu\u2019il fut responsable de l\u2019\u00e9quipe charg\u00e9e de poser, dans la soir\u00e9e du 10 juillet 1985, deux charges explosives sur la coque du <i>Rainbow Warrior<\/i>, alors \u00e0 quai dans le port d\u2019Auckland, au nord de la Nouvelle-Z\u00e9lande.<\/p>\n<p>Cette \u00e9quipe, la troisi\u00e8me, \u00e9tait en bout de cha\u00eene du dispositif op\u00e9rationnel con\u00e7u pour ex\u00e9cuter l\u2019ordre politique de couler le bateau de Greenpeace. Les deux autres avaient \u00e9t\u00e9 charg\u00e9es, la premi\u00e8re, de convoyer en Nouvelle-Z\u00e9lande les \u00e9quipements de plong\u00e9e, les explosifs et leurs d\u00e9tonateurs, et la deuxi\u00e8me, de coordonner l\u2019ensemble de l\u2019op\u00e9ration, assurant les liaisons, s\u2019occupant des d\u00e9placements et effectuant les ultimes rep\u00e9rages.<\/p>\n<p>La premi\u00e8re \u00e9tait celle du voilier <i>Ouv\u00e9a<\/i>, reparti en mer la veille de l\u2019attentat apr\u00e8s \u00eatre venu de Nouvelle-Cal\u00e9donie, dont l\u2019\u00e9quipage \u00e9tait compos\u00e9 d\u2019un skipper travaillant pour la DGSE, le docteur Xavier Maniguet, et de trois sous-officiers naviguant sous fausses identit\u00e9s, issus de la m\u00eame unit\u00e9 de nageurs de combat que Jean-Luc Kister. Quant \u00e0 la deuxi\u00e8me, elle regroupait les officiers les plus grad\u00e9s, les commandants Louis-Pierre Dillais et Alain Mafart, eux-m\u00eames issus des nageurs de combat de la DGSE, ainsi qu\u2019une autre agente secr\u00e8te, la capitaine Dominique Prieur \u2013 ces deux derniers \u00e9tant connus comme les faux \u00e9poux Turenge apr\u00e8s leur arrestation sous de fausses identit\u00e9s suisses.<\/p>\n<p>Avec son co\u00e9quipier nageur de combat, un sous-officier \u2013 l\u2019adjudant Jean Camas, son bin\u00f4me (alias Camurier, son \u00ab\u00a0IF\u00a0\u00bb pour identit\u00e9 fausse) \u2013, Jean-Luc Kister (alias Tonnel) dirigeait la troisi\u00e8me \u00e9quipe, celle sur laquelle reposait le stade ultime de la mission\u00a0: faire couler le <i>Rainbow Warrior<\/i>. Ce dernier maillon comprenait un troisi\u00e8me homme, charg\u00e9 de transmettre puis de r\u00e9cup\u00e9rer le mat\u00e9riel (\u00e9quipements, explosifs) n\u00e9cessaire aux deux nageurs, de les conduire puis de les recueillir en Zodiac sur leur lieu de plong\u00e9e. Surnomm\u00e9 \u00ab\u00a0Pierre le marin\u00a0\u00bb, ce nageur de combat \u00e9tait le capitaine G\u00e9rard Royal \u2013 qui se trouve \u00eatre l\u2019un des fr\u00e8res de S\u00e9gol\u00e8ne Royal, actuelle ministre de l\u2019\u00e9cologie.<\/p>\n<figure class=\"media media--image format-100-pcent _align:center orientation-landscape\" data-js=\"media\"><figcaption class=\"legend\">            Juillet 1985: Jean-Luc Kister (\u00e0 droite) et son co\u00e9quipier dans l&rsquo;\u00eele sud de la Nouvelle-Z\u00e9lande quelques jours apr\u00e8s l&rsquo;attentat \u00a9DR                    <\/figcaption><template data-template-media-modal=\"\">    <button type=\"button\" class=\"media-modal-opener\">        <svg xmlns=\"http:\/\/www.w3.org\/2000\/svg\" class=\"icon\" aria-hidden=\"true\" focusable=\"false\" height=\"16\" width=\"16\" viewbox=\"0 0 32 32\">  <path fill-rule=\"evenodd\" d=\"M7 25v-6.75h1.5V25H7Z\" clip-rule=\"evenodd\"\/>  <path fill-rule=\"evenodd\" d=\"M7 23.5h6.75V25H7v-1.5Z\" clip-rule=\"evenodd\"\/>  <path fill-rule=\"evenodd\" d=\"M13.894 19.166 8.061 25 7 23.94l5.834-5.834 1.06 1.06ZM25 7v6.75h-1.5V7H25Z\" clip-rule=\"evenodd\"\/>  <path fill-rule=\"evenodd\" d=\"M25 8.5h-6.75V7H25v1.5Z\" clip-rule=\"evenodd\"\/>  <path fill-rule=\"evenodd\" d=\"M18.106 12.834 23.939 7 25 8.06l-5.834 5.834-1.06-1.06Z\" clip-rule=\"evenodd\"\/><\/svg>        <span>Agrandir l\u2019image : Illustration 2<\/span>    <\/button>    <\/template><\/figure>\n<p>Au total, si l\u2019on inclut le capitaine Christine Cabon (alias Fr\u00e9d\u00e9rique Bonlieu), charg\u00e9e d\u2019infiltrer Greenpeace \u00e0 Auckland dans les mois pr\u00e9c\u00e9dents, ainsi que la doublure (rest\u00e9e anonyme) du capitaine Kister en cas d\u2019emp\u00eachement de derni\u00e8re minute, l\u2019op\u00e9ration aura mobilis\u00e9 sur le terrain, en Nouvelle-Z\u00e9lande m\u00eame, au minimum douze agents de la DGSE, les services secrets fran\u00e7ais. Or, malgr\u00e9 les pr\u00e9cautions prises afin d\u2019\u00e9viter tout <i>\u00ab\u00a0dommage collat\u00e9ral\u00a0\u00bb<\/i>, selon leur euph\u00e9misme pour dire des morts ou des bless\u00e9s, et malgr\u00e9 le professionnalisme de ses ex\u00e9cutants dont t\u00e9moigne la suite de la carri\u00e8re du colonel Kister, cette op\u00e9ration sera un fiasco.<\/p>\n<p>Le <i>Rainbow Warrior<\/i> sera bien coul\u00e9, mais un homme y perdra la vie, le photographe Fernando Pereira, tandis que le scandale mondial provoqu\u00e9 par l\u2019attentat, avec rapidement des soup\u00e7ons sur les services fran\u00e7ais, se transformera en affaire d\u2019\u00c9tat \u00e0 Paris, \u00e9branlant la pr\u00e9sidence de Fran\u00e7ois Mitterrand en l\u2019obligeant \u00e0 se s\u00e9parer de son fid\u00e8le ministre de la d\u00e9fense, Charles Hernu, et en provoquant la d\u00e9mission du chef de la DGSE, l\u2019amiral Pierre Lacoste.<\/p>\n<h2 data-mediapart-role=\"subheading\" class=\"subheading\">Le chef de la troisi\u00e8me \u00e9quipe de nageurs de combat<\/h2>\n<p>Pourtant, il s\u2019en est fallu de peu que la strat\u00e9gie du mensonge, assum\u00e9e par le pr\u00e9sident de la R\u00e9publique, ne l\u2019emporte\u00a0: n\u2019e\u00fbt \u00e9t\u00e9 la r\u00e9v\u00e9lation par\u00a0<i>Le Monde<\/i>, sous ma signature et celle de Bertrand Le\u00a0Gendre, le 17 septembre 1985, de l\u2019existence de la troisi\u00e8me \u00e9quipe de nageurs de combat charg\u00e9e de poser les deux charges explosives, la l\u00e9gende d\u2019une simple mission de surveillance de la DGSE aurait continu\u00e9 \u00e0 s\u2019imposer, avec la complicit\u00e9 des adversaires m\u00e9diatiques du journalisme d\u2019enqu\u00eate.<\/p>\n<figure class=\"media media--image format-100-pcent _align:center orientation-landscape\" data-js=\"media\"><figcaption class=\"legend\">            La Une de l&rsquo;\u00e9dition du Monde parue le 17 septembre 1985 et dat\u00e9e du 18.                    <\/figcaption><template data-template-media-modal=\"\">    <button type=\"button\" class=\"media-modal-opener\">        <svg xmlns=\"http:\/\/www.w3.org\/2000\/svg\" class=\"icon\" aria-hidden=\"true\" focusable=\"false\" height=\"16\" width=\"16\" viewbox=\"0 0 32 32\">  <path fill-rule=\"evenodd\" d=\"M7 25v-6.75h1.5V25H7Z\" clip-rule=\"evenodd\"\/>  <path fill-rule=\"evenodd\" d=\"M7 23.5h6.75V25H7v-1.5Z\" clip-rule=\"evenodd\"\/>  <path fill-rule=\"evenodd\" d=\"M13.894 19.166 8.061 25 7 23.94l5.834-5.834 1.06 1.06ZM25 7v6.75h-1.5V7H25Z\" clip-rule=\"evenodd\"\/>  <path fill-rule=\"evenodd\" d=\"M25 8.5h-6.75V7H25v1.5Z\" clip-rule=\"evenodd\"\/>  <path fill-rule=\"evenodd\" d=\"M18.106 12.834 23.939 7 25 8.06l-5.834 5.834-1.06-1.06Z\" clip-rule=\"evenodd\"\/><\/svg>        <span>Agrandir l\u2019image : Illustration 3<\/span>    <\/button>    <\/template><\/figure>\n<p>De plus, malgr\u00e9 la reconnaissance officielle de la responsabilit\u00e9 fran\u00e7aise par le premier ministre de l\u2019\u00e9poque, Laurent Fabius, aujourd\u2019hui ministre des affaires \u00e9trang\u00e8res, divers relais m\u00e9diatiques du pouvoir politique ou de la hi\u00e9rarchie militaire s\u2019acharneront, dans les ann\u00e9es qui suivront, \u00e0 mettre en doute les r\u00e9v\u00e9lations du\u00a0<i>Monde<\/i>, \u00e0 les relativiser ou \u00e0 les discr\u00e9diter. Symbole du r\u00f4le de contre-pouvoir d\u2019une presse ind\u00e9pendante, cette victoire \u00e9clair de la v\u00e9rit\u00e9 de l\u2019information sur le mensonge du pouvoir \u00e9tait un exemple dangereux qu\u2019il leur fallait \u00e0 tout prix enfouir, sous la confusion, ou salir, par la rumeur.<\/p>\n<p>Trente ans apr\u00e8s, les d\u00e9clarations du colonel Kister font taire tous ces mauvais perdants. Confirmant les r\u00e9v\u00e9lations de 1985, jusque dans leurs d\u00e9tails, elles montrent combien l\u2019existence de la troisi\u00e8me \u00e9quipe \u00e9tait la cl\u00e9 de l\u2019affaire Greenpeace, la seule pi\u00e8ce qui pouvait faire tomber le ch\u00e2teau de cartes du mensonge officiel. Reste que cet entretien accord\u00e9 \u00e0 Mediapart est un \u00e9pilogue que je n\u2019aurais jamais imagin\u00e9, m\u00eame si, au fond, j\u2019ai tout fait pour que s\u2019\u00e9tablisse la confiance qui l\u2019a rendu possible, en distinguant depuis le d\u00e9but la responsabilit\u00e9 premi\u00e8re des donneurs d\u2019ordre politique de celle, seconde, des ex\u00e9cutants militaires.<\/p>\n<p>Car cette rencontre est une sc\u00e8ne improbable. Pour un agent des services secrets, l\u2019ob\u00e9issance aux ordres que peut lui donner le pouvoir ex\u00e9cutif de mener des actions ill\u00e9gales \u2013\u00a0ici, un acte de terrorisme d\u2019\u00c9tat dans un pays ami et alli\u00e9\u00a0\u2013 repose sur un pacte de confiance\u00a0: la garantie que son identit\u00e9 v\u00e9ritable ne sera pas d\u00e9voil\u00e9e, quoi qu\u2019il arrive, bref qu\u2019il sera couvert comme s\u2019il n\u2019avait jamais exist\u00e9. Or, de son propre chef, le colonel Kister fait aujourd\u2019hui le choix de venir s\u2019expliquer devant le journaliste qui symbolise la rupture de ce pacte\u00a0: celui dont les informations sur son r\u00f4le primordial dans l\u2019attentat auraient pu, \u00e0 l\u2019\u00e9poque, mettre en danger sa s\u00e9curit\u00e9.<\/p>\n<p>Ses motivations sont doubles. Aux remords d\u2019un militaire qui, selon ses propres mots, a\u00a0<i>\u00ab\u00a0la mort d\u2019un innocent sur la conscience\u00a0\u00bb<\/i>, s\u2019ajoute le souci de d\u00e9fendre l\u2019honneur de son unit\u00e9 face \u00e0 l\u2019inconscience des politiques qui l\u2019ont entra\u00een\u00e9e dans cette op\u00e9ration\u00a0<i>\u00ab\u00a0mal \u00e0 propos\u00a0\u00bb<\/i>. Les plus jeunes ou les peu familiers de cette lointaine affaire seront sans doute \u00e9tonn\u00e9s d\u2019apprendre que les agents secrets charg\u00e9s de mener cette op\u00e9ration clandestine avaient propos\u00e9 des solutions moins radicales pour remplir l\u2019objectif de leur mission qui \u00e9tait d\u2019entraver la campagne maritime de Greenpeace contre les essais nucl\u00e9aires souterrains\u00a0fran\u00e7ais, r\u00e9alis\u00e9s depuis l\u2019atoll de Mururoa. Ce qui n\u2019en rend que plus lourde la responsabilit\u00e9 du donneur d\u2019ordre, via leur hi\u00e9rarchie militaire\u00a0: le pouvoir politique de l\u2019\u00e9poque.<\/p>\n<p>Dans son t\u00e9moignage, le colonel Kister raconte ainsi la surprise des agents de la DGSE quand ils apprennent que leur objectif est un symbole de la soci\u00e9t\u00e9 civile et, surtout, comprennent que leurs commanditaires excluent tout autre moyen que l\u2019attentat pour neutraliser le\u00a0<i>Rainbow Warrior<\/i>, refusant les autres sc\u00e9narios op\u00e9rationnels propos\u00e9s. C\u2019est ce choix, venu de l\u2019autorit\u00e9 politique, qui sera le ressort du drame\u00a0:<\/p>\n<p><i>\u00ab\u00a0Il y avait une volont\u00e9 \u00e0 un haut niveau de dire\u00a0: non, non, il faut que \u00e7a cesse d\u00e9finitivement, il faut une mesure plus radicale. (\u2026) On nous dit\u00a0: non, il faut le couler. Alors l\u00e0\u2026 ben, nous c\u2019est simple, pour couler un bateau, il faut faire un trou dedans. Et l\u00e0 il y a des risques. On rappelle quand m\u00eame qu\u2019il y a risque parce qu\u2019on ne sait pas qui peut \u00eatre derri\u00e8re\u2026 (\u2026)\u00a0\u00c0 tout moment, et jusqu\u2019au dernier moment, je dois dire que les chefs d\u2019\u00e9quipe ont toujours eu \u00e0 l\u2019esprit de faire en sorte qu\u2019il n\u2019y ait pas de dommages collat\u00e9raux. Et donc ce qui a \u00e9t\u00e9 planifi\u00e9 de mani\u00e8re \u00e0 faire \u00e9vacuer le bateau pour qu\u2019il y ait personne, avec un certain d\u00e9lai limit\u00e9 entre les deux explosions, cela a \u00e9t\u00e9 fait expr\u00e8s aussi pour \u00e9viter que quelqu\u2019un revienne sur le bateau. Finalement, il semblerait que Fernando, qui \u00e9tait un professionnel et tenait \u00e9norm\u00e9ment \u00e0 ses cam\u00e9ras, il est reparti\u00a0<\/i>[sur le bateau]<i>, et il a \u00e9t\u00e9 pi\u00e9g\u00e9 au moment de la deuxi\u00e8me explosion qui a d\u00fb faire basculer le bateau. Et il est mort noy\u00e9.\u00a0\u00bb<\/i><\/p>\n<p>Depuis, Jean-Luc Kister, le nageur de combat qui, avec son co\u00e9quipier, posa les charges sur la coque du\u00a0<i>Rainbow Warrior\u00a0<\/i>dans la nuit du port d\u2019Auckland, trois heures avant qu\u2019elles n\u2019explosent, vit avec le souvenir de cette mort. Parce que c\u2019est une mort qu\u2019ils avaient cherch\u00e9 \u00e0 \u00e9viter, en faisant le choix de deux explosions, la plus forte en premier pour obliger \u00e0 \u00e9vacuer le bateau, la seconde, trois \u00e0 quatre minutes apr\u00e8s, pour achever le travail en faisant g\u00eeter le navire. Mais aussi parce que le d\u00e9c\u00e8s de Fernando Pereira r\u00e9sume la d\u00e9raison de la mission qui leur avait \u00e9t\u00e9 confi\u00e9e, cet acte criminel contre un mouvement pacifique.<\/p>\n<h2 data-mediapart-role=\"subheading\" class=\"subheading\">\u00ab\u00a0J\u2019ai la mort d\u2019un innocent sur la conscience, et \u00e7a p\u00e8se\u00a0\u00bb<\/h2>\n<p><i>\u00ab\u00a0Effectivement, j\u2019assume cette responsabilit\u00e9,<\/i>\u00a0confie d\u2019abord Jean-Luc Kister apr\u00e8s avoir pr\u00e9sent\u00e9 ses excuses et exprim\u00e9 ses regrets.\u00a0<i>J\u2019ai agi sur ordre. Et j\u2019ai fait mon devoir, le devoir qui m\u2019avait \u00e9t\u00e9 impos\u00e9 par les autorit\u00e9s politiques.\u00a0\u00bb\u00a0<\/i>Puis, quand, lui rappelant notre premi\u00e8re rencontre en 2012, \u00e0 son initiative, je lui demande pourquoi la mort de Pereira semble le hanter tel un fant\u00f4me, il brise la carapace de la discipline\u00a0:<\/p>\n<p><i>\u00ab\u00a0Je ne dirais pas qu\u2019elle m\u2019habite comme un fant\u00f4me. Mais il faut quand m\u00eame prendre conscience que nous sommes des militaires, qu\u2019on a d\u00e9di\u00e9 notre vie \u00e0 la s\u00e9curit\u00e9 de nos concitoyens, \u00e0 la patrie, et que nous ne sommes pas \u2013\u00a0m\u00eame si, parfois, et tr\u00e8s rarement, on nous donne le droit de tuer\u00a0\u2013 des tueurs de sang-froid. Nous ne sommes pas des assassins, et nous avons une conscience. Et cette conscience\u2026 Effectivement, le temps fait, comme je disais, que les passions se sont apais\u00e9es, dans mon esprit aussi, mais ma conscience me dictait quand m\u00eame de faire ces excuses, d\u2019expliquer, de tenter d\u2019expliquer parce que je comprends bien que, pour les victimes c\u2019est tr\u00e8s difficile de comprendre mes explications plus ou moins techniques. Mais ce qu\u2019il faut savoir, c\u2019est qu\u2019on n\u2019est pas des tueurs de sang-froid.\u00a0\u00bb<\/i><\/p>\n<p>Comme journalistes, notre ligne de vie est le d\u00e9placement. Non seulement, de fa\u00e7on prosa\u00efque, par la pratique de l\u2019immersion dans des milieux, des contr\u00e9es ou des cultures diff\u00e9rentes de nos habitudes, mais aussi, plus essentiellement, par cet espoir que nos informations pourront faire tomber les pr\u00e9jug\u00e9s, d\u00e9placer les regards, changer les situations. Cette rencontre avec Jean-Luc Kister en est une illustration\u00a0: le journalisme peut aussi produire ce geste inou\u00ef, les excuses publiques d\u2019un agent secret fran\u00e7ais sur une cha\u00eene de t\u00e9l\u00e9vision \u00e9trang\u00e8re.<\/p>\n<figure class=\"media media--image format-50-pcent _align:left orientation-portrait\" data-js=\"media\"><figcaption class=\"legend\">            La Troisi\u00e8me \u00e9quipe aux \u00e9ditions Don Quichotte (juin 2015)                    <\/figcaption><template data-template-media-modal=\"\">    <button type=\"button\" class=\"media-modal-opener\">        <svg xmlns=\"http:\/\/www.w3.org\/2000\/svg\" class=\"icon\" aria-hidden=\"true\" focusable=\"false\" height=\"16\" width=\"16\" viewbox=\"0 0 32 32\">  <path fill-rule=\"evenodd\" d=\"M7 25v-6.75h1.5V25H7Z\" clip-rule=\"evenodd\"\/>  <path fill-rule=\"evenodd\" d=\"M7 23.5h6.75V25H7v-1.5Z\" clip-rule=\"evenodd\"\/>  <path fill-rule=\"evenodd\" d=\"M13.894 19.166 8.061 25 7 23.94l5.834-5.834 1.06 1.06ZM25 7v6.75h-1.5V7H25Z\" clip-rule=\"evenodd\"\/>  <path fill-rule=\"evenodd\" d=\"M25 8.5h-6.75V7H25v1.5Z\" clip-rule=\"evenodd\"\/>  <path fill-rule=\"evenodd\" d=\"M18.106 12.834 23.939 7 25 8.06l-5.834 5.834-1.06-1.06Z\" clip-rule=\"evenodd\"\/><\/svg>        <span>Agrandir l\u2019image : Illustration 4<\/span>    <\/button>    <\/template><\/figure>\n<p>La rencontre de l\u2019homme qui a coul\u00e9 le\u00a0<i>Rainbow Warrior<\/i>\u00a0avec les confr\u00e8res de\u00a0<i>Sunday<\/i>, <a target=\"_blank\" href=\"http:\/\/tvnz.co.nz\/sunday-news\/september-6-6381999\">le magazine d\u2019investigation de TVNZ<\/a>, la t\u00e9l\u00e9 publique n\u00e9o-z\u00e9landaise, s\u2019est produite par l\u2019interm\u00e9diaire d\u2019un livre, publi\u00e9 en juin dernier.\u00a0<i>\u00ab\u00a0J\u2019ai d\u00e9cid\u00e9 de sortir du silence un peu malgr\u00e9 moi dans la mesure o\u00f9 votre dernier livre\u00a0<\/i>La Troisi\u00e8me \u00c9quipe<i>\u00a0a relanc\u00e9 le d\u00e9bat\u2026\u00a0\u00bb<\/i>, confie d\u2019embl\u00e9e Jean-Luc Kister.<i> \u00ab\u00a0Au d\u00e9but j\u2019\u00e9tais assez r\u00e9ticent\u2026\u00a0\u00bb<\/i>, ajoute-t-il. Puis, on comprend, en l\u2019\u00e9coutant attentivement, que, s\u2019il parle en son nom propre, il n\u2019en exprime pas moins un sentiment partag\u00e9 par les autres acteurs de l\u2019op\u00e9ration, voire par le service auquel il a appartenu qui, peut-\u00eatre, entend profiter de l\u2019occasion pour ainsi solder d\u00e9finitivement une sale affaire qui a longtemps entach\u00e9 sa r\u00e9putation.<\/p>\n<p><i>\u00ab\u00a0On m\u2019a fait comprendre que \u00e7a serait mieux de parler de face \u00e0 face, que je puisse m\u2019exprimer plut\u00f4t que d\u2019autres s\u2019expriment \u00e0 ma place,<\/i>\u00a0confie Jean-Luc Kister.\u00a0<i>Et donc je me suis dis que c\u2019\u00e9tait aussi u<\/i><i>ne opportunit\u00e9 pour moi, vis-\u00e0-vis du peuple n\u00e9o-z\u00e9landais, de Greenpeace, de la famille de Fernando Pereira, de faire mes excuses.\u00a0\u00c0 titre personnel, parce que je ne parle que pour moi, mais je suis s\u00fbr que tous les acteurs de cette op\u00e9ration ont le m\u00eame sentiment que moi. Peut-\u00eatre moins fort parce que, moi, j\u2019ai la mort d\u2019un innocent sur la conscience, et \u00e7a vous p\u00e8se, c\u2019est s\u00fbr.\u00a0\u00bb<\/i><\/p>\n<p>Reconnaissant avoir au moins pr\u00e9venu un de ses\u00a0<i>\u00ab\u00a0coll\u00e8gues\u00a0\u00bb<\/i>\u00a0encore en service actif, le colonel Kister a donc saisi l\u2019opportunit\u00e9 offerte par la parution de\u00a0<i>La Troisi\u00e8me \u00c9quipe<\/i>\u00a0pour exercer ce qu\u2019il nomme\u00a0<i>\u00ab\u00a0un droit de r\u00e9ponse\u00a0\u00bb<\/i>. C\u2019est Chris Cooke, le producteur de\u00a0<i>Sunday<\/i>, qui, depuis Auckland, a enclench\u00e9 le processus, fin juin dernier. Inform\u00e9 de la parution de mon livre, il m\u2019a contact\u00e9 par mail, puis se l\u2019est fait traduire en anglais. Depuis deux pr\u00e9c\u00e9dents documentaires, l\u2019un en 2005 (en quatre \u00e9pisodes\u00a0: <a target=\"_blank\" href=\"http:\/\/tvnz.co.nz\/sunday-news\/operation-satanic-2005-part-1-video-6356530\">1<\/a>, <a target=\"_blank\" href=\"http:\/\/tvnz.co.nz\/sunday-news\/operation-satanic-2005-part-2-video-6356534\">2<\/a>, <a target=\"_blank\" href=\"http:\/\/tvnz.co.nz\/sunday-news\/operation-satanic-2005-part-3-video-6356536\">3<\/a> et <a target=\"_blank\" href=\"http:\/\/tvnz.co.nz\/sunday-news\/operation-satanic-2005-part-4-video-6356540\">4<\/a>), l\u2019autre en 2010 (<a target=\"_blank\" href=\"http:\/\/tvnz.co.nz\/sunday-news\/rainbow-warrior-bombing-25-years-3635447\">ici<\/a>\u00a0avec sous-titres fran\u00e7ais), l\u2019\u00e9quipe de\u00a0<i>Sunday<\/i>\u00a0cherchait vainement \u00e0 retrouver les poseurs de bombes. Or Cooke fut surpris de d\u00e9couvrir que j\u2019avais volontairement choisi de ne pas donner les identit\u00e9s des deux membres de la troisi\u00e8me \u00e9quipe, alors m\u00eame que je les connaissais et les avais d\u00e9j\u00e0 mentionn\u00e9es <a target=\"_blank\" href=\"http:\/\/blogs.mediapart.fr\/blog\/edwy-plenel\/030113\/laffaire-greenpeace-reponse-aux-questions-dun-abonne\">sur mon blog<\/a>, en janvier 2013, en pleine bataille pour la v\u00e9rit\u00e9 dans l\u2019affaire Cahuzac.<\/p>\n<figure class=\"media media--image format-100-pcent _align:center orientation-landscape\" data-js=\"media\"><figcaption class=\"legend\">            Capture de la fiche Linkedin de Jean-Luc Kister avec sa carri\u00e8re militaire                    <\/figcaption><template data-template-media-modal=\"\">    <button type=\"button\" class=\"media-modal-opener\">        <svg xmlns=\"http:\/\/www.w3.org\/2000\/svg\" class=\"icon\" aria-hidden=\"true\" focusable=\"false\" height=\"16\" width=\"16\" viewbox=\"0 0 32 32\">  <path fill-rule=\"evenodd\" d=\"M7 25v-6.75h1.5V25H7Z\" clip-rule=\"evenodd\"\/>  <path fill-rule=\"evenodd\" d=\"M7 23.5h6.75V25H7v-1.5Z\" clip-rule=\"evenodd\"\/>  <path fill-rule=\"evenodd\" d=\"M13.894 19.166 8.061 25 7 23.94l5.834-5.834 1.06 1.06ZM25 7v6.75h-1.5V7H25Z\" clip-rule=\"evenodd\"\/>  <path fill-rule=\"evenodd\" d=\"M25 8.5h-6.75V7H25v1.5Z\" clip-rule=\"evenodd\"\/>  <path fill-rule=\"evenodd\" d=\"M18.106 12.834 23.939 7 25 8.06l-5.834 5.834-1.06-1.06Z\" clip-rule=\"evenodd\"\/><\/svg>        <span>Agrandir l\u2019image : Illustration 5<\/span>    <\/button>    <\/template><\/figure>\n<p>En lui r\u00e9pondant que ce choix \u00e9tait au c\u0153ur de mon propos \u2013\u00a0un plaidoyer pour les ex\u00e9cutants qui furent accabl\u00e9s, un r\u00e9quisitoire contre le pr\u00e9sidentialisme qui fut \u00e9pargn\u00e9\u00a0\u2013, je lui ai pr\u00e9cis\u00e9 que Jean-Luc Kister ne se cachait pas, comme en t\u00e9moignait son profil sur le r\u00e9seau social professionnel Linkedin (voir la capture ci-dessus et\u00a0<a target=\"_blank\" href=\"https:\/\/www.linkedin.com\/pub\/jean-luc-kister\/12\/885\/410\">ici sa fiche<\/a>,\u00a0l\u00e9g\u00e8rement expurg\u00e9e depuis, notamment de son pass\u00e9 de \u00ab\u00a0NDC\u00a0\u00bb, soit\u00a0nageur de combat). C\u2019est ainsi qu\u2019ils sont entr\u00e9s en contact et qu\u2019\u00e0 son tour, le colonel Kister m\u2019a appel\u00e9 sur mon portable, le lundi 27 juillet.<\/p>\n<h2 data-mediapart-role=\"subheading\" class=\"subheading\">De notre rencontre en 2012 aux excuses publiques de 2015<\/h2>\n<p>Nous nous sommes vus le jeudi suivant, 30 juillet. C\u2019\u00e9tait notre deuxi\u00e8me rencontre, apr\u00e8s celle du vendredi 13 janvier 2012, \u00e0 Tunis, en pleine effervescence postr\u00e9volutionnaire. Il y travaillait pour la s\u00e9curit\u00e9 des Nations unies \u2013\u00a0le <a target=\"_blank\" href=\"http:\/\/www.un.org\/undss\/?q=fr\/home\">UNDSS<\/a>, qui fut son employeur de 2000 \u00e0 2014, en Irak, au Liban, au Kurdistan, au Burundi, en Tunisie\u2026\u00a0\u2013 et venait de m\u2019\u00e9couter sur une radio locale parler de la libert\u00e9 de la presse et du droit \u00e0 l\u2019information, raison d\u2019\u00eatre de mon d\u00e9placement pour une rencontre avec des m\u00e9dias tunisiens. De retour \u00e0 mon h\u00f4tel, j\u2019ai trouv\u00e9, gliss\u00e9e sous la porte, une fiche m\u2019invitant \u00e0 rappeler un certain <i>\u00ab\u00a0Mr Jean Luc\u00a0\u00bb<\/i>, sans plus de pr\u00e9cision.<\/p>\n<figure class=\"media media--image format-50-pcent _align:left orientation-portrait\" data-js=\"media\">            <template data-template-media-modal=\"\">    <button type=\"button\" class=\"media-modal-opener\">        <svg xmlns=\"http:\/\/www.w3.org\/2000\/svg\" class=\"icon\" aria-hidden=\"true\" focusable=\"false\" height=\"16\" width=\"16\" viewbox=\"0 0 32 32\">  <path fill-rule=\"evenodd\" d=\"M7 25v-6.75h1.5V25H7Z\" clip-rule=\"evenodd\"\/>  <path fill-rule=\"evenodd\" d=\"M7 23.5h6.75V25H7v-1.5Z\" clip-rule=\"evenodd\"\/>  <path fill-rule=\"evenodd\" d=\"M13.894 19.166 8.061 25 7 23.94l5.834-5.834 1.06 1.06ZM25 7v6.75h-1.5V7H25Z\" clip-rule=\"evenodd\"\/>  <path fill-rule=\"evenodd\" d=\"M25 8.5h-6.75V7H25v1.5Z\" clip-rule=\"evenodd\"\/>  <path fill-rule=\"evenodd\" d=\"M18.106 12.834 23.939 7 25 8.06l-5.834 5.834-1.06-1.06Z\" clip-rule=\"evenodd\"\/><\/svg>        <span>Agrandir l\u2019image : Illustration 6<\/span>    <\/button>    <\/template><\/figure>\n<p>Si je l\u2019ai gard\u00e9e, c\u2019est sans doute parce qu\u2019elle mat\u00e9rialise cette relation inattendue entre deux hommes qui, bien que du m\u00eame \u00e2ge, n\u2019auraient jamais d\u00fb se rencontrer tant ils campaient sur des versants oppos\u00e9s \u2013\u00a0le secret d\u2019\u00c9tat, le droit de savoir. Jean-Luc Kister voulait une explication <i>\u00ab\u00a0d\u2019homme \u00e0 homme\u00a0\u00bb<\/i>\u00a0: il me soup\u00e7onnait d\u2019avoir r\u00e9v\u00e9l\u00e9 en 1985 son identit\u00e9, ou plut\u00f4t de l\u2019avoir jet\u00e9e en p\u00e2ture\u2026 Je crois lui avoir alors d\u00e9montr\u00e9 qu\u2019il n\u2019en \u00e9tait rien et qu\u2019au contraire, j\u2019avais pris la d\u00e9fense des ex\u00e9cutants. De fait, dans les colonnes du\u00a0<i>Monde<\/i>\u00a0o\u00f9 j\u2019ai travaill\u00e9 jusqu\u2019en 2005, nous n\u2019avons mentionn\u00e9 \u00ab\u00a0Jean-Luc K.\u00a0\u00bb qu\u2019en ao\u00fbt 1986 (<a target=\"_blank\" href=\"http:\/\/abonnes.lemonde.fr\/archives\/article\/1986\/08\/30\/le-president-et-la-raison-d-etat_2920069_1819218.html?xtmc=le_president_et_la_raison_d_etat&amp;xtcr=2\">ici<\/a>), puis \u00ab\u00a0Jean-Luc Kyster\u00a0\u00bb (avec une orthographe incorrecte) qu\u2019en septembre 1987 (<a target=\"_blank\" href=\"http:\/\/abonnes.lemonde.fr\/archives\/article\/1987\/09\/12\/feuilleton-et-escalade_4051083_1819218.html?xtmc=feuilleton_et_escalade&amp;xtcr=1\">l\u00e0<\/a>). Mais, f\u00fbt-ce discr\u00e8tement, nous l\u2019avons quand m\u00eame fait\u00a0: cette pr\u00e9cision factuelle nous permettait de r\u00e9affirmer la r\u00e9alit\u00e9 de la troisi\u00e8me \u00e9quipe qu\u2019en 1990 encore, notamment dans les colonnes du\u00a0<i>Figaro\u00a0<\/i>(<a target=\"_blank\" href=\"http:\/\/abonnes.lemonde.fr\/archives\/article\/1990\/04\/18\/la-polemique-sur-l-affaire-greenpeace-le-figaro-conteste-l-existence-de-la-troisieme-equipe-d-agents-de-la-dgse_3960270_1819218.html?xtmc=le_figaro_conteste_la_troisieme_equipe_greenpeace&amp;xtcr=1\">lire ici<\/a>), certains s\u2019ent\u00eataient \u00e0 contester.<\/p>\n<p>La n\u00e9cessit\u00e9 d\u2019\u00e9crire\u00a0<a target=\"_blank\" href=\"http:\/\/blogs.mediapart.fr\/blog\/edwy-plenel\/100615\/l-affaire-greenpeace-trente-ans-apres-le-present-du-passe\"><i>La Troisi\u00e8me \u00c9quipe<\/i><\/a>\u00a0est n\u00e9e de cette rencontre et de ce qu\u2019elle m\u2019avait appris\u00a0: la frustration des acteurs de cette op\u00e9ration d\u00e9mentielle \u2013\u00a0ou plut\u00f4t diabolique, si l\u2019on s\u2019en tient \u00e0 son nom de code officiel\u00a0: <i>\u00ab\u00a0Satanic\u00a0\u00bb<\/i> ou <i>\u00ab\u00a0Satanique\u00a0\u00bb<\/i>, selon les versions. Priv\u00e9s de d\u00e9briefing par interdit politique, ils en portaient seuls le poids alors que les gouvernants au pouvoir \u00e0 l\u2019\u00e9poque \u2013\u00a0notamment Fran\u00e7ois Mitterrand, chef des arm\u00e9es\u00a0\u2013 s\u2019en \u00e9taient d\u00e9faits au plus vite, n\u2019ayant jamais eu de comptes \u00e0 rendre, ni m\u00eame d\u2019explications \u00e0 donner. De ce livre sont donc n\u00e9s ces deux entretiens, l\u2019un \u00e0 Mediapart, l\u2019autre \u00e0 <i>Sunday <\/i><a target=\"_blank\" href=\"http:\/\/tvnz.co.nz\/sunday-news\/rainbow-bomber-video-6383506\">(\u00e0 visionner ici)<\/a>, diffus\u00e9s simultan\u00e9ment, le dimanche 6 septembre 2015, d\u2019un antipode \u00e0 l\u2019autre.<\/p>\n<p>D\u00e9sormais consultant en s\u00e9curit\u00e9 \u00e0 son compte, le colonel Jean-Luc Kister s\u2019appr\u00eate \u00e0 repartir pour d\u2019autres missions dans ce continent africain o\u00f9 il a beaucoup travaill\u00e9. S\u2019il est un acte qu\u2019il revendique avec fiert\u00e9, c\u2019est d\u2019avoir continu\u00e9 \u00e0 servir l\u2019unit\u00e9 des nageurs de combat qui faillit \u00eatre dissoute apr\u00e8s le fiasco du\u00a0<i>Rainbow Warrior<\/i>. Elle est d\u00e9sormais bas\u00e9e \u00e0 Qu\u00e9lern, en Bretagne, et il en a \u00e9t\u00e9 le chef de corps (<a target=\"_blank\" href=\"https:\/\/www.youtube.com\/watch?feature=player_embedded&amp;v=7K0KnI2Tk9c\">ici un film<\/a> sur l\u2019instruction des nageurs de combat r\u00e9alis\u00e9 par l\u2019un de ceux qu\u2019il a form\u00e9s). C\u2019est \u00e0 cette \u00e9poque, en 1994, qu\u2019il fut fait chevalier de la L\u00e9gion d\u2019honneur, en pr\u00e9sence de <a target=\"_blank\" href=\"https:\/\/fr.wikipedia.org\/wiki\/Bob_Maloubier\">Bob Maloubier<\/a>, le l\u00e9gendaire fondateur de l\u2019unit\u00e9 des nageurs de combat du SDECE, devenu la DGSE.<\/p>\n<figure class=\"media media--image format-50-pcent _align:left orientation-portrait\" data-js=\"media\"><figcaption class=\"legend\">            Bob Maloubier et Jean-Luc Kister sur la base des nageurs de combat                    <\/figcaption><template data-template-media-modal=\"\">    <button type=\"button\" class=\"media-modal-opener\">        <svg xmlns=\"http:\/\/www.w3.org\/2000\/svg\" class=\"icon\" aria-hidden=\"true\" focusable=\"false\" height=\"16\" width=\"16\" viewbox=\"0 0 32 32\">  <path fill-rule=\"evenodd\" d=\"M7 25v-6.75h1.5V25H7Z\" clip-rule=\"evenodd\"\/>  <path fill-rule=\"evenodd\" d=\"M7 23.5h6.75V25H7v-1.5Z\" clip-rule=\"evenodd\"\/>  <path fill-rule=\"evenodd\" d=\"M13.894 19.166 8.061 25 7 23.94l5.834-5.834 1.06 1.06ZM25 7v6.75h-1.5V7H25Z\" clip-rule=\"evenodd\"\/>  <path fill-rule=\"evenodd\" d=\"M25 8.5h-6.75V7H25v1.5Z\" clip-rule=\"evenodd\"\/>  <path fill-rule=\"evenodd\" d=\"M18.106 12.834 23.939 7 25 8.06l-5.834 5.834-1.06-1.06Z\" clip-rule=\"evenodd\"\/><\/svg>        <span>Agrandir l\u2019image : Illustration 7<\/span>    <\/button>    <\/template><\/figure>\n<p><i>\u00ab\u00a0On ne quitte jamais vraiment les services secrets\u00a0\u00bb<\/i>\u00a0: cette affirmation de bon sens figure au dos des m\u00e9moires de Robert dit Bob Maloubier,\u00a0<i>L\u2019Espion aux pieds palm\u00e9s\u00a0<\/i>(\u00c9ditions du Rocher, 2013). D\u00e9c\u00e9d\u00e9 le 20 avril 2015, ce personnage de roman, ayant commenc\u00e9\u00a0ses exploits comme agent secret fran\u00e7ais du SOE britannique pendant la Seconde Guerre mondiale, joua en 2010 son propre r\u00f4le dans\u00a0<i>Film Socialisme<\/i>\u00a0de Jean-Luc Godard, \u00e0 propos duquel le cin\u00e9aste s\u2019\u00e9tait lui aussi livr\u00e9 \u00e0 Mediapart (<a target=\"_blank\" href=\"http:\/\/www.mediapart.fr\/content\/avec-jean-luc-godard-2-heures-dentretien-en-liberte\">c&rsquo;est ici<\/a>). Son r\u00e9cit autobiographique se termine sur le r\u00e9cit de ce tournage, brusquement interrompu par la nouvelle du d\u00e9c\u00e8s soudain, lors d\u2019un vol sur glacier, de celui qu\u2019il consid\u00e9rait comme son\u00a0<i>\u00ab\u00a0fils spirituel\u00a0\u00bb\u00a0<\/i>: Xavier Maniguet, le skipper de l\u2019<i>Ouv\u00e9a<\/i>\u2026<\/p>\n<p>Dans cette histoire improbable, il est une ironie ultime. Alain Mafart, le coordonnateur de l\u2019op\u00e9ration clandestine en Nouvelle-Z\u00e9lande, fut arr\u00eat\u00e9 par la police d\u2019Auckland, ainsi que sa fausse \u00e9pouse \u00ab\u00a0Turenge\u00a0\u00bb, Dominique Prieur. D\u2019abord emprisonn\u00e9 sur place, puis assign\u00e9 \u00e0 r\u00e9sidence sur l\u2019atoll polyn\u00e9sien d\u2019Hao, il n\u2019est revenu en France qu\u2019en d\u00e9cembre 1987. Huit ans plus tard, en 1995, il quittait l\u2019arm\u00e9e pour se consacrer \u00e0 ce qui \u00e9tait d\u00e9j\u00e0 sa vraie passion afin d\u2019en faire son nouveau m\u00e9tier\u00a0: la photographie animali\u00e8re (<a target=\"_blank\" href=\"http:\/\/www.biosphoto.com\/News\/default.asp\">voir ici<\/a>).<\/p>\n<p>En somme, la nature, sa pr\u00e9servation, sa diversit\u00e9, bref l\u2019\u00e9cologie.<\/p>\n<figure class=\"media media--image format-100-pcent _align:center orientation-landscape\" data-js=\"media\"><figcaption class=\"legend\">            Capture de la page d&rsquo;Alain Mafart sur le site de l&rsquo;agence Biosphoto                    <\/figcaption><template data-template-media-modal=\"\">    <button type=\"button\" class=\"media-modal-opener\">        <svg xmlns=\"http:\/\/www.w3.org\/2000\/svg\" class=\"icon\" aria-hidden=\"true\" focusable=\"false\" height=\"16\" width=\"16\" viewbox=\"0 0 32 32\">  <path fill-rule=\"evenodd\" d=\"M7 25v-6.75h1.5V25H7Z\" clip-rule=\"evenodd\"\/>  <path fill-rule=\"evenodd\" d=\"M7 23.5h6.75V25H7v-1.5Z\" clip-rule=\"evenodd\"\/>  <path fill-rule=\"evenodd\" d=\"M13.894 19.166 8.061 25 7 23.94l5.834-5.834 1.06 1.06ZM25 7v6.75h-1.5V7H25Z\" clip-rule=\"evenodd\"\/>  <path fill-rule=\"evenodd\" d=\"M25 8.5h-6.75V7H25v1.5Z\" clip-rule=\"evenodd\"\/>  <path fill-rule=\"evenodd\" d=\"M18.106 12.834 23.939 7 25 8.06l-5.834 5.834-1.06-1.06Z\" clip-rule=\"evenodd\"\/><\/svg>        <span>Agrandir l\u2019image : Illustration 8<\/span>    <\/button>    <\/template><\/figure>\n<\/p><\/div>\n<p><br \/>\n<br \/><a href=\"https:\/\/www.mediapart.fr\/journal\/international\/160925\/le-dernier-secret-de-l-affaire-greenpeace\" target=\"_blank\"\">Source link <\/a><\/p>\n","protected":false},"excerpt":{"rendered":"<p>\u00ab\u00a0Trente\u00ab\u00a0Trente ans apr\u00e8s les \u00e9v\u00e9nements, avec les passions qui se sont apais\u00e9es, et aussi le recul que j\u2019ai par rapport \u00e0 ma vie professionnelle, j\u2019ai pens\u00e9 que c\u2019\u00e9tait une occasion&hellip; <\/p>\n","protected":false},"author":1,"featured_media":2409,"comment_status":"open","ping_status":"open","sticky":false,"template":"","format":"standard","meta":{"footnotes":""},"categories":[1],"tags":[],"class_list":["post-16013","post","type-post","status-publish","format-standard","has-post-thumbnail","hentry","category-non-classe"],"_links":{"self":[{"href":"https:\/\/monde25.info\/index.php\/wp-json\/wp\/v2\/posts\/16013","targetHints":{"allow":["GET"]}}],"collection":[{"href":"https:\/\/monde25.info\/index.php\/wp-json\/wp\/v2\/posts"}],"about":[{"href":"https:\/\/monde25.info\/index.php\/wp-json\/wp\/v2\/types\/post"}],"author":[{"embeddable":true,"href":"https:\/\/monde25.info\/index.php\/wp-json\/wp\/v2\/users\/1"}],"replies":[{"embeddable":true,"href":"https:\/\/monde25.info\/index.php\/wp-json\/wp\/v2\/comments?post=16013"}],"version-history":[{"count":0,"href":"https:\/\/monde25.info\/index.php\/wp-json\/wp\/v2\/posts\/16013\/revisions"}],"wp:featuredmedia":[{"embeddable":true,"href":"https:\/\/monde25.info\/index.php\/wp-json\/wp\/v2\/media\/2409"}],"wp:attachment":[{"href":"https:\/\/monde25.info\/index.php\/wp-json\/wp\/v2\/media?parent=16013"}],"wp:term":[{"taxonomy":"category","embeddable":true,"href":"https:\/\/monde25.info\/index.php\/wp-json\/wp\/v2\/categories?post=16013"},{"taxonomy":"post_tag","embeddable":true,"href":"https:\/\/monde25.info\/index.php\/wp-json\/wp\/v2\/tags?post=16013"}],"curies":[{"name":"wp","href":"https:\/\/api.w.org\/{rel}","templated":true}]}}