{"id":16014,"date":"2025-09-17T03:37:43","date_gmt":"2025-09-17T01:37:43","guid":{"rendered":"https:\/\/monde25.info\/index.php\/2025\/09\/17\/eux-et-nous-par-pierre-rimbert-le-monde-diplomatique-novembre-2022\/"},"modified":"2025-09-17T03:37:43","modified_gmt":"2025-09-17T01:37:43","slug":"eux-et-nous-par-pierre-rimbert-le-monde-diplomatique-novembre-2022","status":"publish","type":"post","link":"https:\/\/monde25.info\/index.php\/2025\/09\/17\/eux-et-nous-par-pierre-rimbert-le-monde-diplomatique-novembre-2022\/","title":{"rendered":"Eux et nous, par Pierre Rimbert (Le Monde diplomatique, novembre 2022)"},"content":{"rendered":"<p> <br \/>\n<\/p>\n<div couleurfade=\"fde9e5\" couleurclaire=\"f5e7d5\" couleurpale=\"f3d0a4\" couleurmi=\"be2e0d\" couleurfoncee=\"8e220a\" couleursombre=\"2f0b03\" couleurfond=\"7b554c\" couleurtexte=\"ffffff\">\n<div class=\"spip_documents spip_documents_right\">\n\t\t\t\t\t\t\t<img decoding=\"async\" src=\"https:\/\/www.monde-diplomatique.fr\/\/squelettes\/images\/cavalier.png\" alt=\"\" width=\"250\" height=\"161px\"\/>\n\t\t\t\t\t\t<\/div>\n<p><span class=\"mot-lettrine\"><span class=\"lettrine\">L<\/span>orsque<\/span> la Russie envahit l\u2019Ukraine le 24\u00a0f\u00e9vrier dernier, les dirigeants occidentaux font un choix d\u00e9terminant. Plut\u00f4t que de r\u00e9agir \u00e0 une invasion militaire contraire \u00e0 la Charte des Nations unies et au respect de l\u2019int\u00e9grit\u00e9 territoriale d\u2019un de leurs membres, ils th\u00e9\u00e2tralisent un conflit entre deux civilisations irr\u00e9ductiblement oppos\u00e9es. Et reprennent ainsi, mais en la retournant, la th\u00e8se de M.\u00a0Vladimir Poutine sur l\u2019<i>\u00ab<small class=\"fine\">\u00a0<\/small>Occident collectif<small class=\"fine\">\u00a0<\/small>\u00bb<\/i> contre la Russie. Aussit\u00f4t, la presse lib\u00e9rale fait entendre cette petite musique\u00a0: le conflit opposerait d\u2019un c\u00f4t\u00e9 un empire despotique et peupl\u00e9 de masses habitu\u00e9es par l\u2019histoire \u00e0 ne r\u00e9agir qu\u2019\u00e0 la schlague<small class=\"fine\">\u00a0<\/small>; de l\u2019autre, les d\u00e9mocraties ouvertes dont le vitalisme, le progressisme et le courage s\u2019incarneraient dans la r\u00e9sistance ukrainienne. Eux contre nous. Les brutes contre les bons. <i>\u00ab<small class=\"fine\">\u00a0<\/small>C\u2019est clairement une guerre des autoritaires contre les d\u00e9mocraties<small class=\"fine\">\u00a0<\/small>\u00bb,<\/i> r\u00e9p\u00e8te la d\u00e9put\u00e9e europ\u00e9enne macronienne Nathalie Loiseau (13\u00a0septembre\u00a02022).<\/p>\n<p>En 1991, le journaliste de TF1 Charles Villeneuve avait subtilement r\u00e9sum\u00e9 l\u2019intervention des alli\u00e9s dans le Golfe\u00a0: <i>\u00ab<small class=\"fine\">\u00a0<\/small>C\u2019est la guerre du monde civilis\u00e9 contre les Arabes<\/i><span class=\"spip_note_ref\">\u00a0(<a target=\"_blank\" href=\"http:\/\/www.monde-diplomatique.fr\/2022\/11\/RIMBERT\/65237#nb1\" class=\"spip_note\" rel=\"appendix\" title=\"Cit\u00e9 par Serge Halimi, Les Nouveaux Chiens de garde, Raisons d\u2019agir, Paris,\u00a0(...)\" id=\"nh1\">1<\/a>)<\/span>.<i><small class=\"fine\">\u00a0<\/small>\u00bb<\/i> Pour France Inter, il s\u2019agit d\u00e9sormais de mettre en sc\u00e8ne la guerre du monde civilis\u00e9 contre les Russes. Le 30\u00a0ao\u00fbt\u00a02022, la pr\u00e9sentatrice matinale de la station, L\u00e9a Salam\u00e9, re\u00e7oit l\u2019acteur Gilles Lellouche pour \u00e9voquer le long-m\u00e9trage <i>Kompromat. \u00ab<small class=\"fine\">\u00a0<\/small>Ce que j\u2019ai le plus aim\u00e9,<\/i> explique Salam\u00e9, <i>c\u2019est ce que ce film montre de l\u2019\u00e2me russe, de la soci\u00e9t\u00e9 russe, et surtout des diff\u00e9rences, du foss\u00e9 culturel entre nous et eux, nous les Occidentaux et eux. \u00c0 un moment, un des patrons du FSB<\/i> [les services secrets russes] <i>vous dit\u00a0: \u201cVous ne pouvez pas imaginer combien on vous m\u00e9prise, vous les Occidentaux, votre d\u00e9cadence, votre d\u00e9pravation. Vous \u00eates des l\u00e2ches, vous \u00eates des faibles, vous \u00eates des petits, on va vous \u00e9craser.\u201d C\u2019est comme \u00e7a que les Russes nous voient<small class=\"fine\">\u00a0<\/small>?<small class=\"fine\">\u00a0<\/small>\u00bb<\/i> Imaginant peut-\u00eatre le toll\u00e9 qu\u2019aurait provoqu\u00e9 cette fine analyse appliqu\u00e9e, non pas aux Russes, mais \u00e0 un peuple d\u2019Afrique ou du Proche-Orient, Lellouche marque une pause puis temp\u00e8re l\u2019ardeur de la journaliste\u00a0: <i>\u00ab<small class=\"fine\">\u00a0<\/small>Oui, apr\u00e8s il ne faut peut-\u00eatre pas g\u00e9n\u00e9raliser. Tous les Russes ne sont pas comme \u00e7a.<small class=\"fine\">\u00a0<\/small>\u00bb<\/i><\/p>\n<p>On retrouvait deux semaines plus tard la m\u00eame id\u00e9e de responsabilit\u00e9 collective dans les colonnes du <i>Monde<\/i> (15\u00a0septembre\u00a02022). La chroniqueuse Sylvie Kauffmann y relatait sans r\u00e9serve les efforts des \u00e9lites politiques baltes, ukrainiennes et polonaises pour imposer p\u00e9nitence au peuple russe dans son ensemble. Qui devra rendre compte des crimes<small class=\"fine\">\u00a0<\/small>? <i>\u00ab<small class=\"fine\">\u00a0<\/small>Est-ce Vladimir Poutine<small class=\"fine\">\u00a0<\/small>?<\/i> (<i>\u2026<\/i>) <i>Est-ce la Russie<small class=\"fine\">\u00a0<\/small>? Ou bien est-ce la population qui, pour autant que l\u2019on puisse croire les \u00e9tudes d\u2019opinion, soutient majoritairement cette guerre<small class=\"fine\">\u00a0<\/small>?<small class=\"fine\">\u00a0<\/small>\u00bb<\/i><\/p>\n<p>La conviction de mener une guerre des civilisations domine aussi le sommet de la diplomatie europ\u00e9enne. Haut repr\u00e9sentant de l\u2019Union pour les affaires \u00e9trang\u00e8res et la politique de s\u00e9curit\u00e9, M.\u00a0Josep Borrell a d\u00e9voil\u00e9 sa vision du monde le 13\u00a0octobre dernier, \u00e0 l\u2019Acad\u00e9mie diplomatique europ\u00e9enne de Bruges\u00a0: <i>\u00ab<small class=\"fine\">\u00a0<\/small>L\u2019Europe est un jardin. Nous avons construit un jardin. Tout fonctionne. C\u2019est la meilleure combinaison de libert\u00e9 politique, de prosp\u00e9rit\u00e9 \u00e9conomique et de coh\u00e9sion sociale que l\u2019humanit\u00e9 ait pu construire.<small class=\"fine\">\u00a0<\/small>\u00bb<\/i> Mais, face \u00e0 cet \u00e9den, <i>\u00ab<small class=\"fine\">\u00a0<\/small>la plupart du reste du monde est une jungle, et la jungle pourrait envahir le jardin<small class=\"fine\">\u00a0<\/small>\u00bb.<\/i> Par cons\u00e9quent, <i>\u00ab<small class=\"fine\">\u00a0<\/small>les jardiniers doivent aller dans la jungle. Les Europ\u00e9ens doivent \u00eatre beaucoup plus engag\u00e9s avec le reste du monde. Sinon, le reste du monde nous envahira, de diff\u00e9rentes mani\u00e8res et par diff\u00e9rents moyens<small class=\"fine\">\u00a0<\/small>\u00bb\u2026<\/i><\/p>\n<p>Les sauvages n\u2019ont qu\u2019\u00e0 bien se tenir.<\/p>\n<\/p><\/div>\n<p><br \/>\n<br \/><a href=\"https:\/\/www.monde-diplomatique.fr\/2022\/11\/RIMBERT\/65237\" target=\"_blank\"\">Source link <\/a><\/p>\n","protected":false},"excerpt":{"rendered":"<p>Lorsque la Russie envahit l\u2019Ukraine le 24\u00a0f\u00e9vrier dernier, les dirigeants occidentaux font un choix d\u00e9terminant. Plut\u00f4t que de r\u00e9agir \u00e0 une invasion militaire contraire \u00e0 la Charte des Nations unies&hellip; <\/p>\n","protected":false},"author":1,"featured_media":16015,"comment_status":"open","ping_status":"open","sticky":false,"template":"","format":"standard","meta":{"footnotes":""},"categories":[1],"tags":[],"class_list":["post-16014","post","type-post","status-publish","format-standard","has-post-thumbnail","hentry","category-non-classe"],"_links":{"self":[{"href":"https:\/\/monde25.info\/index.php\/wp-json\/wp\/v2\/posts\/16014","targetHints":{"allow":["GET"]}}],"collection":[{"href":"https:\/\/monde25.info\/index.php\/wp-json\/wp\/v2\/posts"}],"about":[{"href":"https:\/\/monde25.info\/index.php\/wp-json\/wp\/v2\/types\/post"}],"author":[{"embeddable":true,"href":"https:\/\/monde25.info\/index.php\/wp-json\/wp\/v2\/users\/1"}],"replies":[{"embeddable":true,"href":"https:\/\/monde25.info\/index.php\/wp-json\/wp\/v2\/comments?post=16014"}],"version-history":[{"count":0,"href":"https:\/\/monde25.info\/index.php\/wp-json\/wp\/v2\/posts\/16014\/revisions"}],"wp:featuredmedia":[{"embeddable":true,"href":"https:\/\/monde25.info\/index.php\/wp-json\/wp\/v2\/media\/16015"}],"wp:attachment":[{"href":"https:\/\/monde25.info\/index.php\/wp-json\/wp\/v2\/media?parent=16014"}],"wp:term":[{"taxonomy":"category","embeddable":true,"href":"https:\/\/monde25.info\/index.php\/wp-json\/wp\/v2\/categories?post=16014"},{"taxonomy":"post_tag","embeddable":true,"href":"https:\/\/monde25.info\/index.php\/wp-json\/wp\/v2\/tags?post=16014"}],"curies":[{"name":"wp","href":"https:\/\/api.w.org\/{rel}","templated":true}]}}