{"id":16016,"date":"2025-09-17T04:10:47","date_gmt":"2025-09-17T02:10:47","guid":{"rendered":"https:\/\/monde25.info\/index.php\/2025\/09\/17\/la-foret-amazonienne-bresilienne-a-perdu-une-surface-equivalente-a-lespagne-en-40-ans\/"},"modified":"2025-09-17T04:10:47","modified_gmt":"2025-09-17T02:10:47","slug":"la-foret-amazonienne-bresilienne-a-perdu-une-surface-equivalente-a-lespagne-en-40-ans","status":"publish","type":"post","link":"https:\/\/monde25.info\/index.php\/2025\/09\/17\/la-foret-amazonienne-bresilienne-a-perdu-une-surface-equivalente-a-lespagne-en-40-ans\/","title":{"rendered":"La for\u00eat amazonienne br\u00e9silienne a perdu une surface \u00e9quivalente \u00e0 l&#039;Espagne en 40 ans"},"content":{"rendered":"<p> <br \/>\n<br \/><img loading=\"lazy\" decoding=\"async\" src=\"https:\/\/reporterre.net\/local\/cache-vignettes\/L700xH467\/rainmaismoinsdeforest-320af.jpg?1758025700\" class=\"spip_logo\" width=\"700\" height=\"467\" alt=\"\" \/><\/p>\n<p>La for\u00eat amazonienne br\u00e9silienne a perdu 49,1\u00a0millions d&rsquo;hectares en quarante\u00a0ans, une superficie \u00e9quivalente \u00e0 celle de l&rsquo;Espagne, selon des donn\u00e9es satellitaires du r\u00e9seau Mapbiomas compil\u00e9es avec des universit\u00e9s, <span class=\"caps\">ONG<\/span> et entreprises de la tech et publi\u00e9es lundi 15\u00a0septembre. <br class=\"autobr\" \/><br \/>\nL&rsquo;\u00e9levage, principal facteur de destruction <br class=\"autobr\" \/><br \/>\nCe recul alarmant menace l&rsquo;\u00e9quilibre \u00e9cologique global. Bruno Ferreira, chercheur chez Mapbiomas, met en garde contre le \u00ab<small class=\"fine d-inline\">\u00a0<\/small>point de non-retour<small class=\"fine d-inline\">\u00a0<\/small>\u00bb\u00a0: si la disparition de la\u00a0(\u2026)<\/p>\n<p>                    <a target=\"_blank\" href=\"https:\/\/reporterre.net\/La-foret-amazonienne-bresilienne-a-perdu-une-surface-equivalente-a-l-Espagne-en-40-ans?utm_source=RSS&amp;utm_medium=RSS\">Lire la suite<\/a><\/p>\n<p>                    &#8211;<br \/>\n                        <a target=\"_blank\" href=\"https:\/\/reporterre.net\/Breves-20\" rel=\"directory\">En bref<\/a><\/p>\n<p>                    \/<br \/>\n                        <a target=\"_blank\" href=\"https:\/\/reporterre.net\/Forets-tropicales\" rel=\"tag\">For\u00eats tropicales<\/a><br \/>\n<br \/><br \/>\n<br \/><a href=\"https:\/\/reporterre.net\/La-foret-amazonienne-bresilienne-a-perdu-une-surface-equivalente-a-l-Espagne-en-40-ans\" target=\"_blank\"\">Source link <\/a><\/p>\n","protected":false},"excerpt":{"rendered":"<p>La for\u00eat amazonienne br\u00e9silienne a perdu 49,1\u00a0millions d&rsquo;hectares en quarante\u00a0ans, une superficie \u00e9quivalente \u00e0 celle de l&rsquo;Espagne, selon des donn\u00e9es satellitaires du r\u00e9seau Mapbiomas compil\u00e9es avec des universit\u00e9s, ONG et&hellip; <\/p>\n","protected":false},"author":1,"featured_media":0,"comment_status":"open","ping_status":"open","sticky":false,"template":"","format":"standard","meta":{"footnotes":""},"categories":[1],"tags":[],"class_list":["post-16016","post","type-post","status-publish","format-standard","hentry","category-non-classe"],"_links":{"self":[{"href":"https:\/\/monde25.info\/index.php\/wp-json\/wp\/v2\/posts\/16016","targetHints":{"allow":["GET"]}}],"collection":[{"href":"https:\/\/monde25.info\/index.php\/wp-json\/wp\/v2\/posts"}],"about":[{"href":"https:\/\/monde25.info\/index.php\/wp-json\/wp\/v2\/types\/post"}],"author":[{"embeddable":true,"href":"https:\/\/monde25.info\/index.php\/wp-json\/wp\/v2\/users\/1"}],"replies":[{"embeddable":true,"href":"https:\/\/monde25.info\/index.php\/wp-json\/wp\/v2\/comments?post=16016"}],"version-history":[{"count":0,"href":"https:\/\/monde25.info\/index.php\/wp-json\/wp\/v2\/posts\/16016\/revisions"}],"wp:attachment":[{"href":"https:\/\/monde25.info\/index.php\/wp-json\/wp\/v2\/media?parent=16016"}],"wp:term":[{"taxonomy":"category","embeddable":true,"href":"https:\/\/monde25.info\/index.php\/wp-json\/wp\/v2\/categories?post=16016"},{"taxonomy":"post_tag","embeddable":true,"href":"https:\/\/monde25.info\/index.php\/wp-json\/wp\/v2\/tags?post=16016"}],"curies":[{"name":"wp","href":"https:\/\/api.w.org\/{rel}","templated":true}]}}