{"id":16019,"date":"2025-09-17T05:16:44","date_gmt":"2025-09-17T03:16:44","guid":{"rendered":"https:\/\/monde25.info\/index.php\/2025\/09\/17\/eric-piolle-suspendu-de-son-mandat-de-porte-parole-des-ecologistes\/"},"modified":"2025-09-17T05:16:44","modified_gmt":"2025-09-17T03:16:44","slug":"eric-piolle-suspendu-de-son-mandat-de-porte-parole-des-ecologistes","status":"publish","type":"post","link":"https:\/\/monde25.info\/index.php\/2025\/09\/17\/eric-piolle-suspendu-de-son-mandat-de-porte-parole-des-ecologistes\/","title":{"rendered":"\u00c9ric Piolle suspendu de son mandat de porte-parole des \u00c9cologistes"},"content":{"rendered":"<p> <br \/>\n<\/p>\n<div>\n<p>Le maire de Grenoble (pire ville de plus de 22 500 habitants en France pour son nombre de crimes et d\u00e9lits par habitant, apr\u00e8s Marseille), \u00c9ric Piolle a \u00e9t\u00e9 suspendu mardi de son mandat de porte-parole des \u00c9cologistes \u00e0 titre conservatoire, dans le cadre de l&rsquo;instruction judiciaire ouverte contre lui \u00e0 Grenoble pour \u00ab\u00a0concussion\u00a0\u00bb et \u00ab\u00a0recel de d\u00e9lit\u00a0\u00bb, a-t-on appris aupr\u00e8s du parti et de l&rsquo;\u00e9lu, confirmant une information de l&rsquo;Opinion.<\/p>\n<p>M. Piolle \u00ab\u00a0a \u00e9t\u00e9 suspendu \u00e0 titre conservatoire de son mandat de porte-parole, et n&rsquo;est plus membre du bureau politique \u00e0 titre conservatoire\u00a0\u00bb, a indiqu\u00e9 la direction du parti, expliquant que \u00ab\u00a0les soup\u00e7ons qui p\u00e8sent sur lui et qu&rsquo;il n&rsquo;a pas souhait\u00e9 d\u00e9mentir peuvent avoir des cons\u00e9quences sur le parti et sa r\u00e9putation, notamment \u00e0 l&rsquo;approche des municipales\u00a0\u00bb.<\/p>\n<p>Selon la d\u00e9cision du conseil disciplinaire, valid\u00e9e par le bureau politique et notifi\u00e9e \u00e0 M. Piolle mardi matin, le refus du maire de Grenoble \u00ab\u00a0de d\u00e9mentir \u2013 en interne comme en externe &#8211;\u00a0\u00bb ce qui lui est reproch\u00e9 \u00ab\u00a0est constitutif, \u00e0 lui seul, d&rsquo;une enfreinte \u00e0 nos valeurs de base (transparence, probit\u00e9, coop\u00e9ration, etc.) et \u00e0 nos principes de fonctionnement et est par ailleurs incompatible pour la fonction de porte-parole\u00a0\u00bb.<\/p>\n<p>Une enqu\u00eate a \u00e9t\u00e9 ouverte d\u00e9but juin 2024 contre le maire \u00e9cologiste \u00e0 la suite d&rsquo;un article du Canard Encha\u00een\u00e9 l&rsquo;accusant d&rsquo;avoir organis\u00e9 un tour de passe-passe budg\u00e9taire pour verser ind\u00fbment 16 800 euros \u00e0 son ancienne premi\u00e8re adjointe, aujourd&rsquo;hui d\u00e9put\u00e9e LFI, Elisa Martin.<\/p>\n<p>M. Piolle, qui n&rsquo;a pour l&rsquo;instant pas \u00e9t\u00e9 auditionn\u00e9 par la justice, ni mis en examen, accuse un ancien collaborateur de vouloir lui nuire dans cette affaire.<\/p>\n<p>\u00c9ric Piolle a \u00e9t\u00e9 \u00e9lu en avril dernier par les adh\u00e9rents du parti, porte-parole des \u00c9cologistes, contre la volont\u00e9 de la secr\u00e9taire nationale Marine Tondelier, qui lui pr\u00e9f\u00e9rait un autre candidat. La direction disait s&rsquo;inqui\u00e9ter des r\u00e9percussions de l&rsquo;enqu\u00eate judiciaire sur l&rsquo;image du parti.<\/p>\n<p>Apr\u00e8s son \u00e9lection, le bureau politique avait souhait\u00e9 s&rsquo;entretenir avec M. Piolle sur cette affaire, mais celui-ci a d\u00e9clin\u00e9, pr\u00e9cise la direction.<\/p>\n<p>Le bureau politique a alors saisi avant l&rsquo;\u00e9t\u00e9 le conseil disciplinaire du parti, instance ind\u00e9pendante, qui a auditionn\u00e9 le maire de Grenoble, mais celui-ci a refus\u00e9 une nouvelle fois de s&rsquo;exprimer sur l&rsquo;affaire, disant se tenir \u00e0 la disposition de la justice.<\/p>\n<p>\u00ab\u00a0Ils me suspendent pour atteinte aux valeurs du parti, par manque de transparence\u00a0\u00bb, a expliqu\u00e9 M. Piolle \u00e0 l&rsquo;AFP, critiquant une d\u00e9cision \u00ab\u00a0politique absurde\u00a0\u00bb, et rappelant que les militants l&rsquo;avaient choisi comme porte-parole \u00ab\u00a0en connaissance de cause\u00a0\u00bb.<\/p>\n<p>L&rsquo;\u00e9lu, qui ne se repr\u00e9sente pas aux municipales \u00e0 Grenoble, va regarder ses moyens de recours, \u00ab\u00a0qui peuvent \u00eatre juridiques\u00a0\u00bb, a-t-il pr\u00e9cis\u00e9.<\/p>\n<\/div>\n<p><script>(function(d, s, id) {  var js, fjs = d.getElementsByTagName(s)[0];  if (d.getElementById(id)) return;  js = d.createElement(s); js.id = id;  js.src = \"\/\/connect.facebook.net\/fr_FR\/sdk.js#xfbml=1&version=v2.3\";  fjs.parentNode.insertBefore(js, fjs);}(document, \"script\", \"facebook-jssdk\"));<\/script><br \/>\n<br \/><br \/>\n<br \/><a href=\"https:\/\/www.francesoir.fr\/politique-france\/eric-piolle-suspendu-de-son-mandat-de-porte-parole-des-ecologistes\" target=\"_blank\"\">Source link <\/a><\/p>\n","protected":false},"excerpt":{"rendered":"<p>Le maire de Grenoble (pire ville de plus de 22 500 habitants en France pour son nombre de crimes et d\u00e9lits par habitant, apr\u00e8s Marseille), \u00c9ric Piolle a \u00e9t\u00e9 suspendu&hellip; <\/p>\n","protected":false},"author":1,"featured_media":16020,"comment_status":"open","ping_status":"open","sticky":false,"template":"","format":"standard","meta":{"footnotes":""},"categories":[1],"tags":[],"class_list":["post-16019","post","type-post","status-publish","format-standard","has-post-thumbnail","hentry","category-non-classe"],"_links":{"self":[{"href":"https:\/\/monde25.info\/index.php\/wp-json\/wp\/v2\/posts\/16019","targetHints":{"allow":["GET"]}}],"collection":[{"href":"https:\/\/monde25.info\/index.php\/wp-json\/wp\/v2\/posts"}],"about":[{"href":"https:\/\/monde25.info\/index.php\/wp-json\/wp\/v2\/types\/post"}],"author":[{"embeddable":true,"href":"https:\/\/monde25.info\/index.php\/wp-json\/wp\/v2\/users\/1"}],"replies":[{"embeddable":true,"href":"https:\/\/monde25.info\/index.php\/wp-json\/wp\/v2\/comments?post=16019"}],"version-history":[{"count":0,"href":"https:\/\/monde25.info\/index.php\/wp-json\/wp\/v2\/posts\/16019\/revisions"}],"wp:featuredmedia":[{"embeddable":true,"href":"https:\/\/monde25.info\/index.php\/wp-json\/wp\/v2\/media\/16020"}],"wp:attachment":[{"href":"https:\/\/monde25.info\/index.php\/wp-json\/wp\/v2\/media?parent=16019"}],"wp:term":[{"taxonomy":"category","embeddable":true,"href":"https:\/\/monde25.info\/index.php\/wp-json\/wp\/v2\/categories?post=16019"},{"taxonomy":"post_tag","embeddable":true,"href":"https:\/\/monde25.info\/index.php\/wp-json\/wp\/v2\/tags?post=16019"}],"curies":[{"name":"wp","href":"https:\/\/api.w.org\/{rel}","templated":true}]}}