{"id":16021,"date":"2025-09-17T05:49:44","date_gmt":"2025-09-17T03:49:44","guid":{"rendered":"https:\/\/monde25.info\/index.php\/2025\/09\/17\/le-mali-lance-la-semaine-de-la-reconciliation-pour-promouvoir-le-vivre-ensemble-dans-lespace-de-laes-rt-en-francais\/"},"modified":"2025-09-17T05:49:44","modified_gmt":"2025-09-17T03:49:44","slug":"le-mali-lance-la-semaine-de-la-reconciliation-pour-promouvoir-le-vivre-ensemble-dans-lespace-de-laes-rt-en-francais","status":"publish","type":"post","link":"https:\/\/monde25.info\/index.php\/2025\/09\/17\/le-mali-lance-la-semaine-de-la-reconciliation-pour-promouvoir-le-vivre-ensemble-dans-lespace-de-laes-rt-en-francais\/","title":{"rendered":"Le Mali lance la semaine de la r\u00e9conciliation pour promouvoir le vivre-ensemble dans l\u2019espace de l\u2019AES \u2014 RT en fran\u00e7ais"},"content":{"rendered":"<p> <br \/>\n<br \/><img decoding=\"async\" src=\"https:\/\/mf.b37mrtl.ru\/french\/images\/2025.09\/thumbnail\/68c9a28d6f7ccc7677717fb1.jpg\" \/><\/p>\n<div>\n<p class=\"text__summary\">\n                                        L\u2019ouverture de la quatri\u00e8me \u00e9dition de la semaine de la r\u00e9conciliation est c\u00e9l\u00e9br\u00e9e tant par le Mali avec la pr\u00e9sence de d\u00e9l\u00e9gations des membres de l\u2019AES, par un ensemble d\u2019activit\u00e9s culturelles, m\u00e9morielles et sportives mettant l\u2019accent sur les id\u00e9aux du vivre-ensemble et de la coh\u00e9sion sociale.\n                                    <\/p>\n<p>Pour sa quatri\u00e8me \u00e9dition, la semaine nationale de la r\u00e9conciliation malienne est organis\u00e9e du 15 au 21 septembre, sous le th\u00e8me \u00ab\u00a0H\u00e9ritage culturel : facteur de paix et de coh\u00e9sion sociale dans l\u2019espace AES\u00a0\u00bb. Pour les autorit\u00e9s du pays, il s\u2019agit de mettre l\u2019accent sur les valeurs culturelles et patriotiques de l\u2019Alliance des \u00c9tats du Sahel (AES) \u00e0 travers des activit\u00e9s \u00e9ducatives, culturelles, sportives et m\u00e9morielles en pr\u00e9sence des d\u00e9l\u00e9gations du Burkina-Faso et du Niger.<\/p>\n<h2>C\u00e9l\u00e9brer les id\u00e9es du vivre-ensemble<\/h2>\n<p>Dans son discours au d\u00e9marrage de la semaine nationale de la r\u00e9conciliation malienne, le Premier ministre malien, Abdoulaye Ma\u00efga, a soulign\u00e9 la n\u00e9cessit\u00e9 d\u2019informer, de sensibiliser et de mobiliser l\u2019opinion publique sur les acquis, les enjeux et les d\u00e9fis de la r\u00e9conciliation. \u00ab\u00a0C\u2019est l\u2019occasion pour nous, de c\u00e9l\u00e9brer les id\u00e9aux du vivre-ensemble et de la coh\u00e9sion sociale \u00e0 travers des activit\u00e9s \u00e9ducatives, socio-culturelles, artistiques, sportives et m\u00e9morielles\u00a0\u00bb, a-t-il d\u00e9clar\u00e9, rappelant le dialogue inter-malien annonc\u00e9 par le pr\u00e9sident de la transition, le g\u00e9n\u00e9ral Assimi Go\u00efta, le 31 d\u00e9cembre 2023, visant \u00e0 privil\u00e9gier l\u2019appropriation nationale du processus de paix.<\/p>\n<h2>Des traditions mises \u00e0 l\u2019honneur<\/h2>\n<p>Le gouvernement malien c\u00e9l\u00e8bre des traditions telles que le \u00ab\u00a0sinakounya\u00a0\u00bb, ou parent\u00e9 \u00e0 plaisanterie favorisant la fraternit\u00e9 entre groupes, le \u00ab\u00a0siguignogonya\u00a0\u00bb, qui exprime l\u2019entraide et la solidarit\u00e9 communautaire, le \u00ab\u00a0bouranyan\u00a0\u00bb, coutume d\u2019hospitalit\u00e9 et de partage, ainsi que le \u00ab\u00a0nimogoya\u00a0\u00bb, principe de respect et de dignit\u00e9 dans les relations sociales, rapporte l\u2019agence de presse africaine APA.<\/p>\n<p>Ces r\u00e9f\u00e9rences culturelles sont justement partag\u00e9es par les pays de l\u2019AES, \u00e0 savoir le Mali, le Burkina Faso et le Niger, d\u2019o\u00f9 leur importance comme socles de coh\u00e9sion depuis la cr\u00e9ation de la Conf\u00e9d\u00e9ration des \u00c9tats du Sahel, en 2023.<\/p>\n<h2>Promotion du patriotisme, du civisme et de la paix<\/h2>\n<p>L\u2019\u00e9v\u00e9nement consacre la m\u00e9moire collective en valorisant les croyances communes \u00e0 travers la pratique culturelle comme vecteur d\u2019unit\u00e9, a affirm\u00e9 le Premier ministre malien qui a mis en avant le r\u00f4le de la jeunesse et des femmes \u00ab\u00a0autour de la transmission des valeurs ancestrales de paix, de mettre en exergue le dialogue permanent entre les cultures de l\u2019espace sah\u00e9lien pour renforcer l\u2019int\u00e9gration et la fraternit\u00e9 au sein de notre conf\u00e9d\u00e9ration\u00a0\u00bb, a-t-il indiqu\u00e9. En pla\u00e7ant la r\u00e9conciliation dans une perspective internationale, le Mali veut se positionner comme un acteur majeur de la diplomatie culturelle de la paix.<\/p>\n<p>Pour le Mali, la Semaine de la r\u00e9conciliation se veut \u00e9galement un prolongement de la loi d\u2019Entente nationale, adopt\u00e9e en 2019 pour encourager le dialogue et tourner la page de la crise de 2012. Pour l\u2019AES qui f\u00eate ses deux ans depuis sa cr\u00e9ation, ce rendez-vous affiche la volont\u00e9 du Mali, du Burkina Faso et du Niger de vivre ensemble dans la paix et dans la coh\u00e9sion sociale.<\/p>\n<\/div>\n<p><br \/>\n<br \/><a href=\"https:\/\/francais.rt.com\/afrique\/125336-mali-lance-semaine-reconciliation-pour-promouvoir-vivre-ensemble-espace-aes\" target=\"_blank\"\">Source link <\/a><\/p>\n","protected":false},"excerpt":{"rendered":"<p>L\u2019ouverture de la quatri\u00e8me \u00e9dition de la semaine de la r\u00e9conciliation est c\u00e9l\u00e9br\u00e9e tant par le Mali avec la pr\u00e9sence de d\u00e9l\u00e9gations des membres de l\u2019AES, par un ensemble d\u2019activit\u00e9s&hellip; <\/p>\n","protected":false},"author":1,"featured_media":16022,"comment_status":"open","ping_status":"open","sticky":false,"template":"","format":"standard","meta":{"footnotes":""},"categories":[1],"tags":[],"class_list":["post-16021","post","type-post","status-publish","format-standard","has-post-thumbnail","hentry","category-non-classe"],"_links":{"self":[{"href":"https:\/\/monde25.info\/index.php\/wp-json\/wp\/v2\/posts\/16021","targetHints":{"allow":["GET"]}}],"collection":[{"href":"https:\/\/monde25.info\/index.php\/wp-json\/wp\/v2\/posts"}],"about":[{"href":"https:\/\/monde25.info\/index.php\/wp-json\/wp\/v2\/types\/post"}],"author":[{"embeddable":true,"href":"https:\/\/monde25.info\/index.php\/wp-json\/wp\/v2\/users\/1"}],"replies":[{"embeddable":true,"href":"https:\/\/monde25.info\/index.php\/wp-json\/wp\/v2\/comments?post=16021"}],"version-history":[{"count":0,"href":"https:\/\/monde25.info\/index.php\/wp-json\/wp\/v2\/posts\/16021\/revisions"}],"wp:featuredmedia":[{"embeddable":true,"href":"https:\/\/monde25.info\/index.php\/wp-json\/wp\/v2\/media\/16022"}],"wp:attachment":[{"href":"https:\/\/monde25.info\/index.php\/wp-json\/wp\/v2\/media?parent=16021"}],"wp:term":[{"taxonomy":"category","embeddable":true,"href":"https:\/\/monde25.info\/index.php\/wp-json\/wp\/v2\/categories?post=16021"},{"taxonomy":"post_tag","embeddable":true,"href":"https:\/\/monde25.info\/index.php\/wp-json\/wp\/v2\/tags?post=16021"}],"curies":[{"name":"wp","href":"https:\/\/api.w.org\/{rel}","templated":true}]}}