{"id":16029,"date":"2025-09-17T09:07:38","date_gmt":"2025-09-17T07:07:38","guid":{"rendered":"https:\/\/monde25.info\/index.php\/2025\/09\/17\/grande-manifestation-a-bure-les-antinucleaires-preparent-un-automne-de-lutte\/"},"modified":"2025-09-17T09:07:38","modified_gmt":"2025-09-17T07:07:38","slug":"grande-manifestation-a-bure-les-antinucleaires-preparent-un-automne-de-lutte","status":"publish","type":"post","link":"https:\/\/monde25.info\/index.php\/2025\/09\/17\/grande-manifestation-a-bure-les-antinucleaires-preparent-un-automne-de-lutte\/","title":{"rendered":"Grande manifestation \u00e0 Bure\u00a0: les antinucl\u00e9aires pr\u00e9parent un automne de lutte"},"content":{"rendered":"<p> <br \/>\n<br \/><img loading=\"lazy\" decoding=\"async\" src=\"https:\/\/reporterre.net\/local\/cache-vignettes\/L700xH468\/image_une-0150f.jpg?1758092402\" class=\"spip_logo\" width=\"700\" height=\"468\" alt=\"\" \/><\/p>\n<p>Dans la Meuse, le projet d&rsquo;enfouissement des d\u00e9chets nucl\u00e9aires avance ses pions face aux opposants qui r\u00e9sistent \u00e0 l&rsquo;expropriation de l&rsquo;ancienne gare de Lum\u00e9ville-en-Ornois, et pr\u00e9parent une grande manifestation le 20\u00a0septembre. <br class=\"autobr\" \/><br \/>\nBure, Lum\u00e9ville-en-Ornois (Meuse), reportage <br class=\"autobr\" \/><br \/>\nL&rsquo;ancienne gare de Lum\u00e9ville-en-Ornois sait que ses jours sont compt\u00e9s. Derri\u00e8re la porte m\u00e9tallique ferm\u00e9e et les pneus en guise de barricade, ce lieu embl\u00e9matique de la lutte meusienne contre le nucl\u00e9aire achet\u00e9 en\u00a0(\u2026)<\/p>\n<p>                    <a target=\"_blank\" href=\"https:\/\/reporterre.net\/Grande-manifestation-a-Bure-les-antinucleaires-preparent-un-automne-de-lutte?utm_source=RSS&amp;utm_medium=RSS\">Lire la suite<\/a><\/p>\n<p>                    &#8211;<br \/>\n                        <a target=\"_blank\" href=\"https:\/\/reporterre.net\/Reportage\" rel=\"directory\">Reportage<\/a><\/p>\n<p>                    \/<br \/>\n                        <a target=\"_blank\" href=\"https:\/\/reporterre.net\/Dechets-nucleaires\" rel=\"tag\">D\u00e9chets nucl\u00e9aires<\/a><br \/>\n                    ,<br \/>\n                        <a target=\"_blank\" href=\"https:\/\/reporterre.net\/Nucleaire\" rel=\"tag\">Nucl\u00e9aire<\/a><br \/>\n<br \/><br \/>\n<br \/><a href=\"https:\/\/reporterre.net\/Grande-manifestation-a-Bure-les-antinucleaires-preparent-un-automne-de-lutte\" target=\"_blank\"\">Source link <\/a><\/p>\n","protected":false},"excerpt":{"rendered":"<p>Dans la Meuse, le projet d&rsquo;enfouissement des d\u00e9chets nucl\u00e9aires avance ses pions face aux opposants qui r\u00e9sistent \u00e0 l&rsquo;expropriation de l&rsquo;ancienne gare de Lum\u00e9ville-en-Ornois, et pr\u00e9parent une grande manifestation le&hellip; <\/p>\n","protected":false},"author":1,"featured_media":0,"comment_status":"open","ping_status":"open","sticky":false,"template":"","format":"standard","meta":{"footnotes":""},"categories":[1],"tags":[],"class_list":["post-16029","post","type-post","status-publish","format-standard","hentry","category-non-classe"],"_links":{"self":[{"href":"https:\/\/monde25.info\/index.php\/wp-json\/wp\/v2\/posts\/16029","targetHints":{"allow":["GET"]}}],"collection":[{"href":"https:\/\/monde25.info\/index.php\/wp-json\/wp\/v2\/posts"}],"about":[{"href":"https:\/\/monde25.info\/index.php\/wp-json\/wp\/v2\/types\/post"}],"author":[{"embeddable":true,"href":"https:\/\/monde25.info\/index.php\/wp-json\/wp\/v2\/users\/1"}],"replies":[{"embeddable":true,"href":"https:\/\/monde25.info\/index.php\/wp-json\/wp\/v2\/comments?post=16029"}],"version-history":[{"count":0,"href":"https:\/\/monde25.info\/index.php\/wp-json\/wp\/v2\/posts\/16029\/revisions"}],"wp:attachment":[{"href":"https:\/\/monde25.info\/index.php\/wp-json\/wp\/v2\/media?parent=16029"}],"wp:term":[{"taxonomy":"category","embeddable":true,"href":"https:\/\/monde25.info\/index.php\/wp-json\/wp\/v2\/categories?post=16029"},{"taxonomy":"post_tag","embeddable":true,"href":"https:\/\/monde25.info\/index.php\/wp-json\/wp\/v2\/tags?post=16029"}],"curies":[{"name":"wp","href":"https:\/\/api.w.org\/{rel}","templated":true}]}}