{"id":16036,"date":"2025-09-17T11:19:37","date_gmt":"2025-09-17T09:19:37","guid":{"rendered":"https:\/\/monde25.info\/index.php\/2025\/09\/17\/le-cameroun-renforce-sa-capacite-installee-denergie-solaire-avec-286-mwc-supplementaires\/"},"modified":"2025-09-17T11:19:37","modified_gmt":"2025-09-17T09:19:37","slug":"le-cameroun-renforce-sa-capacite-installee-denergie-solaire-avec-286-mwc-supplementaires","status":"publish","type":"post","link":"https:\/\/monde25.info\/index.php\/2025\/09\/17\/le-cameroun-renforce-sa-capacite-installee-denergie-solaire-avec-286-mwc-supplementaires\/","title":{"rendered":"Le Cameroun renforce sa capacit\u00e9 install\u00e9e d&rsquo;\u00e9nergie solaire avec 28,6 MWc suppl\u00e9mentaires"},"content":{"rendered":"<p> <br \/>\n<br \/><img decoding=\"async\" src=\"https:\/\/cdn1.img.sputniknews.africa\/img\/104190\/56\/1041905612_0:67:1280:787_600x0_80_0_0_6b945285f4d300885b01dd515ba82d3b.jpg\" \/><\/p>\n<div>\n<div class=\"article__meta\" itemscope=\"\" itemtype=\"https:\/\/schema.org\/Article\">\n<p>https:\/\/fr.sputniknews.africa\/20250917\/le-cameroun-renforce-sa-capacite-installee-denergie-solaire-avec-286-mwc-supplementaires-1078332443.html<\/p>\n<p><a target=\"_blank\" itemprop=\"url\" href=\"https:\/\/fr.sputniknews.africa\/20250917\/le-cameroun-renforce-sa-capacite-installee-denergie-solaire-avec-286-mwc-supplementaires-1078332443.html\" title=\"Le Cameroun renforce sa capacit\u00e9 install\u00e9e d'\u00e9nergie solaire avec 28,6 MWc suppl\u00e9mentaires\"\/><\/p>\n<p>Le Cameroun renforce sa capacit\u00e9 install\u00e9e d&rsquo;\u00e9nergie solaire avec 28,6 MWc suppl\u00e9mentaires<\/p>\n<p>Le Cameroun renforce sa capacit\u00e9 install\u00e9e d&rsquo;\u00e9nergie solaire avec 28,6 MWc suppl\u00e9mentaires<\/p>\n<p>Sputnik Afrique<\/p>\n<p>Le Cameroun a lanc\u00e9 les travaux d&rsquo;extension des centrales solaires photovolta\u00efques de Maroua et Guider situ\u00e9es dans la r\u00e9gion de l\u2019Extr\u00eame-Nord, pour assurer&#8230; 17.09.2025, Sputnik Afrique<\/p>\n<p>2025-09-17T07:48+0200<\/p>\n<p>2025-09-17T07:48+0200<\/p>\n<p>2025-09-17T07:48+0200<\/p>\n<p>cameroun<\/p>\n<p>afrique subsaharienne<\/p>\n<p>\u00e9nergie solaire<\/p>\n<p>https:\/\/cdn1.img.sputniknews.africa\/img\/104190\/56\/1041905612_0:67:1280:787_1920x0_80_0_0_e530d308bce9f757ba01a3668479cc4f.jpg<\/p>\n<p>Cette extension qui sera r\u00e9alis\u00e9e en partenariat public-priv\u00e9 avec une entreprise norv\u00e9gienne, permettra d\u2019injecter chaque ann\u00e9e 62,8 Gigawatt-heures d\u2019\u00e9lectricit\u00e9 dans le r\u00e9seau interconnect\u00e9 du nord du pays et d&rsquo;augmenter la capacit\u00e9 de stockage de 19,2 M\u00e9gawatts-heures suppl\u00e9mentaires, indique un communiqu\u00e9 du minist\u00e8re de l\u2019Eau et de l\u2019Energie.\u00a0\u00bbLes premiers m\u00e9gawatts seront inject\u00e9s d\u00e8s mars 2026, avant l\u2019ach\u00e8vement complet pr\u00e9vu en septembre de la m\u00eame ann\u00e9e\u00a0\u00bb, a affirm\u00e9 le ministre de l\u2019Eau et de l\u2019Energie, cit\u00e9 par le communiqu\u00e9, notant que ces infrastructures \u00e9nerg\u00e9tiques \u00ab\u00a0incarnent l\u2019espoir d\u2019un avenir meilleur, en cr\u00e9ant de l\u2019emploi, en soutenant l\u2019\u00e9ducation et en renfor\u00e7ant le d\u00e9veloppement \u00e9conomique dans la r\u00e9gion\u00a0\u00bb.La premi\u00e8re phase des centrales solaires photovolta\u00efques de Maroua et de Guider, mise en service en septembre 2023, avait apport\u00e9 36 M\u00e9gawatts-cr\u00eate et 20 M\u00e9gawatts-heures de stockage, couvrant pr\u00e8s de 40% de la demande en journ\u00e9e dans le Nord du Cameroun.Au-del\u00e0 de son pari sur l\u2019\u00e9nergie solaire, le Cameroun poursuit plusieurs projets \u00e9nerg\u00e9tiques structurants dont l\u2019am\u00e9nagement hybride de Bini \u00e0 Warack (95 MW) et la grande ligne de raccordement Nachtigal\u2013Ngaound\u00e9r\u00e9\u2013Wourosoua qui devraient renforcer \u00e0 moyen terme la stabilit\u00e9 du r\u00e9seau et connecter le Nord au Sud d\u2019ici 2028.<\/p>\n<p>cameroun<\/p>\n<p>afrique subsaharienne<\/p>\n<div itemprop=\"copyrightHolder\" itemscope=\"\" itemtype=\"http:\/\/schema.org\/Organization\">\n<p>Sputnik Afrique<\/p>\n<p><a target=\"_blank\" itemprop=\"url\" href=\"https:\/\/fr.sputniknews.africa\" title=\"Sputnik Afrique\"> <\/a><\/p>\n<p>feedback.fr@sputniknews.com<\/p>\n<p>+74956456601<\/p>\n<p>MIA \u201eRossiya Segodnya\u201c<\/p>\n<p><a target=\"_blank\" itemprop=\"sameAs\" href=\"https:\/\/t.me\/sputnik_afrique\"> <\/a><a target=\"_blank\" itemprop=\"sameAs\" href=\"https:\/\/t.me\/sputnik_africa\"> <\/a><a target=\"_blank\" itemprop=\"sameAs\" href=\"https:\/\/t.me\/sputnik_ethiopia\"> <\/a><a target=\"_blank\" itemprop=\"sameAs\" href=\"https:\/\/x.com\/sputnik_afrique\"> <\/a><a target=\"_blank\" itemprop=\"sameAs\" href=\"https:\/\/x.com\/sputnik_africa\"> <\/a><a target=\"_blank\" itemprop=\"sameAs\" href=\"https:\/\/x.com\/sputnik_ethio\"> <\/a><a target=\"_blank\" itemprop=\"sameAs\" href=\"https:\/\/x.com\/sputnik_swahili\"> <\/a><\/div>\n<p>2025<\/p>\n<p>Actus<\/p>\n<p>fr_FR<\/p>\n<div itemprop=\"sourceOrganization\" itemscope=\"\" itemtype=\"http:\/\/schema.org\/Organization\">\n<p>Sputnik Afrique<\/p>\n<p><a target=\"_blank\" itemprop=\"url\" href=\"https:\/\/fr.sputniknews.africa\" title=\"Sputnik Afrique\"> <\/a><\/p>\n<p>feedback.fr@sputniknews.com<\/p>\n<p>+74956456601<\/p>\n<p>MIA \u201eRossiya Segodnya\u201c<\/p>\n<p><a target=\"_blank\" itemprop=\"sameAs\" href=\"https:\/\/t.me\/sputnik_afrique\"> <\/a><a target=\"_blank\" itemprop=\"sameAs\" href=\"https:\/\/t.me\/sputnik_africa\"> <\/a><a target=\"_blank\" itemprop=\"sameAs\" href=\"https:\/\/t.me\/sputnik_ethiopia\"> <\/a><a target=\"_blank\" itemprop=\"sameAs\" href=\"https:\/\/x.com\/sputnik_afrique\"> <\/a><a target=\"_blank\" itemprop=\"sameAs\" href=\"https:\/\/x.com\/sputnik_africa\"> <\/a><a target=\"_blank\" itemprop=\"sameAs\" href=\"https:\/\/x.com\/sputnik_ethio\"> <\/a><a target=\"_blank\" itemprop=\"sameAs\" href=\"https:\/\/x.com\/sputnik_swahili\"> <\/a><\/div>\n<p><a target=\"_blank\" itemprop=\"thumbnailUrl\" href=\"https:\/\/cdn1.img.sputniknews.africa\/img\/104190\/56\/1041905612_0:67:1280:787_1920x0_80_0_0_e530d308bce9f757ba01a3668479cc4f.jpg\"\/><a target=\"_blank\" itemprop=\"thumbnailUrl\" href=\"https:\/\/cdn1.img.sputniknews.africa\/img\/104190\/56\/1041905612_71:0:1210:854_1920x0_80_0_0_80c73692ae707f654c5281904ce5b773.jpg\">https:\/\/cdn1.img.sputniknews.africa\/img\/104190\/56\/1041905612_71:0:1210:854_1920x0_80_0_0_80c73692ae707f654c5281904ce5b773.jpg<\/a><a target=\"_blank\" itemprop=\"thumbnailUrl\" href=\"https:\/\/cdn1.img.sputniknews.africa\/img\/104190\/56\/1041905612_213:0:1067:854_1920x0_80_0_0_f552bf431443b024f19a3ec125bf7aa8.jpg\" title=\"Panneaux solaires\"\/><\/p>\n<div itemprop=\"publisher\" itemscope=\"\" itemtype=\"http:\/\/schema.org\/Organization\">\n<p>Sputnik Afrique<\/p>\n<p><a target=\"_blank\" itemprop=\"url\" href=\"https:\/\/fr.sputniknews.africa\" title=\"Sputnik Afrique\"> <\/a><\/p>\n<p>feedback.fr@sputniknews.com<\/p>\n<p>+74956456601<\/p>\n<p>MIA \u201eRossiya Segodnya\u201c<\/p>\n<p><a target=\"_blank\" itemprop=\"sameAs\" href=\"https:\/\/t.me\/sputnik_afrique\"> <\/a><a target=\"_blank\" itemprop=\"sameAs\" href=\"https:\/\/t.me\/sputnik_africa\"> <\/a><a target=\"_blank\" itemprop=\"sameAs\" href=\"https:\/\/t.me\/sputnik_ethiopia\"> <\/a><a target=\"_blank\" itemprop=\"sameAs\" href=\"https:\/\/x.com\/sputnik_afrique\"> <\/a><a target=\"_blank\" itemprop=\"sameAs\" href=\"https:\/\/x.com\/sputnik_africa\"> <\/a><a target=\"_blank\" itemprop=\"sameAs\" href=\"https:\/\/x.com\/sputnik_ethio\"> <\/a><a target=\"_blank\" itemprop=\"sameAs\" href=\"https:\/\/x.com\/sputnik_swahili\"> <\/a><\/div>\n<p>cameroun, afrique subsaharienne, \u00e9nergie solaire<\/p>\n<div itemprop=\"about\" itemscope=\"\" itemtype=\"https:\/\/schema.org\/Thing\">\n<p>cameroun, afrique subsaharienne, \u00e9nergie solaire<\/p>\n<\/div>\n<\/div>\n<div class=\"article__header\">\n<p>Le Cameroun a lanc\u00e9 les travaux d&rsquo;extension des centrales solaires photovolta\u00efques de Maroua et Guider situ\u00e9es dans la r\u00e9gion de l\u2019Extr\u00eame-Nord, pour assurer une production suppl\u00e9mentaire de 28,6 M\u00e9gawatts-cr\u00eate et renforcer la part du solaire dans le mix \u00e9nerg\u00e9tique.<\/p>\n<\/div>\n<div class=\"article__body\">\n<div class=\"article__block\" data-type=\"text\">\n<p>Cette extension qui sera r\u00e9alis\u00e9e en partenariat public-priv\u00e9 avec une entreprise norv\u00e9gienne, permettra d\u2019injecter chaque ann\u00e9e 62,8 Gigawatt-heures d\u2019\u00e9lectricit\u00e9 dans le r\u00e9seau interconnect\u00e9 du nord du pays et d&rsquo;augmenter la capacit\u00e9 de stockage de 19,2 M\u00e9gawatts-heures suppl\u00e9mentaires, indique un communiqu\u00e9 du minist\u00e8re de l\u2019Eau et de l\u2019Energie.<\/p>\n<\/div>\n<div class=\"article__block\" data-type=\"text\">\n<p>\u00ab\u00a0Les premiers m\u00e9gawatts seront inject\u00e9s d\u00e8s mars 2026, avant l\u2019ach\u00e8vement complet pr\u00e9vu en septembre de la m\u00eame ann\u00e9e\u00a0\u00bb, a affirm\u00e9 le ministre de l\u2019Eau et de l\u2019Energie, cit\u00e9 par le communiqu\u00e9, notant que ces infrastructures \u00e9nerg\u00e9tiques \u00ab\u00a0incarnent l\u2019espoir d\u2019un avenir meilleur, en cr\u00e9ant de l\u2019emploi, en soutenant l\u2019\u00e9ducation et en renfor\u00e7ant le d\u00e9veloppement \u00e9conomique dans la r\u00e9gion\u00a0\u00bb.<\/p>\n<\/div>\n<div class=\"article__block\" data-type=\"text\">\n<p>La premi\u00e8re phase des centrales solaires photovolta\u00efques de Maroua et de Guider, mise en service en septembre 2023, avait apport\u00e9 36 M\u00e9gawatts-cr\u00eate et 20 M\u00e9gawatts-heures de stockage, couvrant pr\u00e8s de 40% de la demande en journ\u00e9e dans le Nord du Cameroun.<\/p>\n<\/div>\n<div class=\"article__block\" data-type=\"text\">\n<p>Au-del\u00e0 de son pari sur l\u2019\u00e9nergie solaire, le Cameroun poursuit plusieurs projets \u00e9nerg\u00e9tiques structurants dont l\u2019am\u00e9nagement hybride de Bini \u00e0 Warack (95 MW) et la grande ligne de raccordement Nachtigal\u2013Ngaound\u00e9r\u00e9\u2013Wourosoua qui devraient renforcer \u00e0 moyen terme la stabilit\u00e9 du r\u00e9seau et connecter le Nord au Sud d\u2019ici 2028.<\/p>\n<\/div>\n<\/div>\n<\/div>\n<p><script async=\"async\" type=\"text\/plain\" class=\"_iub_cs_activate\" data-iub-purposes=\"3\" data-suppressedsrc=\"https:\/\/connect.facebook.net\/en_US\/sdk.js#xfbml=1&amp;version=v3.2\"><\/script><br \/>\n<br \/><br \/>\n<br \/><a href=\"https:\/\/fr.sputniknews.africa\/20250917\/le-cameroun-renforce-sa-capacite-installee-denergie-solaire-avec-286-mwc-supplementaires-1078332443.html\" target=\"_blank\"\">Source link <\/a><\/p>\n","protected":false},"excerpt":{"rendered":"<p>https:\/\/fr.sputniknews.africa\/20250917\/le-cameroun-renforce-sa-capacite-installee-denergie-solaire-avec-286-mwc-supplementaires-1078332443.html Le Cameroun renforce sa capacit\u00e9 install\u00e9e d&rsquo;\u00e9nergie solaire avec 28,6 MWc suppl\u00e9mentaires Le Cameroun renforce sa capacit\u00e9 install\u00e9e d&rsquo;\u00e9nergie solaire avec 28,6 MWc suppl\u00e9mentaires Sputnik Afrique Le Cameroun a&hellip; <\/p>\n","protected":false},"author":1,"featured_media":16037,"comment_status":"open","ping_status":"open","sticky":false,"template":"","format":"standard","meta":{"footnotes":""},"categories":[1],"tags":[],"class_list":["post-16036","post","type-post","status-publish","format-standard","has-post-thumbnail","hentry","category-non-classe"],"_links":{"self":[{"href":"https:\/\/monde25.info\/index.php\/wp-json\/wp\/v2\/posts\/16036","targetHints":{"allow":["GET"]}}],"collection":[{"href":"https:\/\/monde25.info\/index.php\/wp-json\/wp\/v2\/posts"}],"about":[{"href":"https:\/\/monde25.info\/index.php\/wp-json\/wp\/v2\/types\/post"}],"author":[{"embeddable":true,"href":"https:\/\/monde25.info\/index.php\/wp-json\/wp\/v2\/users\/1"}],"replies":[{"embeddable":true,"href":"https:\/\/monde25.info\/index.php\/wp-json\/wp\/v2\/comments?post=16036"}],"version-history":[{"count":0,"href":"https:\/\/monde25.info\/index.php\/wp-json\/wp\/v2\/posts\/16036\/revisions"}],"wp:featuredmedia":[{"embeddable":true,"href":"https:\/\/monde25.info\/index.php\/wp-json\/wp\/v2\/media\/16037"}],"wp:attachment":[{"href":"https:\/\/monde25.info\/index.php\/wp-json\/wp\/v2\/media?parent=16036"}],"wp:term":[{"taxonomy":"category","embeddable":true,"href":"https:\/\/monde25.info\/index.php\/wp-json\/wp\/v2\/categories?post=16036"},{"taxonomy":"post_tag","embeddable":true,"href":"https:\/\/monde25.info\/index.php\/wp-json\/wp\/v2\/tags?post=16036"}],"curies":[{"name":"wp","href":"https:\/\/api.w.org\/{rel}","templated":true}]}}