{"id":1606,"date":"2024-12-06T05:42:23","date_gmt":"2024-12-06T04:42:23","guid":{"rendered":"https:\/\/monde25.info\/index.php\/2024\/12\/06\/lideologie-mortifere-des-faiseurs-de-guerres-les-moutons-enrages\/"},"modified":"2024-12-06T05:42:23","modified_gmt":"2024-12-06T04:42:23","slug":"lideologie-mortifere-des-faiseurs-de-guerres-les-moutons-enrages","status":"publish","type":"post","link":"https:\/\/monde25.info\/index.php\/2024\/12\/06\/lideologie-mortifere-des-faiseurs-de-guerres-les-moutons-enrages\/","title":{"rendered":"L\u2019id\u00e9ologie mortif\u00e8re des faiseurs de guerres. \u2013 Les moutons enrag\u00e9s"},"content":{"rendered":"<p> <br \/>\n<\/p>\n<div>\n<div class=\"wp-block-image\">\n<figure class=\"aligncenter size-large is-resized\"><img fetchpriority=\"high\" decoding=\"async\" width=\"550\" height=\"258\" src=\"https:\/\/lesmoutonsenrages.fr\/wp-content\/uploads\/2024\/11\/image-114-550x258.png\" alt=\"\" class=\"wp-image-164118\" style=\"width:390px;height:auto\" srcset=\"https:\/\/lesmoutonsenrages.fr\/wp-content\/uploads\/2024\/11\/image-114-550x258.png 550w, https:\/\/lesmoutonsenrages.fr\/wp-content\/uploads\/2024\/11\/image-114-250x117.png 250w, https:\/\/lesmoutonsenrages.fr\/wp-content\/uploads\/2024\/11\/image-114-768x360.png 768w, https:\/\/lesmoutonsenrages.fr\/wp-content\/uploads\/2024\/11\/image-114-150x70.png 150w, https:\/\/lesmoutonsenrages.fr\/wp-content\/uploads\/2024\/11\/image-114.png 937w\" sizes=\"(max-width: 550px) 100vw, 550px\"\/><\/figure>\n<\/div>\n<p><em>En cette fin d\u2019ann\u00e9e 2024, le spectre d\u2019une troisi\u00e8me guerre mondiale s\u2019intensifie. Avec la prise d\u2019Alep par des terroristes, mettant en p\u00e9ril le gouvernement syrien, et l\u2019escalade des pr\u00e9paratifs d\u2019une guerre frontale avec la F\u00e9d\u00e9ration de Russie, les f\u00eates de No\u00ebl s\u2019annoncent bien moroses. En effet, l<\/em><em>es dirigeants europ\u00e9ens craignent que Donald Trump, \u00e0 partir du 20 janvier 2025, arr\u00eate l\u2019aide militaire \u00e0 Kiev, et que de facto, l\u2019ensemble des pays de l\u2019UE soient oblig\u00e9s de financer la guerre par procuration contre la Russie. L\u2019\u00e9conomie europ\u00e9enne, d\u00e9j\u00e0 chancelante, risque de sombrer d\u00e9finitivement dans un d\u00e9labrement total. \u00a0<\/em><\/p>\n<p><span id=\"more-164241\"\/><\/p>\n<p>Ajoutons \u00e0 cela que les principaux dirigeants europ\u00e9ens ne peuvent pas, et ne pourront jamais, admettre qu\u2019ils se sont fourvoy\u00e9s dans une guerre insens\u00e9e, il est \u00e0 craindre qu\u2019ils aillent jusqu\u2019au-boutisme, \u00e0 savoir, la destruction de l\u2019UE sur le plan \u00e9conomique et industriel. Car, en remettant constamment, les cl\u00e9s de la France et des autres pays de l\u2019UE aux USA et \u00e0 l\u2019oligarchie financi\u00e8re internationale, force est de constater que la paup\u00e9risation de nos pays devient de plus en plus flagrante. Le pillage a encore de beaux jours devant lui \u00e0 moins que des gens sens\u00e9s n\u2019y mettent un terme rapidement.<\/p>\n<p>La victoire de Donald Trump n\u2019\u00e9tait pas pr\u00e9vue au programme par les dirigeants europ\u00e9ens. Kamala Harris aurait assur\u00e9 la p\u00e9rennit\u00e9 du soutien de l\u2019OTAN \u00e0 Kiev. Avec Donald Trump, rien n\u2019est moins s\u00fbr. \u00ab\u00a0Curieusement\u00a0\u00bb, depuis la victoire \u00e9lectorale de ce dernier, nous sommes t\u00e9moins d\u2019une v\u00e9ritable escalade de provocations diverses envers la F\u00e9d\u00e9ration de Russie, et d\u2019une attaque de terroristes arm\u00e9s par les USA et la coalition internationale, dans le Nord de la Syrie et plus pr\u00e9cis\u00e9ment dans la r\u00e9gion d\u2019Alep. \u00ab\u00a0Curieusement\u00a0\u00bb, cette attaque survient le m\u00eame jour de l\u2019entr\u00e9e en vigueur du cesser le feu entre Isra\u00ebl et le Liban.\u00a0 \u00ab\u00a0Curieusement\u00a0\u00bb, le groupe terroriste Hayat Tahrir al-Sham, responsable de l\u2019attaque \u00e0 Alep, entretient des liens \u00e9troits avec la Direction Principale du Renseignement (GUR) du minist\u00e8re de la D\u00e9fense de l\u2019Ukraine. Tiens, tiens\u2026 Voir en fin d\u2019article.<\/p>\n<p>Voici une chronologie r\u00e9cente des principales \u00e9tapes des vell\u00e9it\u00e9s guerri\u00e8res de nos dirigeants occidentaux.<\/p>\n<p><strong>27 septembre 2024<\/strong>. <em>\u00ab\u00a0La troisi\u00e8me guerre mondiale est possible, et il est urgent de retrouver nos esprits\u00a0\u00bb<\/em>, a d\u00e9clar\u00e9 le Pr\u00e9sident du\u00a0<a target=\"_blank\" href=\"https:\/\/www.consilium.europa.eu\/fr\/\">Conseil europ\u00e9en<\/a>,\u00a0<a target=\"_blank\" href=\"https:\/\/newsroom.consilium.europa.eu\/events\/20240922-president-michel-united-nations-general-assembly-2024\/146032-1-address-by-president-michel-to-the-united-nations-general-assembly-part-1-20240926\">Charles Michel<\/a>, le 26 septembre \u00e0 New York lors de l\u2019Assembl\u00e9e g\u00e9n\u00e9rale des Nations Unies.<\/p>\n<p><strong>6 octobre 2024. <\/strong>D\u00e9claration de Benjamin Haddad, ministre de l\u2019Europe au Quai d\u2019Orsay<\/p>\n<p>BH\u00a0\u2013 <em>\u00ab\u00a0Le pr\u00e9sident de la R\u00e9publique avait \u00e9t\u00e9 tr\u00e8s clair, il y a quelques mois. Pendant trop longtemps, on a fix\u00e9 \u00e9norm\u00e9ment de lignes rouges aux Ukrainiens, tandis que la Russie ne s\u2019en fixait aucune\u2026\u00a0\u00bb \u00ab\u00a0La France avait permis d\u2019ailleurs \u00e0 cette aide de passer plusieurs caps. On a \u00e9t\u00e9 parmi les premiers pays \u00e0 livrer des chars, je vous le rappelle, \u00e0 livrer des missiles de longue port\u00e9e. On a d\u00e9bloqu\u00e9 un certain nombre de d\u00e9bats. Il faut continuer \u00e0 aider les Ukrainiens et \u00e0 cr\u00e9er le rapport de force le plus favorable pour eux sur le terrain, en particulier apr\u00e8s une ann\u00e9e qui a \u00e9t\u00e9 difficile sur le terrain, sur le plan militaire, comme sur le plan \u00e9conomique ou humanitaire. Il y aura quelques dossiers dans les prochains mois qui vont \u00eatre absolument fondamentaux et sur lesquels je m\u2019investirai tout personnellement\u00a0: un pr\u00eat qui est financ\u00e9 \u00e0 partir des avoirs gel\u00e9s de la Banque centrale russe immobilis\u00e9s en Europe, un pr\u00eat de 50\u00a0milliards d\u2019euros des pays du\u00a0G7 \u00e0 l\u2019Ukraine, qui est aujourd\u2019hui bloqu\u00e9 notamment par la Hongrie, et donc je me mobiliserai avec nos partenaires pour qu\u2019on d\u00e9bloque ce pr\u00eat, qui est fondamental pour donner un souffle, un soutien de long terme aux Ukrainiens\u2026\u00a0\u00bb \u00ab\u00a0Il y a demain, \u00e9videmment, des questions qui se posent apr\u00e8s les \u00e9lections am\u00e9ricaines sur la durabilit\u00e9 du soutien am\u00e9ricain. Il faut que nous, on se donne les moyens de pouvoir d\u00e9fendre notre s\u00e9curit\u00e9, seuls si n\u00e9cessaire. Et \u00e7a passe par le fait d\u2019aider les Ukrainiens\u2026\u00a0\u00bb<\/em><\/p>\n<p><em>Q\u00a0\u2013 \u00ab\u00a0Est-ce que vous pensez que les Britanniques et les Am\u00e9ricains devraient donner le feu vert\u00a0?<\/em><\/p>\n<p><em>BH \u2013 De quoi parlons-nous\u00a0? On parle de donner la permission de ne pas s\u2019opposer au fait que les Ukrainiens utilisent leurs armes pour r\u00e9pondre sur des cibles militaires \u00e0 des tirs de missiles de la part de la Russie contre des infrastructures, que ce soient des infrastructures civiles, parfois, en Ukraine, ou des infrastructures militaires. On est effectivement dans le cadre, l\u00e0, de la l\u00e9gitime d\u00e9fense.<\/em><\/p>\n<p><em>Q\u00a0\u2013 Donc, oui\u00a0?<\/em><\/p>\n<p><em>BH\u00a0\u2013 Donc oui\u00a0\u00bb <\/em>(1)<\/p>\n<p>Il est n\u00e9cessaire de rappeler que Benjamin Haddad, ministre charg\u00e9 de l\u2019Europe en France, a re\u00e7u 12 200 \u20ac par mois par l\u2019Atlantic Council pour \u00eatre le repr\u00e9sentant des int\u00e9r\u00eats am\u00e9ricains en France et en EU. Extrait du journal Marianne en date du 17 novembre 2024<\/p>\n<p><em>\u00ab\u00a0Le ministre d\u00e9l\u00e9gu\u00e9 a travaill\u00e9 aux \u00c9tats-Unis de 2014 \u00e0 2022 dans des think tanks politiques. \u00c0 cette occasion, comme \u00ab Marianne \u00bb l\u2019a d\u00e9couvert dans son dossier de candidature adress\u00e9 \u00e0 \u00ab\u00a0En marche\u00a0\u00bb pour les l\u00e9gislatives de 2017, il a tiss\u00e9 des liens avec\u2026 Mike Pompeo, qui deviendra patron de la CIA et secr\u00e9taire d\u2019\u00c9tat lors du premier mandat de Donald Trump.<\/em><\/p>\n<p><em>Prendre des responsabilit\u00e9s politiques, l\u2019ambitieux Benjamin Haddad \u00a0en r\u00eave depuis longtemps. Apr\u00e8s avoir r\u00e9ussi \u00e0 se faire \u00e9lire en 2022, puis en 2024, comme d\u00e9put\u00e9 sous l\u2019\u00e9tiquette Renaissance, il a obtenu le Graal tant esp\u00e9r\u00e9 en devenant ministre d\u00e9l\u00e9gu\u00e9 charg\u00e9 de l\u2019Europe au sein du gouvernement Barnier. \u00c0 peine \u00e9tait-il nomm\u00e9 que la pol\u00e9mique enflait sur les r\u00e9seaux sociaux, lui qui a travaill\u00e9 \u00e0 Washington durant huit ans, de 2014 \u00e0 2022, dans deux think tanks influents, d\u2019abord au Hudson Institute (pour pr\u00e8s de 46 000 \u20ac par an), puis \u00e0 l\u2019Atlantic Council (pour une moyenne de 112 000 \u20ac par an).\u00a0\u00bb <\/em><em>(2) <\/em><\/p>\n<p><strong>21 octobre 2024<\/strong>. Le secr\u00e9taire am\u00e9ricain \u00e0 la D\u00e9fense, Lloyd Austin, a annonc\u00e9 lundi lors d\u2019une visite \u00e0 Kiev, le versement prochain \u00e0 l\u2019Ukraine d\u2019une aide militaire d\u2019un montant de 400 millions de dollars, pr\u00e9vue dans le cadre d\u2019une enveloppe de plusieurs milliards de dollars annonc\u00e9e par Washington fin septembre. Cette aide s\u2019inscrit dans une enveloppe d\u2019un montant total de pr\u00e8s de 8\u00a0milliards de dollars, annonc\u00e9e par le pr\u00e9sident am\u00e9ricain Joe Biden fin septembre.<\/p>\n<p><strong>5 novembre 2024<\/strong>. N\u00e9gociations secr\u00e8tes en coulisses. Alors que Donald Trump vient d\u2019\u00eatre \u00e9lu \u00e0 la t\u00eate des Etats-Unis, le pr\u00e9sident ukrainien Volodymyr Zelensky subit la pression de ses alli\u00e9s pour aller vers la table des n\u00e9gociations. Des \u00e9missaires s\u2019y attellent d\u00e9j\u00e0, dans le plus grand secret. (3)<\/p>\n<p><strong>14 novembre 2024.<\/strong> \u00a0S\u00e9bastien Lecornu, ministre des Arm\u00e9es et des Anciens combattants, et Jean-No\u00ebl Barrot, ministre de l\u2019Europe et des Affaires \u00e9trang\u00e8res, se sont rendus dans un camp de man\u0153uvre de l\u2019Est de la France. (Mourmelon dans la Marne). L\u2019occasion d\u2019un point d\u2019\u00e9tape sur la mission de la Task force \u00ab\u00a0Champagne\u00a0\u00bb et de son travail de formation au profit des militaires ukrainiens.<\/p>\n<p>Depuis le mois de septembre 2024, la France forme et \u00e9quipe plus de <a target=\"_blank\" href=\"https:\/\/www.defense.gouv.fr\/actualites\/formation-brigade-ukrainienne-anne-kyiv-larmee-terre\">2 000 soldats de la brigade Anne de Kyiv<\/a>. Ils sont entra\u00een\u00e9s et encadr\u00e9s par 1 500 militaires fran\u00e7ais de la Task force \u00ab\u00a0Champagne\u00a0\u00bb. Cette formation r\u00e9pond aux besoins exprim\u00e9s par le partenaire. Pour cela, elle se base sur les retours d\u2019exp\u00e9rience du front russo-ukrainien. Elle s\u2019appuie sur un environnement r\u00e9aliste, notamment un r\u00e9seau de tranch\u00e9es, un environnement de combat en conditions r\u00e9elles et l\u2019emploi de drones.<\/p>\n<p>Au terme de la formation, la brigade ukrainienne sera op\u00e9rationnelle et \u00e9quip\u00e9e de 128 v\u00e9hicules de l\u2019avant blind\u00e9, 18 canons Caesar, 18 blind\u00e9s de reconnaissance AMX10RC, 10 TRM ainsi que 20 postes Milan. Au total, au 1<sup>er<\/sup>\u00a0novembre 2024, plus de 14\u00a0000 soldats ukrainiens ont \u00e9t\u00e9 form\u00e9s par la France. (4)<\/p>\n<p><strong>17 novembre 2024<\/strong>. Joe Biden donne une conf\u00e9rence de presse o\u00f9 il autorise l\u2019Ukraine \u00e0 utiliser des missiles \u00e0 longue port\u00e9e contre la F\u00e9d\u00e9ration de Russie. Conf\u00e9rence de presse \u00ab lunaire\u00a0\u00bb, car il a l\u2019air absent lors de cette d\u00e9claration et \u00e0 la fin, il s\u2019en va, sans r\u00e9pondre aux questions des journalistes. (5)<\/p>\n<p><strong>18 novembre 2024<\/strong>. Boris Johnson a appel\u00e9 Paris et Londres \u00e0 propos de l\u2019autorisation accord\u00e9e \u00e0 l\u2019Ukraine pour utiliser des missiles \u00e0 longue port\u00e9e. \u00ab\u00a0<em>Je me demande comment un type comme Donald Trump peut inaugurer son mandat par une capitulation, une humiliation pour les \u00c9tats-Unis, pour l\u2019OTAN, et pour lui-m\u00eame, s\u2019il donnait la possibilit\u00e9 \u00e0 Poutine de vaincre l\u2019Ukraine [\u2026]. Il n\u2019accepterait jamais d\u2019\u00eatre battu par Poutine\u00a0\u00bb, assure par ailleurs l\u2019ex-dirigeant. \u00ab\u00a0Peut-\u00eatre, je suis na\u00eff, mais on verra\u00a0\u00bb, ajoute-t-il.\u00a0<\/em><\/p>\n<p><strong>18 novembre 2024<\/strong>. Ursula Von der Leyen exhorte l\u2019UE \u00e0 faire plus pour rivaliser avec les d\u00e9penses de d\u00e9fense de Moscou.<\/p>\n<p><strong>18 novembre 2024<\/strong>. La Russie a promis une r\u00e9ponse \u00ab\u00a0appropri\u00e9e\u00a0\u00bb sur le champ de bataille en cas de tir par l\u2019Ukraine de missiles de longue port\u00e9e am\u00e9ricains contre son territoire.<\/p>\n<p><strong>18 novembre 2024<\/strong>. L\u2019Allemagne livre des drones. Les missiles longue port\u00e9e ne sont pas encore au programme. Le gouvernement allemand a r\u00e9it\u00e9r\u00e9 son refus de livrer des missiles de longue port\u00e9e Taurus r\u00e9clam\u00e9s par l\u2019Ukraine face \u00e0 la Russie, malgr\u00e9 le feu vert de Washington pour des armes similaires, mais va en revanche lui fournir 4 000 drones sophistiqu\u00e9s.<\/p>\n<p><strong>18 novembre 2024<\/strong>. La Su\u00e8de et la Finlande se pr\u00e9parent \u00e0 la guerre. <em>Que faire si la guerre arrive<\/em> ? La Su\u00e8de a commenc\u00e9 ce lundi \u00e0 envoyer cinq millions de brochures \u00e0 ses habitants, les exhortant \u00e0 se pr\u00e9parer \u00e0 un potentiel conflit, au moment o\u00f9 l\u2019Ukraine est \u00e0 la peine face aux troupes russes. Depuis le d\u00e9but de ce conflit arm\u00e9, ce pays scandinave exhorte sa population \u00e0 se pr\u00e9parer, aussi bien mentalement que d\u2019un point de vue logistique, \u00e0 la possibilit\u00e9 d\u2019une guerre, \u00e9tant donn\u00e9 la proximit\u00e9 de la Russie. La Finlande voisine, a dans le m\u00eame temps, cr\u00e9\u00e9 un site web avec des conseils de pr\u00e9paration similaires.<\/p>\n<p><strong>18 novembre 2024. <\/strong>La Chine appelle \u00e0 la paix en Ukraine. <em>\u00ab\u00a0Le plus urgent est d\u2019encourager un apaisement de la situation aussi vite que possible\u00a0\u00bb,<\/em> a d\u00e9clar\u00e9 lors d\u2019une conf\u00e9rence de presse r\u00e9guli\u00e8re Lin Jian, porte-parole du minist\u00e8re chinois des Affaires \u00e9trang\u00e8res, apr\u00e8s que Washington a autoris\u00e9 l\u2019Ukraine \u00e0 frapper le territoire russe avec des missiles \u00e0 longue port\u00e9e am\u00e9ricains. Par ailleurs, P\u00e9kin r\u00e9clame un <em>\u00ab\u00a0cessez-le-feu rapide et une solution politique\u00a0\u00bb.<\/em><\/p>\n<p><strong>18 novembre 2024<\/strong>. D\u00e9claration de M. Jean-No\u00ebl Barrot, ministre des affaires \u00e9trang\u00e8res, sur les conflits en Ukraine et au Proche-Orient et la question du Mercosur, \u00e0 Bruxelles.<\/p>\n<p><em>\u00ab Sur le plan de l\u2019aide financi\u00e8re, il faut que les 50 milliards d\u2019euros tir\u00e9s des actifs russes gel\u00e9s, agr\u00e9\u00e9s au niveau du G7, puissent parvenir le plus rapidement possible aux Ukrainiens.\u00a0<\/em><em>Sur le plan de la formation, les 2.300 soldats ukrainiens de la brigade Anne de Kiev qui viennent d\u2019\u00eatre form\u00e9s en France et \u00e9quip\u00e9s en France vont, dans quelques jours, regagner l\u2019Ukraine pour pouvoir se d\u00e9ployer sur le front. Il faut continuer avec ces initiatives qui sont soutenues par l\u2019Europe au travers de l\u2019op\u00e9ration EUMAM<\/em>.\u00a0\u00bb (6)<\/p>\n<p><strong>18 novembre 2024. <\/strong>Jens Stoltenberg, l\u2019ancien secr\u00e9taire g\u00e9n\u00e9ral de l\u2019OTAN, deviendra le nouveau co-pr\u00e9sident du Groupe Bilderberg. (7) Jens Stoltenberg sera \u00e9galement le prochain pr\u00e9sident de la Conf\u00e9rence de Munich sur la s\u00e9curit\u00e9 en f\u00e9vrier 2025.<\/p>\n<p><strong>19 novembre 2024<\/strong>. Emmanuel Macron et Keir Starmer, le 1<sup>er<\/sup> Ministre Anglais, saluent la d\u00e9cision am\u00e9ricaine d\u2019utiliser les missiles \u00e0 longue port\u00e9e.<\/p>\n<p><strong>19 novembre 2024<\/strong>. D\u00e9claration de Donald Trump. <em>\u00ab\u00a0Nous n\u2019avons jamais \u00e9t\u00e9 aussi proches de la 3e guerre mondiale que nous sommes aujourd\u2019hui avec Joe Biden. Un conflit nucl\u00e9aire signifierait la mort de l\u2019humanit\u00e9 enti\u00e8re. Il faut \u00e9viter ce cauchemar, \u00e9viter cet Armageddon nucl\u00e9aire. Une cessation imm\u00e9diate de la guerre en Ukraine\u00a0\u00bb<\/em> (8)<\/p>\n<p><strong>20 novembre 2024<\/strong>. Joe Biden approuve la fourniture de mines antipersonnel pour l\u2019Ukraine. Une guerre de plus en plus sale, car il faut savoir, que les mines terrestres antipersonnel (APL) sont souvent con\u00e7ues, pour blesser et mutiler, afin de submerger le syst\u00e8me de soutien logistique (principalement m\u00e9dical) des forces ennemies qui les rencontrent. Certains types d\u2019APL peuvent \u00e9galement endommager les chenilles des v\u00e9hicules blind\u00e9s ou les pneus des v\u00e9hicules \u00e0 roues.<\/p>\n<p>La 5\u00e8me conf\u00e9rence de la convention d\u2019Ottawa s\u2019est ouverte le 25 novembre 2024 \u00e0 Siem Reap, au Cambodge. Ce trait\u00e9, sign\u00e9 par 164 pays, interdit l\u2019utilisation, le stockage, la production et le transfert de mines terrestres antipersonnel. Le lieu du sommet est en soi un symbole, car le Cambodge est l\u2019un des pays les plus min\u00e9s au monde et est devenu un pr\u00e9curseur mondial en termes de d\u00e9minage. Alors que les \u00c9tats-Unis ont autoris\u00e9 la livraison de mines \u00e0 l\u2019Ukraine, le ministre d\u2019\u00c9tat cambodgien Ly Thuc appelle les pays non-signataires \u00e0 rejoindre la lutte contre le fl\u00e9au de ces mines.<\/p>\n<p><strong>20 novembre 2024. <\/strong>\u00a0L\u2019Ukraine frappe la Russie avec des missiles franco-britanniques Storm Shadow. Au moins 12 missiles ont \u00e9t\u00e9 tir\u00e9s.<\/p>\n<p><strong>21 novembre 2024. <\/strong>Satellites patrouilleurs-guetteurs. Cet \u00e9t\u00e9, le Centre op\u00e9rationnel de surveillance militaire des objets spatiaux (Cosmos) a d\u00e9m\u00e9nag\u00e9 de la base a\u00e9rienne 942 de Lyon-Mont Verdun \u00e0 Toulouse. Une autre \u00e9tape importante sera franchie en 2025 avec l\u2019inauguration du nouveau b\u00e2timent du CDE. L\u2019\u00e9difice devrait accueillir environ\u00a0500 personnes d\u2019ici \u00e0 2030, soit une augmentation des effectifs d\u2019environ 40 % par rapport \u00e0 2019. Surtout, il se trouvera \u00e0 proximit\u00e9 du CNES et du Centre d\u2019excellence spatial de l\u2019Otan, g\u00e9n\u00e9rant ainsi des synergies b\u00e9n\u00e9fiques \u00e0 tout l\u2019\u00e9cosyst\u00e8me. Incarnation de la r\u00e9cr\u00e9ation de la base a\u00e9rienne 101, ce site deviendra l\u2019organe central de l\u2019outil de combat spatial dont se dote la France. \u00c0 court terme, le CDE verra en particulier muni d\u2019une v\u00e9ritable capacit\u00e9 de d\u00e9fense active dans l\u2019espace. Elle prendra forme avec la mise en orbite g\u00e9ostationnaire du d\u00e9monstrateur\u00a0Yoda. Sa mission : explorer les m\u00e9thodes de protection de nos satellites militaires depuis l\u2019espace.\u00a0<em>\u00ab C\u2019est un programme exp\u00e9rimental qui sera suivi par le syst\u00e8me Egide<sup>5<\/sup>, sa version op\u00e9rationnelle \u00bb<\/em>, indique le commandant de l\u2019espace. \u00c0 noter \u00e9galement, l\u2019annonce, le 17 septembre dernier, du nouveau d\u00e9monstrateur d\u2019action dans l\u2019espace en orbite basse, nomm\u00e9\u00a0<em>Toutatis<\/em>. Plus globalement, ces premiers satellites patrouilleurs-guetteurs visent \u00e0 doter la France d\u2019une capacit\u00e9 d\u2019action dans l\u2019espace. \u00c0 la cl\u00e9, la possibilit\u00e9 de surveiller l\u2019espace depuis l\u2019espace pour d\u00e9tecter un acte suspect ou agressif et s\u2019interposer si besoin. Le d\u00e9couragement sera au c\u0153ur du futur dispositif, qui s\u2019effectuera en \u00e9troite coordination avec nos partenaires, comme le signale, entre autres, le ralliement en 2024 de la France \u00e0 l\u2019op\u00e9ration am\u00e9ricaine\u00a0<em>Olympic Defender<\/em>. (9)<\/p>\n<p><strong>23 novembre 2024<\/strong>. D\u00e9claration de Jean-No\u00ebl Barrot\u00a0: Guerre en Ukraine, la Russie progresse, la France soutien Kiev. <em>\u00ab\u00a0<\/em><em>La France n\u2019\u00e9carte \u00ab\u00a0aucune option\u00a0\u00bb<\/em> dans son soutien \u00e0 l\u2019Ukraine, a annonc\u00e9 le ministre des Affaires \u00e9trang\u00e8res. Une d\u00e9claration qui intervient alors que l\u2019Ukraine est en difficult\u00e9 sur le terrain, notamment dans les territoires pris \u00e0 la Russie durant la contre-offensive.<\/p>\n<p><em>\u00ab\u00a0Dans la logique de la l\u00e9gitime d\u00e9fense\u00a0\u00bb<\/em><strong>,<\/strong>\u00a0le chef du Quai d\u2019Orsay n\u2019exclut pas que Kiev puisse tirer des missiles fran\u00e7ais \u00e0 longue port\u00e9e sur la Russie. Il n\u2019a pas confirm\u00e9 que de telles armes avaient d\u00e9j\u00e0 \u00e9t\u00e9 utilis\u00e9es. Quant \u00e0 l\u2019envoi de troupes fran\u00e7aises, Paris n\u2019\u00e9carte<strong><em>\u00ab<\/em><\/strong><em>\u00a0aucune option\u00a0\u00bb. \u00ab\u00a0Les alli\u00e9s occidentaux ne devraient pas fixer de limites au soutien \u00e0 l\u2019Ukraine contre la Russie\u00a0\u00bb<\/em><strong><em>,<\/em><\/strong>\u00a0d\u00e9clare le ministre. Les Occidentaux <em>\u00ab ne doivent pas fixer de ligne rouge \u00bb<\/em> dans leur soutien \u00e0 l\u2019Ukraine. Cette d\u00e9cision place la France sur un pied d\u2019\u00e9galit\u00e9 avec les \u00c9tats-Unis et le Royaume-Uni en mati\u00e8re de soutien militaire \u00e0 l\u2019Ukraine, au milieu des inqui\u00e9tudes concernant une escalade nucl\u00e9aire de la part de Moscou. (10)<\/p>\n<p><strong>25 novembre 2024<\/strong>. Dans la perspective d\u2019un d\u00e9sengagement am\u00e9ricain vis-\u00e0-vis de Kiev en raison du retour de Donald Trump \u00e0 la Maison Blanche, Paris et Londres n\u2019excluent pas de prendre la t\u00eate d\u2019une coalition en Ukraine, selon des modalit\u00e9s qui restent \u00e0 pr\u00e9ciser. Alors que le conflit en Ukraine conna\u00eet une nouvelle phase d\u2019escalade, les discussions sur l\u2019envoi de troupes occidentales et de soci\u00e9t\u00e9s de d\u00e9fense priv\u00e9es sur le sol ukrainien, ont \u00e9t\u00e9 r\u00e9activ\u00e9es, a appris\u00a0<em>Le Monde\u00a0<\/em>de sources concordantes. Des d\u00e9bats sensibles, pour l\u2019essentiel classifi\u00e9s, mais bel et bien relanc\u00e9s, dans la perspective d\u2019un \u00e9ventuel d\u00e9sengagement am\u00e9ricain du soutien \u00e0 Kiev apr\u00e8s la prise de fonctions de Donald Trump, aux Etats-Unis, le 20\u00a0janvier\u00a02025. (11)<\/p>\n<p><strong>25 novembre 2024<\/strong>. Depuis peu, des convois de tanks am\u00e9ricains sont en d\u00e9placement en France. 6 000 r\u00e9servistes am\u00e9ricains vont arriver en France accompagn\u00e9s de 2000 tanks am\u00e9ricains. Selon le minist\u00e8re des Arm\u00e9es et des Anciens combattants qui a transmis \u00e0\u00a0<em>Actu Landes<\/em>\u00a0un communiqu\u00e9, il s\u2019agit de l\u2019op\u00e9ration \u00ab\u00a0<em>Atlantic Resolve\u00a0\u00bb\u00a0<\/em>: <em>\u00ab\u00a0Plusieurs dizaines d\u2019engins blind\u00e9s seront transport\u00e9s \u00e0 travers la France, en plusieurs convois (plac\u00e9s sous la responsabilit\u00e9 de la Gendarmerie nationale). R\u00e9alis\u00e9s par des prestataires civils, ces convois s\u2019\u00e9chelonneront jusqu\u2019au 21 novembre\u00a0\u00bb<\/em>. L\u2019op\u00e9ration\u00a0<em>Atlantic Resolve<\/em>\u00a0est la r\u00e9ponse des\u00a0<a target=\"_blank\" href=\"https:\/\/fr.wikipedia.org\/wiki\/%C3%89tats-Unis\">\u00c9tats-Unis<\/a>, dans le cadre de l\u2019<a target=\"_blank\" href=\"https:\/\/fr.wikipedia.org\/wiki\/OTAN\">OTAN<\/a>, \u00e0 la\u00a0<a target=\"_blank\" href=\"https:\/\/fr.wikipedia.org\/wiki\/Guerre_russo-ukrainienne\">guerre russo-ukrainienne<\/a>. (12) et (13)<\/p>\n<p><strong>25 novembre 2024<\/strong>. Roumanie : avec Calin Georgescu, la perc\u00e9e inattendue d\u2019un candidat hostile \u00e0 l\u2019OTAN au premier tour de l\u2019\u00e9lection pr\u00e9sidentielle.\u00a0\u00c0 craindre le sabotage du 2<sup>e<\/sup> tour par l\u2019OTAN. En exemple : La Moldavie. Qui peut croire que les expatri\u00e9s moldaves ont pu faire la diff\u00e9rence ? La diaspora moldave est si forte que \u00e7a \u00e0 l\u2019\u00e9tranger ? On ne le croit pas. En G\u00e9orgie aussi, ils ont essay\u00e9 de truquer les \u00e9lections. La Roumanie est un pilier strat\u00e9gique pour la d\u00e9fense europ\u00e9enne. Le pays, qui compte 19\u00a0millions d\u2019habitants, abrite plusieurs bases de l\u2019Alliance atlantique. Plus d\u2019un millier de militaires fran\u00e7ais sont d\u00e9ploy\u00e9s sur son territoire, qui abrite un bouclier antimissile am\u00e9ricain. Plus de 5 000 soldats sont stationn\u00e9s en Roumanie.<\/p>\n<p>Dans le contexte de la guerre en Ukraine, les d\u00e9clarations pass\u00e9es de Calin Georgescu, ouvertement critiques envers l\u2019OTAN, ont de quoi inqui\u00e9ter l\u2019alliance. <em>\u00ab\u00a0Le bouclier antimissile est une honte. Il ne s\u2019agit pas d\u2019une d\u00e9fense, mais d\u2019une politique de confrontation. Il ne nous apportera pas la paix\u00a0\u00bb<\/em>,<em>\u00a0<\/em>d\u00e9non\u00e7ait-il ainsi en\u00a02021. Cette position tranche radicalement avec la ligne actuelle de Bucarest. \u00c0 noter la construction, en Roumanie, d\u2019une tr\u00e8s grande base de l\u2019OTAN similaire \u00e0 celle de Ramstein en Allemagne<\/p>\n<p><strong>26 novembre 2024<\/strong>. Guerre en Ukraine : la France et le Royaume-Uni \u00e0 la man\u0153uvre pour envoyer des troupes. Plusieurs pays europ\u00e9ens se disent pr\u00eats \u00e0 envoyer des troupes en Ukraine. Ces forces rempliraient des missions de formation et garantiraient la s\u00e9curit\u00e9 de Kiev, en cas d\u2019accord de paix avec la Russie. \u00c0 Kiev, on parle de <em>\u00ab l\u2019alliance des audacieux<\/em> \u00bb, un regroupement de cinq \u00e0 sept pays europ\u00e9ens en faveur d\u2019un d\u00e9ploiement de troupes sur le sol ukrainien. Port\u00e9 publiquement par la France depuis le mois de f\u00e9vrier et \u00e0 nouveau \u00e9voqu\u00e9 par Emmanuel Macron en juin 2024, en marge de la c\u00e9l\u00e9bration du 80\u1d49 anniversaire du D\u00e9barquement, ce projet semble en passe de se concr\u00e9tiser. (14)<\/p>\n<p><strong>26 novembre 2024<\/strong>. Guerre en Ukraine : La Russie promet une \u00ab r\u00e9ponse \u00bb aux nouveaux tirs de missiles am\u00e9ricains sur son sol.<\/p>\n<p><strong>27 novembre 2024. <\/strong>Un haut responsable de l\u2019ONU s\u2019inqui\u00e8te d\u2019une nouvelle escalade dans une guerre d\u00e9j\u00e0 explosive.<\/p>\n<p><strong>28 novembre 2024<\/strong>. L\u2019UE accorde 18,1 milliards d\u2019euros \u00e0 l\u2019Ukraine dans le cadre d\u2019un engagement du G7. Cette somme est fournie dans le cadre d\u2019un pr\u00eat promis fin octobre 2024 par les sept principales \u00e9conomies du monde, qui doit \u00eatre rembours\u00e9 par les int\u00e9r\u00eats des avoirs russes gel\u00e9s. (15)<\/p>\n<p><strong>29 novembre 2024<\/strong>. Point d\u2019orgue \u00e0 l\u2019escalade\u00a0:<\/p>\n<p><a target=\"_blank\" href=\"https:\/\/www.reuters.com\/world\/europe\/ukraine-asks-nato-membership-invite-next-week-letter-shows-2024-11-29\/\">L\u2019Ukraine demande \u00e0 l\u2019OTAN d\u2019\u00eatre invit\u00e9e \u00e0 adh\u00e9rer \u00e0 l\u2019OTAN la semaine prochaine, (Reuters<\/a>), selon une lettre \u00e9crite par le gouvernement ukrainien. \u00ab L\u2019invitation ne doit pas \u00eatre consid\u00e9r\u00e9e comme une escalade \u00bb, a \u00e9crit Andriy Sybiha, ministre des affaires \u00e9trang\u00e8res en Ukraine dans la lettre. <em>\u00ab\u00a0Au contraire, avec une compr\u00e9hension claire que l\u2019adh\u00e9sion de l\u2019Ukraine \u00e0 l\u2019OTAN est in\u00e9vitable, la Russie perdra l\u2019un de ses principaux arguments pour poursuivre cette guerre injustifi\u00e9e\u00a0\u00bb,<\/em> a-t-il \u00e9crit. \u00ab <em>Je vous exhorte \u00e0 approuver la d\u00e9cision d\u2019inviter l\u2019Ukraine \u00e0 rejoindre l\u2019Alliance, qui sera l\u2019un des r\u00e9sultats de la r\u00e9union des ministres des Affaires \u00e9trang\u00e8res de l\u2019OTAN des 3 et 4 d\u00e9cembre 2024.\u00a0\u00bb<\/em><\/p>\n<p>Il faut comprendre que l\u2019OTAN est une organisation internationale dont la mission essentielle est la d\u00e9fense collective. Elle implique, notamment, qu\u2019une attaque contre l\u2019un ou plusieurs de ses membres est consid\u00e9r\u00e9e comme dirig\u00e9e contre tous. Donc, tous les pays doivent ainsi assister les parties attaqu\u00e9es, militairement si n\u00e9cessaire, pour\u00a0<em>\u201cr\u00e9tablir et assurer la s\u00e9curit\u00e9 dans la r\u00e9gion de l\u2019Atlantique Nord\u201d<\/em>\u00a0(article 5 du trait\u00e9 de l\u2019Otan).<\/p>\n<p>Vous comprenez pourquoi Volodymyr Zelensky pousse pour que l\u2019Ukraine fasse partie de l\u2019OTAN.<\/p>\n<p><strong>30 novembre 2024<\/strong>. Le groupe Hayat Tahir al-Cham lance une offensive \u00e0 Alep, la deuxi\u00e8me ville la plus importante de Syrie. Les buts de ce groupe sont de renverser le parti la\u00efc Baas Syrien et de le remplacer par un r\u00e9gime islamique r\u00e9gi par la Charia. Ce groupement est soutenu par les USA et la coalition internationale qui ont d\u00e9clench\u00e9 la guerre en Syrie depuis 2011. Un des buts non affich\u00e9s, est d\u2019affaiblir la F\u00e9d\u00e9ration de Russie qui doit agir maintenant sur deux fronts, l\u2019Ukraine et la Syrie. Cerise sur le g\u00e2teau, le groupe terroriste Hayat Tahrir al-Sham entretient des liens \u00e9troits avec la Direction Principale du Renseignement (GUR) du minist\u00e8re de la D\u00e9fense de l\u2019Ukraine. Extrait de l\u2019article de Stratpol du 2 d\u00e9cembre 2024<\/p>\n<p><em>\u00ab\u00a0Tout d\u2019abord, il est crucial de noter que le groupe islamiste terroriste Hayat Tahrir al-Sham (HTS), \u00e0 la t\u00eate de l\u2019offensive contre la ville syrienne d\u2019Alep, entretient des liens \u00e9troits avec la Direction principale du renseignement (GUR) du minist\u00e8re de la D\u00e9fense de l\u2019Ukraine. Par ailleurs, des mercenaires ayant combattu pour l\u2019Ukraine sont impliqu\u00e9s dans des actes meurtriers contre des Arabes dans la bande de Gaza, au Liban, et d\u00e9sormais en Syrie.<\/em><\/p>\n<p><em>En septembre 2024, il a \u00e9t\u00e9 r\u00e9v\u00e9l\u00e9 que Kiev \u00e9tablissait des relations avec les terroristes de Hayat Tahrir al-Sham pour attaquer les militaires russes en Syrie.\u00a0<\/em><a target=\"_blank\" href=\"https:\/\/www.aydinlik.com.tr\/haber\/ukrayna-suriyede-pkk-ile-birlikte-mi-hareket-ediyor-ukrayna-hts-ile-birlikte-mi-calisiyor-pkk-ve-ukrayna-isbirligi-suriyedeki-cecenler-ne-olacak-488431\"><em>Selon le journal turc Ayd\u0131nl\u0131k<\/em><\/a><em>\u00a0le 18 juin, une d\u00e9l\u00e9gation ukrainienne a men\u00e9 une s\u00e9rie de rencontres \u00e0 Idlib avec des dirigeants de l\u2019organisation HTS, notamment avec l\u2019un de leurs commandants, Haitham al-Omeri. Lors de ces r\u00e9unions, Kiev aurait propos\u00e9 un march\u00e9\u00a0: 75 drones de combat en \u00e9change de la lib\u00e9ration de plusieurs terroristes tch\u00e9tch\u00e8nes et g\u00e9orgiens emprisonn\u00e9s, tels que le c\u00e9l\u00e8bre terroriste tch\u00e9tch\u00e8ne Muslim al-Shishani, actuellement d\u00e9tenu dans une prison sous le contr\u00f4le de Hayat Tahrir al-Sham.\u00a0<\/em><a target=\"_blank\" href=\"https:\/\/www.lekolin.org\/ukrayna-heyeti-hts-ceteleriyle-gorustu-75-drone-verdi-ozel-haber\/\"><em>D\u2019apr\u00e8s le portail analytique Lekolin<\/em><\/a><em>, affili\u00e9 au Parti des travailleurs du Kurdistan, cet accord aurait \u00e9t\u00e9 mis en \u0153uvre.\u00a0\u00bb <\/em>(16)<\/p>\n<p><strong>1<sup>er<\/sup> d\u00e9cembre 2024<\/strong>. Le Figaro\u00a0<em>: \u00ab Le pr\u00e9sident ukrainien\u00a0<\/em><em><a target=\"_blank\" href=\"http:\/\/www.lefigaro.fr\/international\/guerre-en-ukraine-le-ministre-russe-de-la-defense-en-visite-en-coree-du-nord-20241129\">Volodymyr Zelensky<\/a>\u00a0a assur\u00e9 que son pays a besoin de plus d\u2019armes et des garanties de s\u00e9curit\u00e9 de l\u2019OTAN avant d\u2019\u00e9ventuelles n\u00e9gociations avec la Russie pour mettre un terme \u00e0 l\u2019invasion de l\u2019Ukraine lanc\u00e9e en 2022. Volodymyr Zelensky s\u2019exprimait apr\u00e8s une rencontre avec la nouvelle cheffe de la diplomatie europ\u00e9enne, Kaja Kallas, et le nouveau pr\u00e9sident du Conseil europ\u00e9en, Antonio Costa, tous deux en visite symbolique de soutien \u00e0 Kiev au premier jour de leur mandat.\u00a0<\/em>\u00bb (17)<\/p>\n<p><strong>1<sup>er<\/sup> d\u00e9cembre 2024.<\/strong> La nouvelle cheffe de la diplomatie europ\u00e9enne, Kaja Kallas, et le nouveau pr\u00e9sident du Conseil europ\u00e9en, Antonio Costa, se sont d\u00e9plac\u00e9s \u00e0 Kiev dimanche<em>. \u00ab\u00a0L\u2019invitation \u00e0 adh\u00e9rer \u00e0 l\u2019OTAN est n\u00e9cessaire \u00e0 notre survie\u00a0\u00bb<\/em>, leur a dit le pr\u00e9sident ukrainien. (18)<\/p>\n<p><strong>3 d\u00e9cembre 2024<\/strong>. Volodymyr Zelensky continue de mettre la pression sur l\u2019OTAN. <em>\u00ab\u00a0La seule v\u00e9ritable garantie de s\u00e9curit\u00e9 pour l\u2019Ukraine est la pleine adh\u00e9sion \u00e0 l\u2019OTAN\u00a0\u00bb<\/em><\/p>\n<p>Cette avalanche de mauvaises nouvelles n\u2019augure rien de bon. D\u2019autant plus que des \u00ab\u00a0personnalit\u00e9s\u00a0\u00bb et des trolls pro-OTAN se d\u00e9cha\u00eenent sur X. Les marchands de chaos, appel\u00e9s pompeusement m\u00e9dias, sont branch\u00e9s en mode \u00ab\u00a0propagande unilat\u00e9rale made in USA\u00a0\u00bb, ayant pour r\u00e9sultat un formatage psychique de plus en plus flagrant de la majorit\u00e9 de la population.<\/p>\n<p>Donald Trump ne sera en poste que le 20 janvier 2025. D\u2019ici l\u00e0, les \u00ab\u00a0vautours\u00a0\u00bb bellicistes sont en train de pratiquer la politique de la terre br\u00fbl\u00e9e, avec comme devise probable <em>\u00ab\u00a0laisser \u00e0 Donald Trump une situation politique et \u00e9conomique tellement d\u00e9sastreuse \u00e0 r\u00e9gler, qu\u2019il ne pourra qu\u2019\u00e9chouer.\u00a0\u00bb <\/em><\/p>\n<p>La paix joue les absentes dans les pays occidentaux et au Proche-Orient. Il serait essentiel qu\u2019un ou plusieurs dirigeants comprennent que le peuple, en majorit\u00e9, aspire \u00e0 vivre en paix.<\/p>\n<p>Mais les faiseurs de guerres ont invent\u00e9 la \u00ab\u00a0bonne guerre\u00a0\u00bb. Celle qui \u00e9pargne les civils, les femmes, les enfants et les vieillards. Des \u00ab\u00a0frappes chirurgicales\u00a0\u00bb en Irak lors de l\u2019invasion \u00ab\u00a0made in USA\u00a0\u00bb, aux civils servant de bouclier \u00e0 l\u2019arm\u00e9e ukrainienne, pour en arriver au carnage \u00e0 Gaza, preuves en est que les \u00ab\u00a0bonnes guerres\u00a0\u00bb n\u2019existent pas et n\u2019existeront jamais.<\/p>\n<p>Est-ce qu\u2019une lumi\u00e8re arrivera \u00e0 se frayer un chemin au travers des brumes \u00e9paisses qui obscurcissent les cerveaux des va-t-en-guerre\u00a0? \u00c0 la veille de No\u00ebl, c\u2019est \u00e0 souhaiter vivement.<\/p>\n<p>Claude Janvier. \u00c9crivain, essayiste et chroniqueur. Auteurs de plusieurs livres, dont \u00ab\u00a0Les D\u00e9masqu\u00e9s. Qui dirige r\u00e9ellement le monde\u00a0?\u00a0\u00bb, et co-auteur du livre r\u00e9cent \u00ab\u00a0L\u2019\u00c9tat Profond Fran\u00e7ais. Qui, comment, pourquoi\u00a0?\u00a0\u00bb KA \u00c9ditions <a target=\"_blank\" href=\"https:\/\/mail.yandex.com\/re.jsx?h=a,GtSXEjPjODhTAQd08_PIgg&amp;l=aHR0cHM6Ly9rYWVkaXRpb25zLmNvbS8\">https:\/\/kaeditions.com\/<\/a><\/p>\n<p>Notes\u00a0:<\/p>\n<p>\u00a0<\/p>\n<p>Tous les articles, la tribune libre et commentaires sont sous la responsabilit\u00e9 de leurs auteurs. Les Moutons Enrag\u00e9s ne sauraient \u00eatre tenus responsables de leur contenu ou orientation.<\/p>\n<p>\u00a0<\/p>\n<p>\u00a0<\/p>\n<p>\u00a0<\/p>\n<p>\u00a0<\/p>\n<p>\u00a0<\/p>\n<p>\u00a0<\/p>\n<p>\u00a0<\/p>\n<p>\u00a0<\/p>\n<p>\u00a0<\/p>\n<p>\u00a0<\/p>\n<p>\u00a0<\/p>\n<p><strong>\u00a0<\/strong><\/p>\n<p><strong>\u00a0<\/strong><\/p>\n<p><strong>\u00a0<\/strong><\/p>\n<p><strong>\u00a0<\/strong><\/p>\n<p><strong>\u00a0<\/strong><\/p>\n<p><strong>\u00a0<\/strong><\/p>\n<p><strong>\u00a0<\/strong><\/p>\n<p><strong>\u00a0<\/strong><\/p>\n<p><strong>\u00a0<\/strong><\/p>\n<p><strong>\u00a0<\/strong><\/p>\n<p><strong>\u00a0<\/strong><\/p>\n<p><strong>\u00a0<\/strong><\/p>\n<\/p><\/div>\n<p><br \/>\n<br \/><a href=\"https:\/\/lesmoutonsenrages.fr\/2024\/12\/05\/lideologie-mortifere-des-faiseurs-de-guerres\/\" target=\"_blank\"\">Source link <\/a><\/p>\n","protected":false},"excerpt":{"rendered":"<p>En cette fin d\u2019ann\u00e9e 2024, le spectre d\u2019une troisi\u00e8me guerre mondiale s\u2019intensifie. Avec la prise d\u2019Alep par des terroristes, mettant en p\u00e9ril le gouvernement syrien, et l\u2019escalade des pr\u00e9paratifs d\u2019une&hellip; <\/p>\n","protected":false},"author":1,"featured_media":1018,"comment_status":"open","ping_status":"open","sticky":false,"template":"","format":"standard","meta":{"footnotes":""},"categories":[1],"tags":[],"class_list":["post-1606","post","type-post","status-publish","format-standard","has-post-thumbnail","hentry","category-non-classe"],"_links":{"self":[{"href":"https:\/\/monde25.info\/index.php\/wp-json\/wp\/v2\/posts\/1606","targetHints":{"allow":["GET"]}}],"collection":[{"href":"https:\/\/monde25.info\/index.php\/wp-json\/wp\/v2\/posts"}],"about":[{"href":"https:\/\/monde25.info\/index.php\/wp-json\/wp\/v2\/types\/post"}],"author":[{"embeddable":true,"href":"https:\/\/monde25.info\/index.php\/wp-json\/wp\/v2\/users\/1"}],"replies":[{"embeddable":true,"href":"https:\/\/monde25.info\/index.php\/wp-json\/wp\/v2\/comments?post=1606"}],"version-history":[{"count":0,"href":"https:\/\/monde25.info\/index.php\/wp-json\/wp\/v2\/posts\/1606\/revisions"}],"wp:featuredmedia":[{"embeddable":true,"href":"https:\/\/monde25.info\/index.php\/wp-json\/wp\/v2\/media\/1018"}],"wp:attachment":[{"href":"https:\/\/monde25.info\/index.php\/wp-json\/wp\/v2\/media?parent=1606"}],"wp:term":[{"taxonomy":"category","embeddable":true,"href":"https:\/\/monde25.info\/index.php\/wp-json\/wp\/v2\/categories?post=1606"},{"taxonomy":"post_tag","embeddable":true,"href":"https:\/\/monde25.info\/index.php\/wp-json\/wp\/v2\/tags?post=1606"}],"curies":[{"name":"wp","href":"https:\/\/api.w.org\/{rel}","templated":true}]}}