{"id":16066,"date":"2025-09-17T21:14:00","date_gmt":"2025-09-17T19:14:00","guid":{"rendered":"https:\/\/monde25.info\/index.php\/2025\/09\/17\/comment-ca-va-toi-par-cecile-marin-le-monde-diplomatique-octobre-2025\/"},"modified":"2025-09-17T21:14:00","modified_gmt":"2025-09-17T19:14:00","slug":"comment-ca-va-toi-par-cecile-marin-le-monde-diplomatique-octobre-2025","status":"publish","type":"post","link":"https:\/\/monde25.info\/index.php\/2025\/09\/17\/comment-ca-va-toi-par-cecile-marin-le-monde-diplomatique-octobre-2025\/","title":{"rendered":"Comment \u00e7a va, toi ?, par C\u00e9cile Marin (Le Monde diplomatique, octobre 2025)"},"content":{"rendered":"<p> <br \/>\n<\/p>\n<div id=\"\">\n<div class=\"couvmav\">\n\t\t<img loading=\"lazy\" decoding=\"async\" class=\"spip_logo spip_logos\" alt=\"\" src=\"https:\/\/www.monde-diplomatique.fr\/\/local\/cache-vignettes\/L300xH375\/arton68769-478f3.jpg?1757596681\" width=\"300\" height=\"375\"\/>\n\t\t<\/div>\n<h3>Sant\u00e9 mentale, sympt\u00f4mes d\u2019un monde f\u00eal\u00e9<\/h3>\n<p>\u00ab Mani\u00e8re de voir \u00bb #203,<br \/>\n\t\t\toctobre &#8211; novembre 2025\n\t\t<\/p>\n<p>\n\t\t\t\u00ab<small class=\"fine\">\u00a0<\/small>Grande cause nationale 2025<small class=\"fine\">\u00a0<\/small>\u00bb, la sant\u00e9 mentale des Fran\u00e7ais se d\u00e9grade tandis que la psychiatrie publique fait face \u00e0 un manque cruel de moyens. Ailleurs dans le monde, on observe les m\u00eames signaux d\u2019alerte. Le dernier \u00ab<small class=\"fine\">\u00a0<\/small>Mani\u00e8re de voir<small class=\"fine\">\u00a0<\/small>\u00bb analyse les enjeux sanitaires, politiques et sociaux pos\u00e9s par les troubles psychiques, nouveau mal du si\u00e8cle.<\/p>\n<\/p><\/div>\n<p><br \/>\n<br \/><a href=\"https:\/\/www.monde-diplomatique.fr\/cartes\/sante-mentale-jeunes\" target=\"_blank\"\">Source link <\/a><\/p>\n","protected":false},"excerpt":{"rendered":"<p>Sant\u00e9 mentale, sympt\u00f4mes d\u2019un monde f\u00eal\u00e9 \u00ab Mani\u00e8re de voir \u00bb #203, octobre &#8211; novembre 2025 \u00ab\u00a0Grande cause nationale 2025\u00a0\u00bb, la sant\u00e9 mentale des Fran\u00e7ais se d\u00e9grade tandis que la&hellip; <\/p>\n","protected":false},"author":1,"featured_media":16067,"comment_status":"open","ping_status":"open","sticky":false,"template":"","format":"standard","meta":{"footnotes":""},"categories":[1],"tags":[],"class_list":["post-16066","post","type-post","status-publish","format-standard","has-post-thumbnail","hentry","category-non-classe"],"_links":{"self":[{"href":"https:\/\/monde25.info\/index.php\/wp-json\/wp\/v2\/posts\/16066","targetHints":{"allow":["GET"]}}],"collection":[{"href":"https:\/\/monde25.info\/index.php\/wp-json\/wp\/v2\/posts"}],"about":[{"href":"https:\/\/monde25.info\/index.php\/wp-json\/wp\/v2\/types\/post"}],"author":[{"embeddable":true,"href":"https:\/\/monde25.info\/index.php\/wp-json\/wp\/v2\/users\/1"}],"replies":[{"embeddable":true,"href":"https:\/\/monde25.info\/index.php\/wp-json\/wp\/v2\/comments?post=16066"}],"version-history":[{"count":0,"href":"https:\/\/monde25.info\/index.php\/wp-json\/wp\/v2\/posts\/16066\/revisions"}],"wp:featuredmedia":[{"embeddable":true,"href":"https:\/\/monde25.info\/index.php\/wp-json\/wp\/v2\/media\/16067"}],"wp:attachment":[{"href":"https:\/\/monde25.info\/index.php\/wp-json\/wp\/v2\/media?parent=16066"}],"wp:term":[{"taxonomy":"category","embeddable":true,"href":"https:\/\/monde25.info\/index.php\/wp-json\/wp\/v2\/categories?post=16066"},{"taxonomy":"post_tag","embeddable":true,"href":"https:\/\/monde25.info\/index.php\/wp-json\/wp\/v2\/tags?post=16066"}],"curies":[{"name":"wp","href":"https:\/\/api.w.org\/{rel}","templated":true}]}}