{"id":16068,"date":"2025-09-17T21:47:20","date_gmt":"2025-09-17T19:47:20","guid":{"rendered":"https:\/\/monde25.info\/index.php\/2025\/09\/17\/16-500-morts-supplementaires-en-europe-cet-ete-a-cause-de-la-chaleur\/"},"modified":"2025-09-17T21:47:20","modified_gmt":"2025-09-17T19:47:20","slug":"16-500-morts-supplementaires-en-europe-cet-ete-a-cause-de-la-chaleur","status":"publish","type":"post","link":"https:\/\/monde25.info\/index.php\/2025\/09\/17\/16-500-morts-supplementaires-en-europe-cet-ete-a-cause-de-la-chaleur\/","title":{"rendered":"16 500 morts suppl\u00e9mentaires en Europe cet \u00e9t\u00e9 \u00e0 cause de la chaleur"},"content":{"rendered":"<p> <br \/>\n<br \/><img loading=\"lazy\" decoding=\"async\" src=\"https:\/\/reporterre.net\/local\/cache-vignettes\/L700xH467\/hand-hands-old-old-age-d70732a46f264201b578a029953a6ccb-c1d38.jpg?1758081601\" class=\"spip_logo\" width=\"700\" height=\"467\" alt=\"\" \/><\/p>\n<p>Une \u00e9tude men\u00e9e par l&rsquo;Imperial College London et la London School of Hygiene &amp; Tropical Medicine indique que le r\u00e9chauffement climatique a provoqu\u00e9 environ 16\u00a0500 d\u00e9c\u00e8s suppl\u00e9mentaires durant l&rsquo;\u00e9t\u00e9 2025 dans 854\u00a0villes europ\u00e9ennes. En tout, la chaleur a caus\u00e9 24\u00a0400 morts, dont 68<small class=\"fine d-inline\">\u00a0<\/small>% attribu\u00e9s \u00e0 l&rsquo;augmentation des temp\u00e9ratures li\u00e9e aux activit\u00e9s humaines, jusqu&rsquo;\u00e0 +3,6\u00a0\u00b0C localement. <br class=\"autobr\" \/><br \/>\nLes pays les plus touch\u00e9s sont l&rsquo;Italie (4\u00a0597 morts suppl\u00e9mentaires), l&rsquo;Espagne (2\u00a0841) et l&rsquo;Allemagne\u00a0(\u2026)<\/p>\n<p>                    <a target=\"_blank\" href=\"https:\/\/reporterre.net\/16-500-morts-supplementaires-en-Europe-cet-ete-a-cause-de-la-chaleur?utm_source=RSS&amp;utm_medium=RSS\">Lire la suite<\/a><\/p>\n<p>                    &#8211;<br \/>\n                        <a target=\"_blank\" href=\"https:\/\/reporterre.net\/Breves-20\" rel=\"directory\">En bref<\/a><\/p>\n<p>                    \/<br \/>\n                        <a target=\"_blank\" href=\"https:\/\/reporterre.net\/Climat-18\" rel=\"tag\">Climat <\/a><br \/>\n<br \/><br \/>\n<br \/><a href=\"https:\/\/reporterre.net\/16-500-morts-supplementaires-en-Europe-cet-ete-a-cause-de-la-chaleur\" target=\"_blank\"\">Source link <\/a><\/p>\n","protected":false},"excerpt":{"rendered":"<p>Une \u00e9tude men\u00e9e par l&rsquo;Imperial College London et la London School of Hygiene &amp; Tropical Medicine indique que le r\u00e9chauffement climatique a provoqu\u00e9 environ 16\u00a0500 d\u00e9c\u00e8s suppl\u00e9mentaires durant l&rsquo;\u00e9t\u00e9 2025&hellip; <\/p>\n","protected":false},"author":1,"featured_media":0,"comment_status":"open","ping_status":"open","sticky":false,"template":"","format":"standard","meta":{"footnotes":""},"categories":[1],"tags":[],"class_list":["post-16068","post","type-post","status-publish","format-standard","hentry","category-non-classe"],"_links":{"self":[{"href":"https:\/\/monde25.info\/index.php\/wp-json\/wp\/v2\/posts\/16068","targetHints":{"allow":["GET"]}}],"collection":[{"href":"https:\/\/monde25.info\/index.php\/wp-json\/wp\/v2\/posts"}],"about":[{"href":"https:\/\/monde25.info\/index.php\/wp-json\/wp\/v2\/types\/post"}],"author":[{"embeddable":true,"href":"https:\/\/monde25.info\/index.php\/wp-json\/wp\/v2\/users\/1"}],"replies":[{"embeddable":true,"href":"https:\/\/monde25.info\/index.php\/wp-json\/wp\/v2\/comments?post=16068"}],"version-history":[{"count":0,"href":"https:\/\/monde25.info\/index.php\/wp-json\/wp\/v2\/posts\/16068\/revisions"}],"wp:attachment":[{"href":"https:\/\/monde25.info\/index.php\/wp-json\/wp\/v2\/media?parent=16068"}],"wp:term":[{"taxonomy":"category","embeddable":true,"href":"https:\/\/monde25.info\/index.php\/wp-json\/wp\/v2\/categories?post=16068"},{"taxonomy":"post_tag","embeddable":true,"href":"https:\/\/monde25.info\/index.php\/wp-json\/wp\/v2\/tags?post=16068"}],"curies":[{"name":"wp","href":"https:\/\/api.w.org\/{rel}","templated":true}]}}