{"id":16069,"date":"2025-09-17T22:20:17","date_gmt":"2025-09-17T20:20:17","guid":{"rendered":"https:\/\/monde25.info\/index.php\/2025\/09\/17\/reaction-de-loci-au-bombardement-israelien-du-qatar\/"},"modified":"2025-09-17T22:20:17","modified_gmt":"2025-09-17T20:20:17","slug":"reaction-de-loci-au-bombardement-israelien-du-qatar","status":"publish","type":"post","link":"https:\/\/monde25.info\/index.php\/2025\/09\/17\/reaction-de-loci-au-bombardement-israelien-du-qatar\/","title":{"rendered":"R\u00e9action de l&rsquo;OCI au bombardement isra\u00e9lien du Qatar"},"content":{"rendered":"<p> <br \/>\n<\/p>\n<div id=\"article-text\">\n<div class=\"article-text-images crayon article-texte-222792 \">\n<div class=\"spip_document_250162 spip_document spip_documents spip_document_image spip_documents_center spip_document_center\">\n<figure class=\"spip_doc_inner\">\n<img loading=\"lazy\" decoding=\"async\" src=\"https:\/\/www.voltairenet.org\/local\/cache-vignettes\/L684xH513\/400_-_1_2_-128-10d63.jpg?1758025459\" width=\"684\" height=\"513\" alt=\"\"\/><br \/>\n<\/figure>\n<\/div>\n<p>En ce qui concerne l\u2019attaque isra\u00e9lienne du mardi 9 septembre 2025 qui a vis\u00e9 les lieux de r\u00e9sidence de plusieurs membres du Bureau politique du Hamas dans la capitale qatarienne, Doha, le groupe de l\u2019Organisation de la coop\u00e9ration islamique (OCI) condamne dans les termes les plus \u00e9nergiques cet acte abject et vil auquel se sont livr\u00e9es les forces d\u2019occupation isra\u00e9liennes sur le territoire de l\u2019\u00c9tat du Qatar et qui constitue une violation flagrante de l\u2019ensemble des lois et normes internationales et fait peser une grave menace sur la s\u00fbret\u00e9 et la s\u00e9curit\u00e9 des Qatariens et des personnes r\u00e9sidant dans l\u2019\u00c9tat du Qatar.<\/p>\n<p>Le groupe de l\u2019OCI exprime sa totale solidarit\u00e9 avec l\u2019\u00c9tat du Qatar et se range \u00e0 ses c\u00f4t\u00e9s en soutien \u00e0 toute mesure que celui-ci prendra face \u00e0 cette agression perfide contre laquelle la communaut\u00e9 internationale doit se dresser imm\u00e9diatement et accomplir son devoir en faisant r\u00e9pondre les forces d\u2019occupation isra\u00e9liennes des crimes atroces et graves qu\u2019elles commettent et en les amenant \u00e0 renoncer \u00e0 leurs pratiques qui d\u00e9stabilisent la r\u00e9gion et portent atteinte \u00e0 la s\u00e9curit\u00e9 r\u00e9gionale.<\/p>\n<\/div>\n<div class=\"article-text-source\">\nSource<br \/>\n<a target=\"_blank\" href=\"https:\/\/www.voltairenet.org\/auteur123825.html?lang=fr\" title=\"Organisation de la Conf\u00e9rence islamique\">Organisation de la Conf\u00e9rence islamique<\/a>\n<\/div>\n<aside>\n<\/aside>\n<div class=\"follow\" id=\"social\">\n<h4>Restez en contact<\/h4>\n<div class=\"follow-left\">\n<h5>Suivez-nous sur les r\u00e9seaux sociaux<\/h5>\n<p><a target=\"_blank\" href=\"https:\/\/www.facebook.com\/R%C3%A9seau-Voltaire-en-fran%C3%A7ais-106616878523973\" title=\"\" target=\"_blank\"><img decoding=\"async\" src=\"https:\/\/www.voltairenet.org\/squelettes\/images\/follow-fb.png\" alt=\"\"\/><\/a><br \/>\n<a target=\"_blank\" href=\"https:\/\/t.me\/reseauvoltaire\" title=\"\" target=\"_blank\"><img decoding=\"async\" src=\"https:\/\/www.voltairenet.org\/squelettes\/images\/follow-tg.png\" alt=\"\"\/><\/a><br \/>\n<a target=\"_blank\" href=\"https:\/\/twitter.com\/voltairenetFr\" title=\"\" target=\"_blank\"><img decoding=\"async\" src=\"https:\/\/www.voltairenet.org\/squelettes\/images\/follow-tw.png\" alt=\"\"\/><\/a>\n<\/div>\n<p><h5>Subscribe to weekly newsletter<\/h5>\n<\/p>\n<\/div>\n<p><!--\n\n<div><\/div>\n\n--><\/p>\n<\/div>\n<p><script async src=\"\/\/platform.twitter.com\/widgets.js\" charset=\"utf-8\"><\/script><br \/>\n<br \/><br \/>\n<br \/><a href=\"https:\/\/www.voltairenet.org\/article222792.html\" target=\"_blank\"\">Source link <\/a><\/p>\n","protected":false},"excerpt":{"rendered":"<p>En ce qui concerne l\u2019attaque isra\u00e9lienne du mardi 9 septembre 2025 qui a vis\u00e9 les lieux de r\u00e9sidence de plusieurs membres du Bureau politique du Hamas dans la capitale qatarienne,&hellip; <\/p>\n","protected":false},"author":1,"featured_media":16070,"comment_status":"open","ping_status":"open","sticky":false,"template":"","format":"standard","meta":{"footnotes":""},"categories":[1],"tags":[],"class_list":["post-16069","post","type-post","status-publish","format-standard","has-post-thumbnail","hentry","category-non-classe"],"_links":{"self":[{"href":"https:\/\/monde25.info\/index.php\/wp-json\/wp\/v2\/posts\/16069","targetHints":{"allow":["GET"]}}],"collection":[{"href":"https:\/\/monde25.info\/index.php\/wp-json\/wp\/v2\/posts"}],"about":[{"href":"https:\/\/monde25.info\/index.php\/wp-json\/wp\/v2\/types\/post"}],"author":[{"embeddable":true,"href":"https:\/\/monde25.info\/index.php\/wp-json\/wp\/v2\/users\/1"}],"replies":[{"embeddable":true,"href":"https:\/\/monde25.info\/index.php\/wp-json\/wp\/v2\/comments?post=16069"}],"version-history":[{"count":0,"href":"https:\/\/monde25.info\/index.php\/wp-json\/wp\/v2\/posts\/16069\/revisions"}],"wp:featuredmedia":[{"embeddable":true,"href":"https:\/\/monde25.info\/index.php\/wp-json\/wp\/v2\/media\/16070"}],"wp:attachment":[{"href":"https:\/\/monde25.info\/index.php\/wp-json\/wp\/v2\/media?parent=16069"}],"wp:term":[{"taxonomy":"category","embeddable":true,"href":"https:\/\/monde25.info\/index.php\/wp-json\/wp\/v2\/categories?post=16069"},{"taxonomy":"post_tag","embeddable":true,"href":"https:\/\/monde25.info\/index.php\/wp-json\/wp\/v2\/tags?post=16069"}],"curies":[{"name":"wp","href":"https:\/\/api.w.org\/{rel}","templated":true}]}}