{"id":1607,"date":"2024-12-06T06:15:56","date_gmt":"2024-12-06T05:15:56","guid":{"rendered":"https:\/\/monde25.info\/index.php\/2024\/12\/06\/fin-de-regne-a-lelysee-et-bruits-de-basse-cour-enfant-de-la-societe-sott-net\/"},"modified":"2024-12-06T06:15:56","modified_gmt":"2024-12-06T05:15:56","slug":"fin-de-regne-a-lelysee-et-bruits-de-basse-cour-enfant-de-la-societe-sott-net","status":"publish","type":"post","link":"https:\/\/monde25.info\/index.php\/2024\/12\/06\/fin-de-regne-a-lelysee-et-bruits-de-basse-cour-enfant-de-la-societe-sott-net\/","title":{"rendered":"Fin de r\u00e8gne \u00e0 l&rsquo;\u00c9lys\u00e9e et bruits de basse-cour \u2014 Enfant de la Soci\u00e9t\u00e9 \u2014 Sott.net"},"content":{"rendered":"<p> <br \/>\n<\/p>\n<div>\n      C&rsquo;est un article du <a target=\"_blank\" href=\"https:\/\/www.lemonde.fr\/politique\/article\/2024\/12\/01\/depuis-la-dissolution-de-l-assemblee-nationale-le-lent-crepuscule-d-emmanuel-macron_6423144_823448.html?random=72119513\"><em>Monde<\/em><\/a> payant qui raconte la fin d&rsquo;un monde, d&rsquo;un petit monde mais qui peut faire beaucoup de mal, celui de la Macronie. \u00c0 l&rsquo;\u00c9lys\u00e9e, tout se casse la gueule, le Pr\u00e9sident n&rsquo;a plus la forme, il n&rsquo;y croit plus. Sur le navire qui prend l&rsquo;eau, l&rsquo;entourage lorgne de moins en moins discr\u00e8tement vers les canots de sauvetage. M\u00eame Kohler s&rsquo;appr\u00eate \u00e0 passer dans le giron de la Banque, l&#8217;employeur final de tout ce petit monde.<br \/>\n<\/p>\n<div class=\"article-image-super to-center\"><a target=\"_blank\" href=\"https:\/\/fr.sott.net\/image\/s35\/719353\/full\/0f03741_1732893909014_lgeai_e_.jpg\" target=\"_blank\"><img decoding=\"async\" src=\"https:\/\/fr.sott.net\/image\/s35\/719353\/super\/0f03741_1732893909014_lgeai_e_.jpg\" alt=\"hyuj\" title=\"Cliquer pour agrandir\"\/><\/a><\/div>\n<p>Il faut \u00eatre journaliste au <em>Monde<\/em> pour avoir l&rsquo;oreille de la cour, des puissants, des influents. Nous, on se contente des miettes du banquet. Alors, on apprend que Manu va mal, puis, dans un sursaut, se refait une sant\u00e9 au Maroc et \u00e0 Rio, avec un footing sur la plage de Copacabana.<\/p>\n<p>Au fond, on s&rsquo;en fout, c&rsquo;est \u00ab La vie des grands, les petits n&rsquo;en ont pas \u00bb, rien d&rsquo;id\u00e9ologique ou de d\u00e9cisif, que des bruits de chiottes de fond de cour. L&rsquo;article ne dit pas la b\u00e9ance budg\u00e9taire, l&rsquo;argent public qui part dans le service de la dette, la bande immature et cok\u00e9e qui m\u00e8ne un pays au d\u00e9sastre. \u00c7a sent 1789, mais sans la r\u00e9volution, juste un d\u00e9go\u00fbt, une amertume, une lassitude. Le Grand Soir, c&rsquo;est pas pour demain.<\/p>\n<p>On retiendra quelques f\u00e9roces passages, comme celui o\u00f9 le lutin mal\u00e9fique se prend vraiment pour le Roy de France, mais un roi d\u00e9\u00e7u de son peuple, cet ingrat. C&rsquo;est avec un immense respect pour les non moins immenses Claire Gatinois et Solenn de Royer que nous empruntons deux passages, que vous rendrez promptement une fois lus, promis ?<\/p>\n<p>Interpell\u00e9 par l&rsquo;un d&rsquo;eux sur Ha\u00efti, le pr\u00e9sident fran\u00e7ais, en bras de chemise, r\u00e9pond que les Ha\u00eftiens sont \u00ab compl\u00e8tement cons \u00bb d&rsquo;avoir limog\u00e9 leur Premier ministre (Garry Conille) qui \u00e9tait \u00ab super \u00bb et qu&rsquo;ils ne doivent s&rsquo;en prendre qu&rsquo;\u00e0 eux-m\u00eames si le chaos r\u00e8gne. \u00c0 mesure qu&rsquo;il argumente, il s&rsquo;enflamme, comme si c&rsquo;\u00e9tait encore de lui, corn\u00e9ris\u00e9 par le vote des Fran\u00e7ais, dont il parlait.\n<\/p>\n<blockquote class=\"typ1\"><p>\n <em>Les fen\u00eatres de l&rsquo;\u00c9lys\u00e9e sont \u00e9clair\u00e9es, tard dans la nuit. \u00c0 quoi pense Emmanuel Macron, lors de ses insomnies ? \u00c0 tous ceux qu&rsquo;il a \u00ab fait bouffer \u00bb, comme il dit, pendant sept ans et qui lui tournent le dos ? \u00c0 l&rsquo;ext\u00e9rieur du palais, les langues se d\u00e9lient. Les petits travers de la cour sont d\u00e9cortiqu\u00e9s, moqu\u00e9s. Comme cette manie qu&rsquo;il a de se faire servir en premier. Ou ces nouvelles chaises gaufr\u00e9es \u00ab RF \u00bb (pour \u00ab R\u00e9publique fran\u00e7aise \u00bb) command\u00e9es pour le Conseil des ministres, que ces derniers ont d\u00e9couvert, m\u00e9dus\u00e9s : ton sur ton pour les membres du gouvernement, en lettres d&rsquo;or pour le pr\u00e9sident de la R\u00e9publique qui, en arrivant \u00e0 l&rsquo;\u00c9lys\u00e9e, philosophait sur la \u00ab figure du roi \u00bb et disait \u00ab mon peuple \u00bb pour parler des Fran\u00e7ais.<\/em><\/p>\n<p><em>Un ancien collaborateur se souvient aussi de sa surprise quand Emmanuel Macron a soudain laiss\u00e9 en plan son cabinet, \u00e0 la fin d&rsquo;une r\u00e9union, pour se changer dans ses appartements priv\u00e9s. Il est revenu v\u00eatu d&rsquo;un tee-shirt moulant, bleu \u00e0 manches longues, et un pull orange jet\u00e9 sur les \u00e9paules &#8211; \u00ab d\u00e9guis\u00e9 en Superman \u00bb, soupire cet ex-conseiller -, pour poser devant sa photographe, Soazig de La Moissonni\u00e8re.<\/em><\/p>\n<p><em>\u00ab Emmanuel est un enfant \u00bb, avait un jour gliss\u00e9 Fran\u00e7ois Hollande au Monde, \u00ab il joue \u00bb. Un \u00ab apprenti acteur \u00bb qui \u00ab a toujours confondu la soci\u00e9t\u00e9 avec les planches \u00bb, rench\u00e9rit l&rsquo;essayiste Alain Minc.<\/em>\n<\/p>\n<\/blockquote>\n<p> En r\u00e9alit\u00e9, il y a quatre paragraphes, un gros, deux moyens et un petit, nous dirons que \u00e7a fait deux gros, et hop. On d\u00e9couvre que Brigitte s&rsquo;\u00e9crit avec deux guillemets, l&rsquo;un devant l&rsquo;autre derri\u00e8re, allez savoir pourquoi ; que Macron est immature, mais si Hollande et Minc le savaient, pourquoi l&rsquo;ont-ils foutu sur le tr\u00f4ne ? ; qu&rsquo;il est d\u00e9connect\u00e9 du r\u00e9el, donc dangereux \u00e0 ce poste, mais comme tout le monde autour croque, on laisse faire, mieux, on profite du dingo dilapidateur !<\/p>\n<p>Au fond, ces intrigues de palais seraient sans importance si les affaires courantes \u00e9taient g\u00e9r\u00e9es, mais tout est laiss\u00e9 \u00e0 l&rsquo;abandon, c&rsquo;est-\u00e0-dire \u00e0 Barnier. Et puis, les patrons qui avaient ador\u00e9 sa posture \u00ab probusiness \u00bb sont aujourd&rsquo;hui d\u00e9boussol\u00e9s par l&rsquo;instabilit\u00e9 politique qui fait fuir les investisseurs, surtout \u00e9trangers. Le voyage chez ben Salmane ne changera rien.<\/p>\n<p>Voil\u00e0, vous \u00eates entr\u00e9s dans le Saint des saints, et vous en \u00eates ressortis. Plus forts, mais parce que ce pouvoir est faible, et qu&rsquo;il est \u00e0 prendre. Allez savoir qui le ramassera&#8230; Un Hitler ou un L\u00e9nine, mais pas un Hollande ou un Bayrou : la France est tomb\u00e9e trop bas pour \u00eatre relev\u00e9e par des falots sans force.<\/p>\n<p>La petite critique que nous ferons \u00e0 cet article, c&rsquo;est que le Pr\u00e9sident, \u00e0 peine \u00e9lu en 2017, \u00e9tait d\u00e9j\u00e0 mort en novembre 2018 avec la r\u00e9volte des Gilets jaunes. De l\u00e0, il a perdu toute l\u00e9gitimit\u00e9, et peu \u00e0 peu, tous les corps constitu\u00e9s ou pas de notre pays ont fini par rejeter ce faux pr\u00e9sident, fourr\u00e9 au Ch\u00e2teau par des forces obscures ou occultes, \u00e0 la faveur d&rsquo;un miracle \u00e9lectoral qui appara\u00eetra au grand jour vers 21 h 30, un 27 avril 2022, au moment de la \u00ab r\u00e9\u00e9lection \u00bb&#8230;<\/p>\n<p>Le mauvais com\u00e9dien pathologiquement imbu de sa personne (MCPIP) &#8211; (r\u00e9)constitu\u00e9e par d&rsquo;autres et fractur\u00e9e \u00e0 l&rsquo;int\u00e9rieur \u2014 aura tenu un an, le temps que le peuple, le vrai, se r\u00e9veille et prenne Paris d&rsquo;assaut. Depuis, c&rsquo;est la chute, et du faux pr\u00e9sident, et du vrai pays. Les responsables qui ont mis cet enfant d\u00e9construit \u00e0 la t\u00eate de l&rsquo;\u00c9tat sont les vrais responsables de sept ans de malheurs.<\/p>\n<p><span class=\"BoldGrey\">Sept ann\u00e9es de souffrances et de malheurs pour les Fran\u00e7ais<\/span><\/p>\n<p><iframe loading=\"lazy\" title=\"Macron : 7 ans de malheurs ! Comment l&#039;emp\u00eacher de faire 3 ans de plus ?\" width=\"1110\" height=\"624\" src=\"https:\/\/www.youtube.com\/embed\/P3bgr9p2tXI?feature=oembed\" frameborder=\"0\" allow=\"accelerometer; autoplay; clipboard-write; encrypted-media; gyroscope; picture-in-picture; web-share\" referrerpolicy=\"strict-origin-when-cross-origin\" allowfullscreen><\/iframe><\/p>\n<p><span class=\"BoldGrey\">M\u00eame BFM y va de son coup de pelle<\/span><\/p>\n<p><iframe loading=\"lazy\" title=\"7 ans au pouvoir, les maux de Macron - \u00c9pisode 6: &quot;Le vertige de la fin de r\u00e8gne&quot;\" width=\"1110\" height=\"624\" src=\"https:\/\/www.youtube.com\/embed\/-gqM5jRhAeg?feature=oembed\" frameborder=\"0\" allow=\"accelerometer; autoplay; clipboard-write; encrypted-media; gyroscope; picture-in-picture; web-share\" referrerpolicy=\"strict-origin-when-cross-origin\" allowfullscreen><\/iframe><\/p>\n<p>Un jour, dans les ann\u00e9es 80, un caricaturiste am\u00e9ricain avait repr\u00e9sent\u00e9 la Russie en baba [<a target=\"_blank\" href=\"https:\/\/www.egaliteetreconciliation.fr\/Fin-de-regne-a-l-Elysee-et-bruits-de-basse-cour-77296.html#nb1\">1<\/a>] en haillons qui tra\u00eenait sur sa charrette une ogive nucl\u00e9aire.<\/p>\n<p>La France d&rsquo;aujourd&rsquo;hui, c&rsquo;est pire : on a un enfant psychopathe et frustr\u00e9 qui a la main sur le bouton nucl\u00e9aire. C&rsquo;est pourquoi il ne faut surtout pas l&rsquo;affoler et \u00eatre gentil avec lui.<\/p>\n<p><strong>Notes<\/strong><\/p>\n<p>[<a target=\"_blank\" href=\"https:\/\/www.egaliteetreconciliation.fr\/Fin-de-regne-a-l-Elysee-et-bruits-de-basse-cour-77296.html#nh1\">1<\/a>] Babouchka, grand-m\u00e8re.\n\t\t<\/p>\n<\/div>\n<p><br \/>\n<br \/><a href=\"https:\/\/fr.sott.net\/article\/44145-Fin-de-regne-a-l-Elysee-et-bruits-de-basse-cour\" target=\"_blank\"\">Source link <\/a><\/p>\n","protected":false},"excerpt":{"rendered":"<p>C&rsquo;est un article du Monde payant qui raconte la fin d&rsquo;un monde, d&rsquo;un petit monde mais qui peut faire beaucoup de mal, celui de la Macronie. \u00c0 l&rsquo;\u00c9lys\u00e9e, tout se&hellip; <\/p>\n","protected":false},"author":1,"featured_media":1608,"comment_status":"open","ping_status":"open","sticky":false,"template":"","format":"standard","meta":{"footnotes":""},"categories":[1],"tags":[],"class_list":["post-1607","post","type-post","status-publish","format-standard","has-post-thumbnail","hentry","category-non-classe"],"_links":{"self":[{"href":"https:\/\/monde25.info\/index.php\/wp-json\/wp\/v2\/posts\/1607","targetHints":{"allow":["GET"]}}],"collection":[{"href":"https:\/\/monde25.info\/index.php\/wp-json\/wp\/v2\/posts"}],"about":[{"href":"https:\/\/monde25.info\/index.php\/wp-json\/wp\/v2\/types\/post"}],"author":[{"embeddable":true,"href":"https:\/\/monde25.info\/index.php\/wp-json\/wp\/v2\/users\/1"}],"replies":[{"embeddable":true,"href":"https:\/\/monde25.info\/index.php\/wp-json\/wp\/v2\/comments?post=1607"}],"version-history":[{"count":0,"href":"https:\/\/monde25.info\/index.php\/wp-json\/wp\/v2\/posts\/1607\/revisions"}],"wp:featuredmedia":[{"embeddable":true,"href":"https:\/\/monde25.info\/index.php\/wp-json\/wp\/v2\/media\/1608"}],"wp:attachment":[{"href":"https:\/\/monde25.info\/index.php\/wp-json\/wp\/v2\/media?parent=1607"}],"wp:term":[{"taxonomy":"category","embeddable":true,"href":"https:\/\/monde25.info\/index.php\/wp-json\/wp\/v2\/categories?post=1607"},{"taxonomy":"post_tag","embeddable":true,"href":"https:\/\/monde25.info\/index.php\/wp-json\/wp\/v2\/tags?post=1607"}],"curies":[{"name":"wp","href":"https:\/\/api.w.org\/{rel}","templated":true}]}}