{"id":16071,"date":"2025-09-17T22:53:50","date_gmt":"2025-09-17T20:53:50","guid":{"rendered":"https:\/\/monde25.info\/index.php\/2025\/09\/17\/centrale-a-biomasse-en-guyane-un-collectif-craint-un-nouvel-azf\/"},"modified":"2025-09-17T22:53:50","modified_gmt":"2025-09-17T20:53:50","slug":"centrale-a-biomasse-en-guyane-un-collectif-craint-un-nouvel-azf","status":"publish","type":"post","link":"https:\/\/monde25.info\/index.php\/2025\/09\/17\/centrale-a-biomasse-en-guyane-un-collectif-craint-un-nouvel-azf\/","title":{"rendered":"Centrale \u00e0 biomasse en Guyane\u00a0: un collectif craint un \u00ab\u00a0nouvel AZF\u00a0\u00bb"},"content":{"rendered":"<p> <br \/>\n<br \/><img loading=\"lazy\" decoding=\"async\" src=\"https:\/\/reporterre.net\/local\/cache-vignettes\/L700xH467\/larivot_1_1_1_-604e5.jpg?1758025231\" class=\"spip_logo\" width=\"700\" height=\"467\" alt=\"\" \/><\/p>\n<p>En Guyane, la centrale \u00e0 biomasse du Larivot devrait voir le jour fin 2026. Depuis dix ans, les pouvoirs publics soutiennent avec z\u00e8le ce projet, malgr\u00e9 les nombreuses critiques sur sa dangerosit\u00e9. <br class=\"autobr\" \/><br \/>\nCayenne (Guyane), correspondance <br class=\"autobr\" \/><br \/>\nD\u00e9but 2020, Maude Pulcherie, jeune retrait\u00e9e de la Direction g\u00e9n\u00e9rale des territoires et de la mer\u00a0(<span class=\"caps\">DGTM<\/span>) de Guyane, entendait enfin profiter de sa paisible maison familiale \u00e0 Remire-Montjoly. Son r\u00eave s&rsquo;est bris\u00e9 lorsqu&rsquo;elle a appris au d\u00e9tour d&rsquo;une enqu\u00eate\u00a0(\u2026)<\/p>\n<p>                    <a target=\"_blank\" href=\"https:\/\/reporterre.net\/Un-risque-de-mort-en-Guyane-une-centrale-a-biomasse-d-EDF-inquiete?utm_source=RSS&amp;utm_medium=RSS\">Lire la suite<\/a><\/p>\n<p>                    &#8211;<br \/>\n                        <a target=\"_blank\" href=\"https:\/\/reporterre.net\/Enquete\" rel=\"directory\">Enqu\u00eate<\/a><\/p>\n<p>                    \/<br \/>\n                        <a target=\"_blank\" href=\"https:\/\/reporterre.net\/Energie\" rel=\"tag\">\u00c9nergie<\/a><br \/>\n<br \/><br \/>\n<br \/><a href=\"https:\/\/reporterre.net\/Un-risque-de-mort-en-Guyane-une-centrale-a-biomasse-d-EDF-inquiete\" target=\"_blank\"\">Source link <\/a><\/p>\n","protected":false},"excerpt":{"rendered":"<p>En Guyane, la centrale \u00e0 biomasse du Larivot devrait voir le jour fin 2026. Depuis dix ans, les pouvoirs publics soutiennent avec z\u00e8le ce projet, malgr\u00e9 les nombreuses critiques sur&hellip; <\/p>\n","protected":false},"author":1,"featured_media":0,"comment_status":"open","ping_status":"open","sticky":false,"template":"","format":"standard","meta":{"footnotes":""},"categories":[1],"tags":[],"class_list":["post-16071","post","type-post","status-publish","format-standard","hentry","category-non-classe"],"_links":{"self":[{"href":"https:\/\/monde25.info\/index.php\/wp-json\/wp\/v2\/posts\/16071","targetHints":{"allow":["GET"]}}],"collection":[{"href":"https:\/\/monde25.info\/index.php\/wp-json\/wp\/v2\/posts"}],"about":[{"href":"https:\/\/monde25.info\/index.php\/wp-json\/wp\/v2\/types\/post"}],"author":[{"embeddable":true,"href":"https:\/\/monde25.info\/index.php\/wp-json\/wp\/v2\/users\/1"}],"replies":[{"embeddable":true,"href":"https:\/\/monde25.info\/index.php\/wp-json\/wp\/v2\/comments?post=16071"}],"version-history":[{"count":0,"href":"https:\/\/monde25.info\/index.php\/wp-json\/wp\/v2\/posts\/16071\/revisions"}],"wp:attachment":[{"href":"https:\/\/monde25.info\/index.php\/wp-json\/wp\/v2\/media?parent=16071"}],"wp:term":[{"taxonomy":"category","embeddable":true,"href":"https:\/\/monde25.info\/index.php\/wp-json\/wp\/v2\/categories?post=16071"},{"taxonomy":"post_tag","embeddable":true,"href":"https:\/\/monde25.info\/index.php\/wp-json\/wp\/v2\/tags?post=16071"}],"curies":[{"name":"wp","href":"https:\/\/api.w.org\/{rel}","templated":true}]}}