{"id":16074,"date":"2025-09-18T00:00:39","date_gmt":"2025-09-17T22:00:39","guid":{"rendered":"https:\/\/monde25.info\/index.php\/2025\/09\/18\/la-hongrie-et-lotan-une-declaration-dautonomie-aerienne-dans-un-contexte-de-tensions-europeennes\/"},"modified":"2025-09-18T00:00:39","modified_gmt":"2025-09-17T22:00:39","slug":"la-hongrie-et-lotan-une-declaration-dautonomie-aerienne-dans-un-contexte-de-tensions-europeennes","status":"publish","type":"post","link":"https:\/\/monde25.info\/index.php\/2025\/09\/18\/la-hongrie-et-lotan-une-declaration-dautonomie-aerienne-dans-un-contexte-de-tensions-europeennes\/","title":{"rendered":"La Hongrie et l&rsquo;OTAN : Une D\u00e9claration d&rsquo;Autonomie A\u00e9rienne dans un Contexte de Tensions Europ\u00e9ennes"},"content":{"rendered":"<p> <br \/>\n<\/p>\n<div>\n<p dir=\"auto\">Le 16 septembre 2025, le minist\u00e8re hongrois de la D\u00e9fense fait une d\u00e9claration remarqu\u00e9e : la Hongrie n&rsquo;a pas besoin, pour l&rsquo;instant, d&rsquo;un soutien suppl\u00e9mentaire de l&rsquo;OTAN pour prot\u00e9ger son espace a\u00e9rien. Cette annonce intervient dans un climat de tensions accrues en Europe de l&rsquo;Est, marqu\u00e9 par de possibles incursions de drones russes dans l&rsquo;espace a\u00e9rien polonais les 9 et 10 septembre 2025. Budapest affirme avoir renforc\u00e9 ses propres mesures de d\u00e9fense a\u00e9rienne face \u00e0 une menace croissante des drones possible, sans exclure totalement une coop\u00e9ration future avec l&rsquo;Alliance atlantique s&rsquo;il \u00e9tait n\u00e9cessaire. Cette position illustre la ligne diplomatique singuli\u00e8re du gouvernement de Viktor Orban, qui navigue entre loyaut\u00e9 \u00e0 l&rsquo;OTAN et proximit\u00e9 avec la Russie.<\/p>\n<p dir=\"auto\">Membre de l&rsquo;OTAN depuis 1999, la Hongrie a souvent adopt\u00e9 une posture prudente vis-\u00e0-vis de Moscou. Contrairement \u00e0 ses voisins comme la Pologne ou les \u00c9tats baltes, qui ont renforc\u00e9 leurs d\u00e9fenses a\u00e9riennes en r\u00e9ponse \u00e0 l&rsquo;invasion russe de l&rsquo;Ukraine en 2022, Budapest \u00e9vite les critiques directes envers la Russie. M\u00eame, lors de l&rsquo;histoire de l&rsquo;incursion de drones en Pologne, la Hongrie s&rsquo;est abstenue de condamner explicitement Moscou, se contentant d&rsquo;exprimer une \u00ab\u00a0pr\u00e9occupation\u00a0\u00bb g\u00e9n\u00e9rale. Cette attitude s&rsquo;explique par des liens \u00e9conomiques forts : la Hongrie d\u00e9pend du gaz russe et a sign\u00e9 des accords nucl\u00e9aires avec Rosatom. De plus, Orban cultive une rh\u00e9torique souverainiste, critiquant l'\u00a0\u00bbing\u00e9rence\u00a0\u00bb de l&rsquo;UE et de l&rsquo;OTAN dans les affaires nationales.<\/p>\n<p dir=\"auto\">Sa d\u00e9claration sur l&rsquo;espace a\u00e9rien n&rsquo;est pas isol\u00e9e. Elle fait \u00e9cho \u00e0 des positions ant\u00e9rieures, comme en juillet 2024, lorsque le ministre des Affaires \u00e9trang\u00e8res P\u00e9ter Szijj\u00e1rt\u00f3 avait d\u00e9clar\u00e9 que la Hongrie ne soutiendrait pas une transformation de l&rsquo;OTAN en bloc \u00ab\u00a0anti-Chine\u00a0\u00bb. En mati\u00e8re de d\u00e9fense a\u00e9rienne, la Hongrie a investi dans ses propres capacit\u00e9s : elle a d\u00e9ploy\u00e9 quatre avions de chasse Gripen pour la mission de police a\u00e9rienne balte de l&rsquo;OTAN en juillet 2025, d\u00e9montrant son engagement minimal. Cependant, face aux menaces hybrides comme les drones, Budapest pr\u00e9f\u00e8re miser sur ses syst\u00e8mes nationaux plut\u00f4t que sur des d\u00e9ploiements alli\u00e9s, arguant qu&rsquo;une autosuffisance \u00e9vite l&rsquo;escalade et les tensions avec la Russie.<\/p>\n<p dir=\"auto\">L&rsquo;Alliance, fond\u00e9e sur le principe de d\u00e9fense collective (Article 5), fait face \u00e0 des d\u00e9fis internes. Certains analystes estiment que la Hongrie, aux c\u00f4t\u00e9s de la Slovaquie, pourrait bloquer des r\u00e9solutions contre la Russie, car toute d\u00e9cision requiert l&rsquo;unanimit\u00e9. \u00ab\u00a0L&rsquo;incursion polonaise\u00a0\u00bb, qualifi\u00e9e de \u00ab\u00a0pire violation\u00a0\u00bb depuis la fondation de l&rsquo;OTAN, a test\u00e9 la volont\u00e9 de l&rsquo;Alliance. L&rsquo;Ukraine appellent \u00e0 une \u00ab\u00a0d\u00e9fense a\u00e9rienne europ\u00e9enne\u00a0\u00bb unifi\u00e9e, Zelensky pressant l&rsquo;Europe de d\u00e9velopper un bouclier anti-a\u00e9rien apr\u00e8s les bombardements russes.\u00a0<\/p>\n<p dir=\"auto\">Sur le plan europ\u00e9en, cette d\u00e9claration s&rsquo;inscrit dans les tensions avec l&rsquo;UE. La Hongrie bloque r\u00e9guli\u00e8rement les d\u00e9cisions coll\u00e9giales, comme l&rsquo;ouverture des n\u00e9gociations d&rsquo;adh\u00e9sion de l&rsquo;Ukraine \u00e0 l&rsquo;UE en ao\u00fbt 2025, invoquant un veto pour des raisons \u00ab\u00a0uniques\u00a0\u00bb. Orb\u00e1n utilise ces positions pour consolider son pouvoir int\u00e9rieur, en se pr\u00e9sentant comme un d\u00e9fenseur de la souverainet\u00e9 face \u00e0 \u00ab\u00a0Bruxelles et Washington\u00a0\u00bb.\u00a0<\/p>\n<p dir=\"auto\">Les implications concernant la s\u00e9curit\u00e9 europ\u00e9enne semble pr\u00e9occuper l&rsquo;alliance. Avec l&rsquo;escalade en Ukraine \u2013 y compris des menaces de no-fly zone qui pourraient mener \u00e0 un conflit direct OTAN-Russie, comme l&rsquo;a averti Dmitri Medvedev le 15 septembre 2025. Si la Hongrie persistait dans son autonomie, cela pourrait encourager d&rsquo;autres membres \u00e0 prioriser les int\u00e9r\u00eats nationaux, affaiblissant l&rsquo;Alliance.<\/p>\n<p dir=\"auto\">\u00a0<\/p>\n<\/div>\n<p><script>(function(d, s, id) {  var js, fjs = d.getElementsByTagName(s)[0];  if (d.getElementById(id)) return;  js = d.createElement(s); js.id = id;  js.src = \"\/\/connect.facebook.net\/fr_FR\/sdk.js#xfbml=1&version=v2.3\";  fjs.parentNode.insertBefore(js, fjs);}(document, \"script\", \"facebook-jssdk\"));<\/script><br \/>\n<br \/><br \/>\n<br \/><a href=\"https:\/\/www.francesoir.fr\/politique-monde\/la-hongrie-et-l-otan-une-declaration-d-autonomie-aerienne-dans-un-contexte-de\" target=\"_blank\"\">Source link <\/a><\/p>\n","protected":false},"excerpt":{"rendered":"<p>Le 16 septembre 2025, le minist\u00e8re hongrois de la D\u00e9fense fait une d\u00e9claration remarqu\u00e9e : la Hongrie n&rsquo;a pas besoin, pour l&rsquo;instant, d&rsquo;un soutien suppl\u00e9mentaire de l&rsquo;OTAN pour prot\u00e9ger son&hellip; <\/p>\n","protected":false},"author":1,"featured_media":16075,"comment_status":"open","ping_status":"open","sticky":false,"template":"","format":"standard","meta":{"footnotes":""},"categories":[1],"tags":[],"class_list":["post-16074","post","type-post","status-publish","format-standard","has-post-thumbnail","hentry","category-non-classe"],"_links":{"self":[{"href":"https:\/\/monde25.info\/index.php\/wp-json\/wp\/v2\/posts\/16074","targetHints":{"allow":["GET"]}}],"collection":[{"href":"https:\/\/monde25.info\/index.php\/wp-json\/wp\/v2\/posts"}],"about":[{"href":"https:\/\/monde25.info\/index.php\/wp-json\/wp\/v2\/types\/post"}],"author":[{"embeddable":true,"href":"https:\/\/monde25.info\/index.php\/wp-json\/wp\/v2\/users\/1"}],"replies":[{"embeddable":true,"href":"https:\/\/monde25.info\/index.php\/wp-json\/wp\/v2\/comments?post=16074"}],"version-history":[{"count":0,"href":"https:\/\/monde25.info\/index.php\/wp-json\/wp\/v2\/posts\/16074\/revisions"}],"wp:featuredmedia":[{"embeddable":true,"href":"https:\/\/monde25.info\/index.php\/wp-json\/wp\/v2\/media\/16075"}],"wp:attachment":[{"href":"https:\/\/monde25.info\/index.php\/wp-json\/wp\/v2\/media?parent=16074"}],"wp:term":[{"taxonomy":"category","embeddable":true,"href":"https:\/\/monde25.info\/index.php\/wp-json\/wp\/v2\/categories?post=16074"},{"taxonomy":"post_tag","embeddable":true,"href":"https:\/\/monde25.info\/index.php\/wp-json\/wp\/v2\/tags?post=16074"}],"curies":[{"name":"wp","href":"https:\/\/api.w.org\/{rel}","templated":true}]}}