{"id":16080,"date":"2025-09-18T02:12:36","date_gmt":"2025-09-18T00:12:36","guid":{"rendered":"https:\/\/monde25.info\/index.php\/2025\/09\/18\/le-printemps-enfant-de-la-societe-sott-net\/"},"modified":"2025-09-18T02:12:36","modified_gmt":"2025-09-18T00:12:36","slug":"le-printemps-enfant-de-la-societe-sott-net","status":"publish","type":"post","link":"https:\/\/monde25.info\/index.php\/2025\/09\/18\/le-printemps-enfant-de-la-societe-sott-net\/","title":{"rendered":"le Printemps \u2014 Enfant de la Soci\u00e9t\u00e9 \u2014 Sott.net"},"content":{"rendered":"<p> <br \/>\n<\/p>\n<div>\n<div class=\"article-image-super to-center\"><a target=\"_blank\" href=\"https:\/\/fr.sott.net\/image\/s36\/733536\/full\/arton79126_082a8.jpg\" target=\"_blank\"><img decoding=\"async\" src=\"https:\/\/fr.sott.net\/image\/s36\/733536\/super\/arton79126_082a8.jpg\" alt=\"hhhhhhh\" title=\"Cliquer pour agrandir\"\/><\/a><\/div>\n<p>Dans cette p\u00e9riode de furie, il est bon, de temps \u00e0 autre, d&rsquo;\u00e9couter un peu de musique classique. Attention, la musique classique ne doit pas \u00eatre raval\u00e9e au rang de calmant, ce n&rsquo;est pas ce que nous voulons dire.<\/p>\n<p><iframe loading=\"lazy\" width=\"600\" height=\"778\" src=\"https:\/\/www.sott.net\/embed\/cpjVzNgtcfhh0E2q_uVRXnIuBL3\" allowfullscreen=\"\" allow=\"encrypted-media; web-share;\"><\/iframe><\/p>\n<p>On comprend pourquoi certains voudraient interdire TikTok. Ce qui est dommage dans ce raout mondain, c&rsquo;est que de l&rsquo;autre c\u00f4t\u00e9 de la M\u00e9diterran\u00e9e, on tue. Le rabbin Korsia, qu&rsquo;on voit appara\u00eetre en face de Darmanin, est tout \u00e0 son aise. Or, il fait partie des g\u00e9nocidaires, du moins en paroles, puisqu&rsquo;il a demand\u00e9 qu&rsquo;Isra\u00ebl finisse le boulot \u00e0 Gaza. Ce qui est d&rsquo;ailleurs en train de se faire : deux divisions de soldats sont entr\u00e9s \u00e0 Gaza pour exterminer les derniers r\u00e9sistants, comme Stroop et ses troupes en avril 43 \u00e0 Varsovie.<\/p>\n<p>Le d\u00e9couplage des sourires et de la r\u00e9alit\u00e9 sanglante \u00e0 Gaza est saisissant. Dans nos m\u00e9dias, certains continuent \u00e0 botter en touche avec un \u00ab antis\u00e9mitisme \u00bb qui se borne \u00e0 arr\u00eater une course de v\u00e9lo. Dans cette op\u00e9ration des terroristes espagnols pendant la Vuelta, on ne d\u00e9plore aucune chute de cycliste, et encore moins de morts. Mais \u00e7a suffit pour faire une \u00ab atteinte grave \u00e0 la d\u00e9mocratie \u00bb, presque un crime contre l&rsquo;humanit\u00e9 sioniste :<\/p>\n<p><iframe loading=\"lazy\" width=\"600\" height=\"599\" src=\"https:\/\/www.sott.net\/embed\/bfxznIv_JwywBY8z41i95fGbK8e\" allowfullscreen=\"\"><\/iframe><\/p>\n<p><span class=\"BoldGrey\">Les m\u00e9dias mainstream contre la soci\u00e9t\u00e9 civile<\/span><\/p>\n<p>Le r\u00f4le des m\u00e9dias en Occident, et particuli\u00e8rement en France, est bien de travestir la r\u00e9alit\u00e9. Bloqu\u00e9e dans les m\u00e9dias du r\u00e9gime, l&rsquo;\u00e9motion surgit partout ailleurs, sur sc\u00e8ne et dans les r\u00e9seaux :<\/p>\n<p><iframe loading=\"lazy\" width=\"600\" height=\"924\" src=\"https:\/\/www.sott.net\/embed\/lMKmJ_YRhaQssdEDGIq3Ik0egSc\" allowfullscreen=\"\"><\/iframe><\/p>\n<p><iframe loading=\"lazy\" width=\"600\" height=\"875\" src=\"https:\/\/www.sott.net\/embed\/pRpm9GtSsyBvNgwDl12ePlT83R7\" allowfullscreen=\"\"><\/iframe><\/p>\n<p><iframe loading=\"lazy\" width=\"600\" height=\"794\" src=\"https:\/\/www.sott.net\/embed\/NOpe-5veO3Z54v4HRkWdHUxZAce\" allowfullscreen=\"\"><\/iframe><\/p>\n<p><iframe loading=\"lazy\" width=\"600\" height=\"875\" src=\"https:\/\/www.sott.net\/embed\/26XSc3CFr_ELcWFZGcFtmL4ud8U\" allowfullscreen=\"\"><\/iframe><\/p>\n<p>Accul\u00e9s en d\u00e9fense, les m\u00e9dias et leurs ma\u00eetres ne tiendront pas longtemps avec leurs ignobles mensonges. De la m\u00eame fa\u00e7on qu&rsquo;une arm\u00e9e ne peut pas vaincre un pays, un r\u00e9gime ne peut pas vaincre un peuple.\n\t\t<\/div>\n<p><br \/>\n<br \/><a href=\"https:\/\/fr.sott.net\/article\/44419-Les-Quatre-Saisons-de-Vivaldi-le-Printemps\" target=\"_blank\"\">Source link <\/a><\/p>\n","protected":false},"excerpt":{"rendered":"<p>Dans cette p\u00e9riode de furie, il est bon, de temps \u00e0 autre, d&rsquo;\u00e9couter un peu de musique classique. Attention, la musique classique ne doit pas \u00eatre raval\u00e9e au rang de&hellip; <\/p>\n","protected":false},"author":1,"featured_media":16081,"comment_status":"open","ping_status":"open","sticky":false,"template":"","format":"standard","meta":{"footnotes":""},"categories":[1],"tags":[],"class_list":["post-16080","post","type-post","status-publish","format-standard","has-post-thumbnail","hentry","category-non-classe"],"_links":{"self":[{"href":"https:\/\/monde25.info\/index.php\/wp-json\/wp\/v2\/posts\/16080","targetHints":{"allow":["GET"]}}],"collection":[{"href":"https:\/\/monde25.info\/index.php\/wp-json\/wp\/v2\/posts"}],"about":[{"href":"https:\/\/monde25.info\/index.php\/wp-json\/wp\/v2\/types\/post"}],"author":[{"embeddable":true,"href":"https:\/\/monde25.info\/index.php\/wp-json\/wp\/v2\/users\/1"}],"replies":[{"embeddable":true,"href":"https:\/\/monde25.info\/index.php\/wp-json\/wp\/v2\/comments?post=16080"}],"version-history":[{"count":0,"href":"https:\/\/monde25.info\/index.php\/wp-json\/wp\/v2\/posts\/16080\/revisions"}],"wp:featuredmedia":[{"embeddable":true,"href":"https:\/\/monde25.info\/index.php\/wp-json\/wp\/v2\/media\/16081"}],"wp:attachment":[{"href":"https:\/\/monde25.info\/index.php\/wp-json\/wp\/v2\/media?parent=16080"}],"wp:term":[{"taxonomy":"category","embeddable":true,"href":"https:\/\/monde25.info\/index.php\/wp-json\/wp\/v2\/categories?post=16080"},{"taxonomy":"post_tag","embeddable":true,"href":"https:\/\/monde25.info\/index.php\/wp-json\/wp\/v2\/tags?post=16080"}],"curies":[{"name":"wp","href":"https:\/\/api.w.org\/{rel}","templated":true}]}}