{"id":16082,"date":"2025-09-18T03:51:43","date_gmt":"2025-09-18T01:51:43","guid":{"rendered":"https:\/\/monde25.info\/index.php\/2025\/09\/18\/en-espagne-ils-rendent-leur-terre-moins-vulnerable-aux-incendies\/"},"modified":"2025-09-18T03:51:43","modified_gmt":"2025-09-18T01:51:43","slug":"en-espagne-ils-rendent-leur-terre-moins-vulnerable-aux-incendies","status":"publish","type":"post","link":"https:\/\/monde25.info\/index.php\/2025\/09\/18\/en-espagne-ils-rendent-leur-terre-moins-vulnerable-aux-incendies\/","title":{"rendered":"En Espagne, ils rendent leur terre moins vuln\u00e9rable aux incendies"},"content":{"rendered":"<p> <br \/>\n<br \/><img loading=\"lazy\" decoding=\"async\" src=\"https:\/\/reporterre.net\/local\/cache-vignettes\/L700xH467\/le_terrain_communautaire_semble_le_seul_a_ne_pas_etre_couvert_d_eucalyptus_a_des_kilmetres_a_la_roude_2-modified_1_-cc3f7.jpg?1758006955\" class=\"spip_logo\" width=\"700\" height=\"467\" alt=\"\" \/><\/p>\n<p>Diversification de la flore, \u00e9levage extensif&#8230; Apr\u00e8s un \u00e9ni\u00e8me incendie, en 2019, huit communaut\u00e9s rurales du nord-ouest de l&rsquo;Espagne ont d\u00e9cid\u00e9 de g\u00e9rer leurs territoires autrement pour ne plus subir le feu <br class=\"autobr\" \/><br \/>\nLeiro (Espagne), reportage <br class=\"autobr\" \/><br \/>\nLes flammes d\u00e9chirent la nuit \u00e0 la sortie du virage et semblent couler jusque sur le bord de la chauss\u00e9e. Plus haut, les troncs droits des eucalyptus dessinent une sorte de for\u00eat d&rsquo;allumettes qui br\u00fblent depuis leur pied. \u00ab<small class=\"fine d-inline\">\u00a0<\/small>C&rsquo;\u00e9tait le 26\u00a0mars 2019, se\u00a0(\u2026)<\/p>\n<p>                    <a target=\"_blank\" href=\"https:\/\/reporterre.net\/Chevres-et-chataigniers-ces-habitants-protegent-leur-terre-des-incendies?utm_source=RSS&amp;utm_medium=RSS\">Lire la suite<\/a><\/p>\n<p>                    &#8211;<br \/>\n                        <a target=\"_blank\" href=\"https:\/\/reporterre.net\/Reportage\" rel=\"directory\">Reportage<\/a><\/p>\n<p>                    \/<br \/>\n                        <a target=\"_blank\" href=\"https:\/\/reporterre.net\/Megafeux\" rel=\"tag\">Incendies<\/a><br \/>\n                    ,<br \/>\n                        <a target=\"_blank\" href=\"https:\/\/reporterre.net\/Alternatives\" rel=\"tag\">Alternatives<\/a><br \/>\n<br \/><br \/>\n<br \/><a href=\"https:\/\/reporterre.net\/Chevres-et-chataigniers-ces-habitants-protegent-leur-terre-des-incendies\" target=\"_blank\"\">Source link <\/a><\/p>\n","protected":false},"excerpt":{"rendered":"<p>Diversification de la flore, \u00e9levage extensif&#8230; Apr\u00e8s un \u00e9ni\u00e8me incendie, en 2019, huit communaut\u00e9s rurales du nord-ouest de l&rsquo;Espagne ont d\u00e9cid\u00e9 de g\u00e9rer leurs territoires autrement pour ne plus subir&hellip; <\/p>\n","protected":false},"author":1,"featured_media":0,"comment_status":"open","ping_status":"open","sticky":false,"template":"","format":"standard","meta":{"footnotes":""},"categories":[1],"tags":[],"class_list":["post-16082","post","type-post","status-publish","format-standard","hentry","category-non-classe"],"_links":{"self":[{"href":"https:\/\/monde25.info\/index.php\/wp-json\/wp\/v2\/posts\/16082","targetHints":{"allow":["GET"]}}],"collection":[{"href":"https:\/\/monde25.info\/index.php\/wp-json\/wp\/v2\/posts"}],"about":[{"href":"https:\/\/monde25.info\/index.php\/wp-json\/wp\/v2\/types\/post"}],"author":[{"embeddable":true,"href":"https:\/\/monde25.info\/index.php\/wp-json\/wp\/v2\/users\/1"}],"replies":[{"embeddable":true,"href":"https:\/\/monde25.info\/index.php\/wp-json\/wp\/v2\/comments?post=16082"}],"version-history":[{"count":0,"href":"https:\/\/monde25.info\/index.php\/wp-json\/wp\/v2\/posts\/16082\/revisions"}],"wp:attachment":[{"href":"https:\/\/monde25.info\/index.php\/wp-json\/wp\/v2\/media?parent=16082"}],"wp:term":[{"taxonomy":"category","embeddable":true,"href":"https:\/\/monde25.info\/index.php\/wp-json\/wp\/v2\/categories?post=16082"},{"taxonomy":"post_tag","embeddable":true,"href":"https:\/\/monde25.info\/index.php\/wp-json\/wp\/v2\/tags?post=16082"}],"curies":[{"name":"wp","href":"https:\/\/api.w.org\/{rel}","templated":true}]}}