{"id":16085,"date":"2025-09-18T04:57:37","date_gmt":"2025-09-18T02:57:37","guid":{"rendered":"https:\/\/monde25.info\/index.php\/2025\/09\/18\/les-maldives-adoptent-une-loi-sur-la-regulation-des-medias-craintes-de-censure\/"},"modified":"2025-09-18T04:57:37","modified_gmt":"2025-09-18T02:57:37","slug":"les-maldives-adoptent-une-loi-sur-la-regulation-des-medias-craintes-de-censure","status":"publish","type":"post","link":"https:\/\/monde25.info\/index.php\/2025\/09\/18\/les-maldives-adoptent-une-loi-sur-la-regulation-des-medias-craintes-de-censure\/","title":{"rendered":"Les Maldives adoptent une loi sur la r\u00e9gulation des m\u00e9dias, craintes de censure"},"content":{"rendered":"<p> <br \/>\n<\/p>\n<div>\n<p>\u00c9tonnamment l&rsquo;<em>AFP<\/em> nous fait part d&rsquo;une loi de r\u00e9gulation des m\u00e9dias aux Maldives. Un narratif qui semble \u00eatre pos\u00e9 l\u00e0, comme pour nous habituer \u00e0 la non-pluralit\u00e9 d&rsquo;opinion, pour le bien de tous.<\/p>\n<p>Je cite : \u00ab\u00a0Le parlement des Maldives a adopt\u00e9 une loi sur la r\u00e9gulation des m\u00e9dias, ont annonc\u00e9 mercredi les autorit\u00e9s de l&rsquo;archipel, accus\u00e9es par des m\u00e9dias et des organisations de d\u00e9fense des droits de porter atteinte \u00e0 la libert\u00e9 de la presse.<\/p>\n<p>En vertu de ce texte, vot\u00e9 mardi soir, la r\u00e9gulation des m\u00e9dias de l&rsquo;archipel sera confi\u00e9e \u00e0 une commission qui pourra bloquer des sites d\u2019information en ligne ou r\u00e9voquer la licence de m\u00e9dias si elle le veut.<\/p>\n<p>\u00ab\u00a0Le projet de loi sur les m\u00e9dias a \u00e9t\u00e9 adopt\u00e9 en d\u00e9pit des appels de plus de 20 organisations, tant locales qu&rsquo;internationales\u00a0\u00bb, alors qu&rsquo;il \u00ab\u00a0repr\u00e9sente un danger immense pour la libert\u00e9 de la presse et la libert\u00e9 d&rsquo;expression\u00a0\u00bb, a d\u00e9plor\u00e9 le quotidien priv\u00e9 <em>Mihaaru<\/em>.\u00a0\u00bb<\/p>\n<p>Soulignant du bout des l\u00e8vres le narratif de RSF : \u00ab\u00a0Fin ao\u00fbt, l&rsquo;ONG Reporters sans fronti\u00e8res, (qui ne s&rsquo;offusque jamais vraiment de ce qui se passe en France, notamment en ce qui concerne les m\u00e9dias non align\u00e9s sur la doxa gouvernementale) qualifiait ce texte &lsquo;d&rsquo;attaque frontale contre la libert\u00e9 de la presse&rsquo;, soulignant des dispositions &lsquo;formul\u00e9es de mani\u00e8re vague&rsquo; qui interdisent notamment aux journalistes de publier des informations\u00a0&lsquo;susceptibles d\u2019\u00eatre fausses&rsquo;. &lsquo;De telles impr\u00e9cisions pourraient facilement servir de pr\u00e9texte \u00e0 la censure, en particulier pour limiter la couverture des abus de pouvoir\u00a0\u00bb, selon l&rsquo;organisation de d\u00e9fense des droits de la presse'\u00a0\u00bb.<\/p>\n<p>Et de conclure : \u00ab\u00a0Selon la nouvelle loi, la commission de r\u00e9gulation sera compos\u00e9e de sept membres, dont trois seront nomm\u00e9s par le parlement, actuellement domin\u00e9 par le parti du pr\u00e9sident Mohamed Muizzu.<\/p>\n<p>Les quatre membres restants, \u00e9lus par les m\u00e9dias, pourront \u00eatre r\u00e9voqu\u00e9s par une motion de censure du parlement.<\/p>\n<p>La commission aura le pouvoir d&rsquo;infliger des amendes pouvant aller jusqu\u2019\u00e0 1 400 euros pour les journalistes et jusqu\u2019\u00e0 5 600 euros pour les m\u00e9dias.<\/p>\n<p>L\u2019instance de r\u00e9gulation aura \u00e9galement le droit de r\u00e9voquer la licence de m\u00e9dias, bloquer des sites internet ou encore engager des proc\u00e9dures punitives contre des r\u00e9dactions.<\/p>\n<p>Elle pourra aussi sanctionner de mani\u00e8re r\u00e9troactive des contenus publi\u00e9s jusqu&rsquo;\u00e0 un an avant l&rsquo;entr\u00e9e en vigueur de la loi.<\/p>\n<p>Le minist\u00e8re des Affaires \u00e9trang\u00e8res des Maldives a affirm\u00e9 que cette nouvelle l\u00e9gislation visait \u00e0 renforcer la confiance du public dans les m\u00e9dias et \u00e0 lutter contre la d\u00e9sinformation et la manipulation de contenu.<\/p>\n<p>Elle ne s&rsquo;appliquera cependant pas aux comptes des r\u00e9seaux sociaux, a pr\u00e9cis\u00e9 le minist\u00e8re dans un communiqu\u00e9 publi\u00e9 mercredi.<\/p>\n<p>Les Maldives, une destination touristique c\u00e9l\u00e8bre pour ses h\u00f4tels de luxe et ses centres de plong\u00e9e, sont au 104<sup>e<\/sup> rang sur 180 pays dans le classement \u00a0mondial de la libert\u00e9 de la presse \u00e9tabli par RSF. Parmi ses voisins g\u00e9ographiques imm\u00e9diats, le Sri Lanka figure en 139<sup>e<\/sup> position et l&rsquo;Inde arrive 151<sup>e<\/sup>.\u00a0\u00bb\u00a0<\/p>\n<p>L&rsquo;AFP omet par ailleurs de mentionner que la France ne cesse de reculer dans ce classement, et se trouve actuellement \u00e0 la 25<sup>e <\/sup>Place.<\/p>\n<\/div>\n<p><script>(function(d, s, id) {  var js, fjs = d.getElementsByTagName(s)[0];  if (d.getElementById(id)) return;  js = d.createElement(s); js.id = id;  js.src = \"\/\/connect.facebook.net\/fr_FR\/sdk.js#xfbml=1&version=v2.3\";  fjs.parentNode.insertBefore(js, fjs);}(document, \"script\", \"facebook-jssdk\"));<\/script><br \/>\n<br \/><br \/>\n<br \/><a href=\"https:\/\/www.francesoir.fr\/culture-medias\/les-maldives-adoptent-une-loi-sur-la-regulation-des-medias-craintes-de-censure\" target=\"_blank\"\">Source link <\/a><\/p>\n","protected":false},"excerpt":{"rendered":"<p>\u00c9tonnamment l&rsquo;AFP nous fait part d&rsquo;une loi de r\u00e9gulation des m\u00e9dias aux Maldives. Un narratif qui semble \u00eatre pos\u00e9 l\u00e0, comme pour nous habituer \u00e0 la non-pluralit\u00e9 d&rsquo;opinion, pour le&hellip; <\/p>\n","protected":false},"author":1,"featured_media":16086,"comment_status":"open","ping_status":"open","sticky":false,"template":"","format":"standard","meta":{"footnotes":""},"categories":[1],"tags":[],"class_list":["post-16085","post","type-post","status-publish","format-standard","has-post-thumbnail","hentry","category-non-classe"],"_links":{"self":[{"href":"https:\/\/monde25.info\/index.php\/wp-json\/wp\/v2\/posts\/16085","targetHints":{"allow":["GET"]}}],"collection":[{"href":"https:\/\/monde25.info\/index.php\/wp-json\/wp\/v2\/posts"}],"about":[{"href":"https:\/\/monde25.info\/index.php\/wp-json\/wp\/v2\/types\/post"}],"author":[{"embeddable":true,"href":"https:\/\/monde25.info\/index.php\/wp-json\/wp\/v2\/users\/1"}],"replies":[{"embeddable":true,"href":"https:\/\/monde25.info\/index.php\/wp-json\/wp\/v2\/comments?post=16085"}],"version-history":[{"count":0,"href":"https:\/\/monde25.info\/index.php\/wp-json\/wp\/v2\/posts\/16085\/revisions"}],"wp:featuredmedia":[{"embeddable":true,"href":"https:\/\/monde25.info\/index.php\/wp-json\/wp\/v2\/media\/16086"}],"wp:attachment":[{"href":"https:\/\/monde25.info\/index.php\/wp-json\/wp\/v2\/media?parent=16085"}],"wp:term":[{"taxonomy":"category","embeddable":true,"href":"https:\/\/monde25.info\/index.php\/wp-json\/wp\/v2\/categories?post=16085"},{"taxonomy":"post_tag","embeddable":true,"href":"https:\/\/monde25.info\/index.php\/wp-json\/wp\/v2\/tags?post=16085"}],"curies":[{"name":"wp","href":"https:\/\/api.w.org\/{rel}","templated":true}]}}