{"id":16094,"date":"2025-09-18T09:21:44","date_gmt":"2025-09-18T07:21:44","guid":{"rendered":"https:\/\/monde25.info\/index.php\/2025\/09\/18\/soignants-suspendus-enfin-tirer-les-lecons-4-ans-apres\/"},"modified":"2025-09-18T09:21:44","modified_gmt":"2025-09-18T07:21:44","slug":"soignants-suspendus-enfin-tirer-les-lecons-4-ans-apres","status":"publish","type":"post","link":"https:\/\/monde25.info\/index.php\/2025\/09\/18\/soignants-suspendus-enfin-tirer-les-lecons-4-ans-apres\/","title":{"rendered":"\u00abSoignants suspendus\u00bb : enfin tirer les le\u00e7ons, 4 ans apr\u00e8s"},"content":{"rendered":"<p> <br \/>\n<\/p>\n<div>\n<ol class=\"campaign-loop campaign-list\">\n<li id=\"campaign-482494\" class=\"post-482494 campaign type-campaign status-publish hentry campaign-has-goal campaign-has-not-achieved-goal campaign-has-end-date campaign-has-not-ended\">\n\t<a target=\"_blank\" href=\"https:\/\/reseauinternational.net\/campaigns\/campagne-de-dons-septembre-octobre-2025\/\"><\/p>\n<h3>Campagne de dons  Septembre \u2013 Octobre 2025<\/h3>\n<p>\t\t\t<\/a><\/p>\n<p>\n\tChers amis lecteurs, Nous faisons \u00e0 nouveau appel \u00e0 vous pour une nouvelle campagne de dons. Votre soutien nous est indispensable pour continuer \u00e0 vous fournir le meilleur de l\u2019information internationale alternative. C\u2019est gr\u00e2ce \u00e0 vos dons que nous pourrons maintenir le cap pour une information plurielle et r\u00e9ellement alternative. Nous comptons sur vous.<\/p>\n<p>\n<span class=\"amount\">290,00\u00a0\u20ac<\/span> de l\u2019objectif de <span class=\"goal-amount\">25 000,00\u00a0\u20ac<\/span> atteint<\/p>\n<\/li>\n<\/ol>\n<p>par <strong>J\u00e9r\u00e9mie Mercier<\/strong><\/p>\n<p>Diffusion de mon passage de 10 minutes \u00e0 l\u2019\u00e9mission sp\u00e9ciale de Nicolas Bouvier du 15\/09\/2025 \u00e0 l\u2019occasion du 4\u00e8me anniversaire du d\u00e9but de la suspension des soignants soumis \u00e0 la vaccination Covid obligatoire.<\/p>\n<p>\u2192<strong> \u00a0<\/strong>Lien vers la <a target=\"_blank\" href=\"https:\/\/www.youtube.com\/watch?v=92bBuBc-m_0\" target=\"_blank\" rel=\"noopener\" title=\"\">vid\u00e9o compl\u00e8te<\/a> : \u2022 400\u00e8me \u00e9mission : Soir\u00e9e hommage \u00e0 tous le\u2026 (je passe entre 2h11min40s et 2h23min07s)<\/p>\n<p>\u2192<strong> \u00a0<\/strong>Lien vers mon <a target=\"_blank\" href=\"https:\/\/www.youtube.com\/watch?v=5MeR2qCXN9w\" target=\"_blank\" rel=\"noopener\" title=\"\">passage sur <em>France Bleu<\/em><\/a> du 30\/01\/2023 (pendant lequel j\u2019ai r\u00e9ussi \u00e0 glisser quelques mots sur le personnel suspendu) \u2022 Je parle sur <em>France Bleu<\/em> du personnel susp\u2026<\/p>\n<p>\u2192\u00a0 Inscrivez-vous \u00e0 ma newsletter : <a target=\"_blank\" href=\"http:\/\/bit.ly\/NSLJeremie\" target=\"_blank\" rel=\"noopener\" title=\"\">http:\/\/bit.ly\/NSLJeremie<\/a><\/p>\n<p>\u00e0 mon canal Telegram : <a target=\"_blank\" href=\"https:\/\/t.me\/DeconfineTaSante\" target=\"_blank\" rel=\"noopener\" title=\"\">https:\/\/t.me\/DeconfineTaSante<\/a><\/p>\n<p>et d\u00e9couvrez les approches de sant\u00e9 naturelle efficaces dans mon Club Priv\u00e9 Sant\u00e9 : <a target=\"_blank\" href=\"https:\/\/bit.ly\/ClubPriveSanteJM\" target=\"_blank\" rel=\"noopener\" title=\"\">https:\/\/bit.ly\/ClubPriveSanteJM<\/a><\/p>\n<p>R\u00e9sum\u00e9 de mon intervention :<\/p>\n<p>1) Rappel du r\u00f4le de psychopathe (qui lui va bien) pris par Macron pour son intervention t\u00e9l\u00e9vis\u00e9e du 12\/07\/2021.<\/p>\n<p>2) Rappel du c\u00f4t\u00e9 violent et brutal de la suspension du personnel concern\u00e9 (pas que soignant d\u2019ailleurs).<\/p>\n<p>3) Mon passage \u2013 sur un malentendu ! \u2013 sur <em>France Bleu<\/em> avec Willy Rovelli dans l\u2019\u00e9mission \u00ab<em>On n\u2019est pas \u00e0 l\u2019abri de faire une bonne \u00e9mission<\/em>\u00bb le 30\/01\/2023, o\u00f9 j\u2019arrive \u00e0 \u00e9voquer le sort de 15 000 suspendus (estimation peut-\u00eatre basse).<\/p>\n<p>4) Rappel du probl\u00e8me du vaccin obligatoire contre l\u2019h\u00e9patite B pour les soignants ainsi que des menaces qui planent d\u2019obligation du vaccin contre la grippe pour ce personnel.<\/p>\n<p>5) Rappel de la promotion par Didier Raoult \u00e0 3 reprises de la vaccination pour les soignants (y compris femmes enceintes !) :<\/p>\n<p>le 06\/07\/2021 depuis l\u2019IHU \u00abPour le personnel de soins expos\u00e9 et compte tenu du fait que la maladie repart, je pense qu\u2019il est raisonnable de se vacciner\u00bb. (\u00e0 17\u201935\u201d) : \u2022 <a target=\"_blank\" href=\"https:\/\/www.youtube.com\/watch?v=v45LrNN9J84&amp;t=1056s\" target=\"_blank\" rel=\"noopener\" title=\"\">Ce n\u2019est pas toujours facile d\u2019avoir raison !<\/a><\/p>\n<p>le 09\/07\/2021 sur Twitter : \u00abAu vu des enjeux de l\u2019\u00e9pid\u00e9mie actuelle, je suis favorable \u00e0 la vaccination syst\u00e9matique des personnels soignants, avec les vaccins recommand\u00e9s pour leur classe d\u2019\u00e2ge. J\u2019encourage donc tous mes coll\u00e8gues \u00e0 se rapprocher de leur centre de vaccination\u00bb.<\/p>\n<p><a target=\"_blank\" href=\"https:\/\/x.com\/raoult_didier\/status\/1413451220149174275\" target=\"_blank\" rel=\"noopener\" title=\"\">https:\/\/x.com\/raoult_didier\/status\/1413451220149174275<\/a><\/p>\n<p>le 10\/09\/2025 (soit 5 jours avant l\u2019entr\u00e9e en vigueur de la vaccination obligatoire des soignants) : confirmation de sa promotion de la vaccination du personnel soignant sur <em>BFMT<\/em>V avec Bruce Toussaint \u00e0 environ 24 minutes : \u2022 <a target=\"_blank\" href=\"https:\/\/www.youtube.com\/watch?v=ioySZNXU5LI\" target=\"_blank\" rel=\"noopener\" title=\"\">Didier Raoult face \u00e0 Bruce Toussaint<\/a><\/p>\n<p>6) Ma vision du fait que la \u00absuspension de vocation\u00bb chez les \u00e9l\u00e8ves soignants est logique compte tenu de ce qu\u2019est devenu le \u00absyst\u00e8me de sant\u00e9\u00bb.<\/p>\n<p><iframe id=\"odysee-iframe\" style=\"width:100%; aspect-ratio:16 \/ 9;\" src=\"https:\/\/odysee.com\/%24\/embed\/%40jeremiemercier%3A0%2F-Soignants-suspendus----enfin-tirer-les-le%C3%A7ons%2C-4-ans-apr%C3%A8s%3A2?r=CwN9fCs6HpwkWneXTmw1zCB7rvb3eE2D\" allowfullscreen=\"\"><\/iframe><\/p>\n<p>source\u00a0: <a target=\"_blank\" href=\"https:\/\/odysee.com\/@jeremiemercier:0\/-Soignants-suspendus----enfin-tirer-les-le%C3%A7ons,-4-ans-apr%C3%A8s:2\" target=\"_blank\" rel=\"noopener\" title=\"\">J\u00e9r\u00e9mie Mercier<\/a><\/p>\n<div class=\"sharedaddy sd-block sd-like jetpack-likes-widget-wrapper jetpack-likes-widget-unloaded\" id=\"like-post-wrapper-237719536-483202-68cbaee96d427\" data-src=\"https:\/\/widgets.wp.com\/likes\/?ver=15.0#blog_id=237719536&amp;post_id=483202&amp;origin=reseauinternational.net&amp;obj_id=237719536-483202-68cbaee96d427\" data-name=\"like-post-frame-237719536-483202-68cbaee96d427\" data-title=\"Aimer ou rebloguer\">\n<h3 class=\"sd-title\">J\u2019aime \u00e7a\u00a0:<\/h3>\n<p><span class=\"button\"><span>J\u2019aime<\/span><\/span> <span class=\"loading\">chargement\u2026<\/span><\/p>\n<p><span class=\"sd-text-color\"\/><a target=\"_blank\" class=\"sd-link-color\"\/><\/div>\n<p><meta itemscope=\"\" itemprop=\"mainEntityOfPage\" itemtype=\"https:\/\/schema.org\/WebPage\" itemid=\"https:\/\/reseauinternational.net\/soignants-suspendus-enfin-tirer-les-lecons-4-ans-apres\/\"\/><meta itemprop=\"headline\" content=\"\u00abSoignants suspendus\u00bb : enfin tirer les le\u00e7ons, 4 ans apr\u00e8s\"\/><span style=\"display: none;\" itemprop=\"author\" itemscope=\"\" itemtype=\"https:\/\/schema.org\/Person\"><meta itemprop=\"name\" content=\"R\u00e9seau International\"\/><\/span><span style=\"display: none;\" itemprop=\"image\" itemscope=\"\" itemtype=\"https:\/\/schema.org\/ImageObject\"><meta itemprop=\"url\" content=\"https:\/\/i0.wp.com\/reseauinternational.net\/wp-content\/uploads\/2025\/09\/Sans-titre-62.png?fit=800%2C450&amp;quality=100&amp;ssl=1\"\/><meta itemprop=\"width\" content=\"800\"\/><meta itemprop=\"height\" content=\"450\"\/><\/span><span style=\"display: none;\" itemprop=\"publisher\" itemscope=\"\" itemtype=\"https:\/\/schema.org\/Organization\"><span style=\"display: none;\" itemprop=\"logo\" itemscope=\"\" itemtype=\"https:\/\/schema.org\/ImageObject\"><meta itemprop=\"url\" content=\"https:\/\/reseauinternational.net\/wp-content\/uploads\/2022\/06\/Capture-de\u0301cran-2022-06-14-a\u0300-16.51.07.png\"\/><\/span><meta itemprop=\"name\" content=\"R\u00e9seau International\"\/><\/span><meta itemprop=\"datePublished\" content=\"2025-09-18T09:03:34+00:00\"\/><meta itemprop=\"dateModified\" content=\"2025-09-18T09:03:45+00:00\"\/><\/div>\n<p><br \/>\n<br \/><a href=\"https:\/\/reseauinternational.net\/soignants-suspendus-enfin-tirer-les-lecons-4-ans-apres\/\" target=\"_blank\"\">Source link <\/a><\/p>\n","protected":false},"excerpt":{"rendered":"<p>Campagne de dons Septembre \u2013 Octobre 2025 Chers amis lecteurs, Nous faisons \u00e0 nouveau appel \u00e0 vous pour une nouvelle campagne de dons. Votre soutien nous est indispensable pour continuer&hellip; <\/p>\n","protected":false},"author":1,"featured_media":16095,"comment_status":"open","ping_status":"open","sticky":false,"template":"","format":"standard","meta":{"footnotes":""},"categories":[1],"tags":[],"class_list":["post-16094","post","type-post","status-publish","format-standard","has-post-thumbnail","hentry","category-non-classe"],"_links":{"self":[{"href":"https:\/\/monde25.info\/index.php\/wp-json\/wp\/v2\/posts\/16094","targetHints":{"allow":["GET"]}}],"collection":[{"href":"https:\/\/monde25.info\/index.php\/wp-json\/wp\/v2\/posts"}],"about":[{"href":"https:\/\/monde25.info\/index.php\/wp-json\/wp\/v2\/types\/post"}],"author":[{"embeddable":true,"href":"https:\/\/monde25.info\/index.php\/wp-json\/wp\/v2\/users\/1"}],"replies":[{"embeddable":true,"href":"https:\/\/monde25.info\/index.php\/wp-json\/wp\/v2\/comments?post=16094"}],"version-history":[{"count":0,"href":"https:\/\/monde25.info\/index.php\/wp-json\/wp\/v2\/posts\/16094\/revisions"}],"wp:featuredmedia":[{"embeddable":true,"href":"https:\/\/monde25.info\/index.php\/wp-json\/wp\/v2\/media\/16095"}],"wp:attachment":[{"href":"https:\/\/monde25.info\/index.php\/wp-json\/wp\/v2\/media?parent=16094"}],"wp:term":[{"taxonomy":"category","embeddable":true,"href":"https:\/\/monde25.info\/index.php\/wp-json\/wp\/v2\/categories?post=16094"},{"taxonomy":"post_tag","embeddable":true,"href":"https:\/\/monde25.info\/index.php\/wp-json\/wp\/v2\/tags?post=16094"}],"curies":[{"name":"wp","href":"https:\/\/api.w.org\/{rel}","templated":true}]}}