{"id":16096,"date":"2025-09-18T09:54:37","date_gmt":"2025-09-18T07:54:37","guid":{"rendered":"https:\/\/monde25.info\/index.php\/2025\/09\/18\/agroparistech-ecarte-une-charte-ethique-demandee-par-les-etudiants\/"},"modified":"2025-09-18T09:54:37","modified_gmt":"2025-09-18T07:54:37","slug":"agroparistech-ecarte-une-charte-ethique-demandee-par-les-etudiants","status":"publish","type":"post","link":"https:\/\/monde25.info\/index.php\/2025\/09\/18\/agroparistech-ecarte-une-charte-ethique-demandee-par-les-etudiants\/","title":{"rendered":"AgroParisTech \u00e9carte une charte \u00e9thique demand\u00e9e par les \u00e9tudiants"},"content":{"rendered":"<p> <br \/>\n<\/p>\n<div>\n<p><strong>Pendant l&rsquo;\u00e9t\u00e9, des \u00e9tudiants d&rsquo;AgroParisTech ont soumis une charte \u00e9thique \u00e0 l&rsquo;administration de l&rsquo;\u00e9cole, r\u00e9clamant un filtre \u00e0 l&rsquo;entr\u00e9e pour le Forum Vitae 2025. Leur objectif \u00e9tait d&rsquo;\u00e9carter du lot certains membres du gratin de l&rsquo;agrobusiness. La direction l&rsquo;a trouv\u00e9e trop excluante et a pr\u00e9f\u00e9r\u00e9 annuler compl\u00e8tement l\u2019\u00e9v\u00e9nement pour ne pas froisser les entreprises, invoquant une \u00ab\u00a0r\u00e9serve institutionnelle\u00a0\u00bb.<\/strong><\/p>\n<p>Un cocktail de g\u00e9ants de l\u2019agro-industrie, de la p\u00e9trochimie et du luxe \u2013 voil\u00e0 ce que proposait, jusqu\u2019en 2024, le Forum Vitae d\u2019AgroParisTech, un forum de recrutement \u00e9tudiant. Mais depuis 2022, lorsque des \u00e9l\u00e8ves avaient prononc\u00e9 leur discours de remise des dipl\u00f4mes en critiquant les d\u00e9bouch\u00e9s destructeurs de l&rsquo;\u00e9cole, un vent de r\u00e9volte souffle parmi les \u00e9l\u00e8ves. Si bien que les \u00e9tudiants organisateurs du forum ont voulu cette ann\u00e9e \u00e9tablir une charte \u00e9thique, excluant de nombreux sponsors, dont TotalEnergies, Nestl\u00e9 et Lactalis. Comme le <a target=\"_blank\" href=\"https:\/\/reporterre.net\/Cocktails-et-petits-fours-quand-Total-Nestle-et-Danone-financent-les-soirees-etudiantes-d\">rapporte<\/a> <em>Reporterre<\/em>, ils souhaitaient exclure ainsi les entreprises promouvant \u00ab\u00a0l\u2019\u00e9levage intensif, la production de pesticides, la commercialisation de produits issus de semences OGM, qui participent \u00e0 la d\u00e9forestation massive, la p\u00eache intensive ou l\u2019exp\u00e9rimentation sur des animaux.\u00a0\u00bb\u00a0<\/p>\n<p>Mais ces aspirations ont heurt\u00e9 une direction farouchement oppos\u00e9e \u00e0 toute forme de \u00ab jugement moral \u00bb sur les entreprises. Laurent Buisson, le directeur d\u2019AgroParisTech, a justifi\u00e9 l&rsquo;annulation de l\u2019\u00e9v\u00e9nement en \u00e9voquant des crit\u00e8res \u00ab trop exclusifs \u00bb, estimant que cela nuirait \u00e0 l\u2019employabilit\u00e9 des dipl\u00f4m\u00e9s. Selon lui, il est dommage de se fermer des portes, alors m\u00eame que ce sont ces m\u00eames \u00e9tudiants qui pourraient aider les grandes entreprises \u00e0 faire mieux.<\/p>\n<p>Reste qu&rsquo;en annulant brutalement l\u2019\u00e9v\u00e9nement, l\u2019administration d\u2019AgroParisTech a non seulement \u00e9touff\u00e9 la voix de ses \u00e9tudiants, mais a aussi maintenu un syst\u00e8me o\u00f9 les multinationales jouent un r\u00f4le cl\u00e9. Au-del\u00e0 du Forum Vitae, c\u2019est tout un mod\u00e8le \u00e9conomique qui est remis en cause, o\u00f9 les ressources financi\u00e8res priv\u00e9es fa\u00e7onnent les valeurs et la culture des grandes \u00e9coles.<\/p>\n<\/div>\n<p><script>(function(d, s, id) {  var js, fjs = d.getElementsByTagName(s)[0];  if (d.getElementById(id)) return;  js = d.createElement(s); js.id = id;  js.src = \"\/\/connect.facebook.net\/fr_FR\/sdk.js#xfbml=1&version=v2.3\";  fjs.parentNode.insertBefore(js, fjs);}(document, \"script\", \"facebook-jssdk\"));<\/script><br \/>\n<br \/><br \/>\n<br \/><a href=\"https:\/\/www.francesoir.fr\/societe-emploi\/agroparistech-ecarte-une-charte-ethique-demandee-par-les-etudiants\" target=\"_blank\"\">Source link <\/a><\/p>\n","protected":false},"excerpt":{"rendered":"<p>Pendant l&rsquo;\u00e9t\u00e9, des \u00e9tudiants d&rsquo;AgroParisTech ont soumis une charte \u00e9thique \u00e0 l&rsquo;administration de l&rsquo;\u00e9cole, r\u00e9clamant un filtre \u00e0 l&rsquo;entr\u00e9e pour le Forum Vitae 2025. Leur objectif \u00e9tait d&rsquo;\u00e9carter du lot&hellip; <\/p>\n","protected":false},"author":1,"featured_media":16097,"comment_status":"open","ping_status":"open","sticky":false,"template":"","format":"standard","meta":{"footnotes":""},"categories":[1],"tags":[],"class_list":["post-16096","post","type-post","status-publish","format-standard","has-post-thumbnail","hentry","category-non-classe"],"_links":{"self":[{"href":"https:\/\/monde25.info\/index.php\/wp-json\/wp\/v2\/posts\/16096","targetHints":{"allow":["GET"]}}],"collection":[{"href":"https:\/\/monde25.info\/index.php\/wp-json\/wp\/v2\/posts"}],"about":[{"href":"https:\/\/monde25.info\/index.php\/wp-json\/wp\/v2\/types\/post"}],"author":[{"embeddable":true,"href":"https:\/\/monde25.info\/index.php\/wp-json\/wp\/v2\/users\/1"}],"replies":[{"embeddable":true,"href":"https:\/\/monde25.info\/index.php\/wp-json\/wp\/v2\/comments?post=16096"}],"version-history":[{"count":0,"href":"https:\/\/monde25.info\/index.php\/wp-json\/wp\/v2\/posts\/16096\/revisions"}],"wp:featuredmedia":[{"embeddable":true,"href":"https:\/\/monde25.info\/index.php\/wp-json\/wp\/v2\/media\/16097"}],"wp:attachment":[{"href":"https:\/\/monde25.info\/index.php\/wp-json\/wp\/v2\/media?parent=16096"}],"wp:term":[{"taxonomy":"category","embeddable":true,"href":"https:\/\/monde25.info\/index.php\/wp-json\/wp\/v2\/categories?post=16096"},{"taxonomy":"post_tag","embeddable":true,"href":"https:\/\/monde25.info\/index.php\/wp-json\/wp\/v2\/tags?post=16096"}],"curies":[{"name":"wp","href":"https:\/\/api.w.org\/{rel}","templated":true}]}}