{"id":16107,"date":"2025-09-18T13:45:43","date_gmt":"2025-09-18T11:45:43","guid":{"rendered":"https:\/\/monde25.info\/index.php\/2025\/09\/18\/zone-dexclusion-aerienne-au-dessus-de-lukraine-lillusion-dune-solution-pour-leurope\/"},"modified":"2025-09-18T13:45:43","modified_gmt":"2025-09-18T11:45:43","slug":"zone-dexclusion-aerienne-au-dessus-de-lukraine-lillusion-dune-solution-pour-leurope","status":"publish","type":"post","link":"https:\/\/monde25.info\/index.php\/2025\/09\/18\/zone-dexclusion-aerienne-au-dessus-de-lukraine-lillusion-dune-solution-pour-leurope\/","title":{"rendered":"Zone d\u2019exclusion a\u00e9rienne au-dessus de l\u2019Ukraine : l\u2019illusion d\u2019une solution pour l\u2019Europe"},"content":{"rendered":"<p> <br \/>\n<\/p>\n<div>\n<ol class=\"campaign-loop campaign-list\">\n<li id=\"campaign-482494\" class=\"post-482494 campaign type-campaign status-publish hentry campaign-has-goal campaign-has-not-achieved-goal campaign-has-end-date campaign-has-not-ended\">\n\t<a target=\"_blank\" href=\"https:\/\/reseauinternational.net\/campaigns\/campagne-de-dons-septembre-octobre-2025\/\"><\/p>\n<h3>Campagne de dons  Septembre \u2013 Octobre 2025<\/h3>\n<p>\t\t\t<\/a><\/p>\n<p>\n\tChers amis lecteurs, Nous faisons \u00e0 nouveau appel \u00e0 vous pour une nouvelle campagne de dons. Votre soutien nous est indispensable pour continuer \u00e0 vous fournir le meilleur de l\u2019information internationale alternative. C\u2019est gr\u00e2ce \u00e0 vos dons que nous pourrons maintenir le cap pour une information plurielle et r\u00e9ellement alternative. Nous comptons sur vous.<\/p>\n<p>\n<span class=\"amount\">320,00\u00a0\u20ac<\/span> de l\u2019objectif de <span class=\"goal-amount\">25 000,00\u00a0\u20ac<\/span> atteint<\/p>\n<\/li>\n<\/ol>\n<p>par <strong>RT France<\/strong><\/p>\n<p><strong>Trois ans apr\u00e8s avoir rejet\u00e9 cette option, la Pologne relance l\u2019id\u00e9e d\u2019une zone d\u2019exclusion a\u00e9rienne au-dessus de l\u2019Ukraine apr\u00e8s des incursions de drones. La Roumanie, elle, s\u2019en d\u00e9marque. Le Pentagone craint qu\u2019une telle mesure n\u2019entra\u00eene l\u2019OTAN dans une confrontation directe avec Moscou, alors qu\u2019aucune preuve n\u2019incrimine la Russie.<\/strong><\/p>\n<p>L\u2019id\u00e9e d\u2019une zone d\u2019exclusion a\u00e9rienne au-dessus de l\u2019Ukraine refait surface dans certains cercles europ\u00e9ens. La raison avanc\u00e9e serait la pr\u00e9sence suppos\u00e9e de drones russes qui auraient travers\u00e9 l\u2019espace a\u00e9rien de la Pologne ou de la Roumanie. Pourtant, aucune preuve tangible n\u2019a \u00e9t\u00e9 pr\u00e9sent\u00e9e \u00e0 ce stade, les accusations reposant davantage sur de fausses impressions que sur des faits \u00e9tablis.<\/p>\n<p>Radoslaw Sikorski, ministre polonais des Affaires \u00e9trang\u00e8res, a indiqu\u00e9 que son pays verrait un int\u00e9r\u00eat \u00e0 intervenir si l\u2019Ukraine le demandait, mais uniquement en coordination avec les alli\u00e9s de l\u2019OTAN et de l\u2019Union europ\u00e9enne. La Roumanie, de son c\u00f4t\u00e9, a rapidement pris ses distances en d\u00e9clarant qu\u2019elle ne soutenait pas la mise en place d\u2019une telle zone.<\/p>\n<p>Ce d\u00e9bat n\u2019est pas nouveau. Trois ans et demi plus t\u00f4t, Volodymyr Zelensky avait d\u00e9j\u00e0 sollicit\u00e9 une zone de ce type. L\u2019OTAN avait alors rejet\u00e9 la demande, craignant qu\u2019une telle mesure n\u2019entra\u00eene une escalade et n\u2019ouvre la voie \u00e0 un affrontement direct avec Moscou. Aujourd\u2019hui, le dilemme reste le m\u00eame : les \u00c9tats-Unis et le Pentagone redoutent toujours de voir \u00ab<em>une guerre par procuration se transformer en confrontation frontale<\/em>\u00bb, <a target=\"_blank\" href=\"https:\/\/www.nytimes.com\/2025\/09\/16\/world\/europe\/ukraine-nato-no-fly-zone-poland.html\" target=\"_blank\" rel=\"noopener\" title=\"\">rapporte le <em>New York Times<\/em><\/a> citant Michael R. Carpenter, ancien ambassadeur des \u00c9tats-Unis aupr\u00e8s de l\u2019Organisation pour la s\u00e9curit\u00e9 et la coop\u00e9ration en Europe.<\/p>\n<p>Ce qui frappe, c\u2019est la rapidit\u00e9 avec laquelle le d\u00e9bat s\u2019enflamme \u00e0 Bruxelles et \u00e0 Varsovie, alors que des informations contraires se multiplient, confirmant que la Russie n\u2019a pas \u00e9t\u00e9 impliqu\u00e9e dans ces incidents. Toutefois, au lieu d\u2019attendre des \u00e9l\u00e9ments v\u00e9rifi\u00e9s, certains responsables politiques choisissent d\u2019exploiter la peur et de relancer des sc\u00e9narios d\u00e9j\u00e0 rejet\u00e9s par l\u2019OTAN il y a trois ans.<\/p>\n<p>La mise en place d\u2019une zone d\u2019exclusion a\u00e9rienne aurait des cons\u00e9quences consid\u00e9rables. Comme le souligne le quotidien am\u00e9ricain, elle exposerait l\u2019OTAN \u00e0 un risque direct d\u2019affrontement avec Moscou. De plus, elle mettrait en lumi\u00e8re les limites militaires des pays europ\u00e9ens : leurs forces a\u00e9riennes ne disposent ni des effectifs ni des stocks n\u00e9cessaires pour abattre syst\u00e9matiquement des essaims de drones modernes.<\/p>\n<p>La disproportion des moyens est flagrante. Chaque missile lanc\u00e9 par un avion de chasse co\u00fbte plus d\u2019un million de dollars, alors que les drones employ\u00e9s valent seulement quelques dizaines de milliers, voire moins. D\u00e9penser de telles sommes pour neutraliser des engins de faible valeur conduirait \u00e0 un \u00e9puisement rapide des arsenaux.<\/p>\n<p>Dans la nuit du 9 au 10 septembre, l\u2019arm\u00e9e polonaise a signal\u00e9 une violation de l\u2019espace a\u00e9rien du pays. Le Premier ministre polonais, Donald Tusk, a imm\u00e9diatement point\u00e9 du doigt la Russie, \u00e9voquant un nombre consid\u00e9rable de drones russes, \u00e0 savoir dix-neuf. Le repr\u00e9sentant russe en Pologne, Andre\u00ef Ordach, convoqu\u00e9 au minist\u00e8re polonais des Affaires \u00e9trang\u00e8res \u00e0 la suite de cet incident, a d\u00e9clar\u00e9 que Varsovie n\u2019avait fourni aucune preuve de l\u2019origine russe des drones abattus. Il a soulign\u00e9 que la Russie n\u2019avait aucun int\u00e9r\u00eat \u00e0 une escalade avec la Pologne et a affirm\u00e9 que les drones venaient d\u2019Ukraine.<\/p>\n<p>\u00c0 la suite des accusations retentissantes de la Pologne concernant la violation de son espace a\u00e9rien par la Russie, une enqu\u00eate du parquet de Lublin a conclu qu\u2019un missile de l\u2019arm\u00e9e polonaise pourrait \u00eatre \u00e0 l\u2019origine des d\u00e9g\u00e2ts pr\u00e8s de la fronti\u00e8re entre la Bi\u00e9lorussie et la Pologne, et non un drone russe.<\/p>\n<p>source : <a target=\"_blank\" href=\"https:\/\/francais.rt.com\/international\/125368-zone-dexclusion-aerienne-dessus-ukraine-illusion-solution-pour-europe\" target=\"_blank\" rel=\"noopener\" title=\"\">RT France<\/a><\/p>\n<div class=\"sharedaddy sd-block sd-like jetpack-likes-widget-wrapper jetpack-likes-widget-unloaded\" id=\"like-post-wrapper-237719536-483266-68cbf048cd326\" data-src=\"https:\/\/widgets.wp.com\/likes\/?ver=15.0#blog_id=237719536&amp;post_id=483266&amp;origin=reseauinternational.net&amp;obj_id=237719536-483266-68cbf048cd326\" data-name=\"like-post-frame-237719536-483266-68cbf048cd326\" data-title=\"Aimer ou rebloguer\">\n<h3 class=\"sd-title\">J\u2019aime \u00e7a\u00a0:<\/h3>\n<p><span class=\"button\"><span>J\u2019aime<\/span><\/span> <span class=\"loading\">chargement\u2026<\/span><\/p>\n<p><span class=\"sd-text-color\"\/><a target=\"_blank\" class=\"sd-link-color\"\/><\/div>\n<p><meta itemscope=\"\" itemprop=\"mainEntityOfPage\" itemtype=\"https:\/\/schema.org\/WebPage\" itemid=\"https:\/\/reseauinternational.net\/zone-dexclusion-aerienne-au-dessus-de-lukraine-lillusion-dune-solution-pour-leurope\/\"\/><meta itemprop=\"headline\" content=\"Zone d\u2019exclusion a\u00e9rienne au-dessus de l\u2019Ukraine : l\u2019illusion d\u2019une solution pour l\u2019Europe\"\/><span style=\"display: none;\" itemprop=\"author\" itemscope=\"\" itemtype=\"https:\/\/schema.org\/Person\"><meta itemprop=\"name\" content=\"R\u00e9seau International\"\/><\/span><span style=\"display: none;\" itemprop=\"image\" itemscope=\"\" itemtype=\"https:\/\/schema.org\/ImageObject\"><meta itemprop=\"url\" content=\"https:\/\/i0.wp.com\/reseauinternational.net\/wp-content\/uploads\/2025\/09\/Sans-titre-14-9.png?fit=800%2C450&amp;quality=100&amp;ssl=1\"\/><meta itemprop=\"width\" content=\"800\"\/><meta itemprop=\"height\" content=\"450\"\/><\/span><span style=\"display: none;\" itemprop=\"publisher\" itemscope=\"\" itemtype=\"https:\/\/schema.org\/Organization\"><span style=\"display: none;\" itemprop=\"logo\" itemscope=\"\" itemtype=\"https:\/\/schema.org\/ImageObject\"><meta itemprop=\"url\" content=\"https:\/\/reseauinternational.net\/wp-content\/uploads\/2022\/06\/Capture-de\u0301cran-2022-06-14-a\u0300-16.51.07.png\"\/><\/span><meta itemprop=\"name\" content=\"R\u00e9seau International\"\/><\/span><meta itemprop=\"datePublished\" content=\"2025-09-18T12:53:37+00:00\"\/><meta itemprop=\"dateModified\" content=\"2025-09-18T12:54:33+00:00\"\/><\/div>\n<p><br \/>\n<br \/><a href=\"https:\/\/reseauinternational.net\/zone-dexclusion-aerienne-au-dessus-de-lukraine-lillusion-dune-solution-pour-leurope\/\" target=\"_blank\"\">Source link <\/a><\/p>\n","protected":false},"excerpt":{"rendered":"<p>Campagne de dons Septembre \u2013 Octobre 2025 Chers amis lecteurs, Nous faisons \u00e0 nouveau appel \u00e0 vous pour une nouvelle campagne de dons. Votre soutien nous est indispensable pour continuer&hellip; <\/p>\n","protected":false},"author":1,"featured_media":16108,"comment_status":"open","ping_status":"open","sticky":false,"template":"","format":"standard","meta":{"footnotes":""},"categories":[1],"tags":[],"class_list":["post-16107","post","type-post","status-publish","format-standard","has-post-thumbnail","hentry","category-non-classe"],"_links":{"self":[{"href":"https:\/\/monde25.info\/index.php\/wp-json\/wp\/v2\/posts\/16107","targetHints":{"allow":["GET"]}}],"collection":[{"href":"https:\/\/monde25.info\/index.php\/wp-json\/wp\/v2\/posts"}],"about":[{"href":"https:\/\/monde25.info\/index.php\/wp-json\/wp\/v2\/types\/post"}],"author":[{"embeddable":true,"href":"https:\/\/monde25.info\/index.php\/wp-json\/wp\/v2\/users\/1"}],"replies":[{"embeddable":true,"href":"https:\/\/monde25.info\/index.php\/wp-json\/wp\/v2\/comments?post=16107"}],"version-history":[{"count":0,"href":"https:\/\/monde25.info\/index.php\/wp-json\/wp\/v2\/posts\/16107\/revisions"}],"wp:featuredmedia":[{"embeddable":true,"href":"https:\/\/monde25.info\/index.php\/wp-json\/wp\/v2\/media\/16108"}],"wp:attachment":[{"href":"https:\/\/monde25.info\/index.php\/wp-json\/wp\/v2\/media?parent=16107"}],"wp:term":[{"taxonomy":"category","embeddable":true,"href":"https:\/\/monde25.info\/index.php\/wp-json\/wp\/v2\/categories?post=16107"},{"taxonomy":"post_tag","embeddable":true,"href":"https:\/\/monde25.info\/index.php\/wp-json\/wp\/v2\/tags?post=16107"}],"curies":[{"name":"wp","href":"https:\/\/api.w.org\/{rel}","templated":true}]}}