{"id":16113,"date":"2025-09-18T15:24:45","date_gmt":"2025-09-18T13:24:45","guid":{"rendered":"https:\/\/monde25.info\/index.php\/2025\/09\/18\/une-juge-ordonne-lexpulsion-de-mahmoud-khalil-militant-propalestinien-de-columbia-rt-en-francais\/"},"modified":"2025-09-18T15:24:45","modified_gmt":"2025-09-18T13:24:45","slug":"une-juge-ordonne-lexpulsion-de-mahmoud-khalil-militant-propalestinien-de-columbia-rt-en-francais","status":"publish","type":"post","link":"https:\/\/monde25.info\/index.php\/2025\/09\/18\/une-juge-ordonne-lexpulsion-de-mahmoud-khalil-militant-propalestinien-de-columbia-rt-en-francais\/","title":{"rendered":"une juge ordonne l\u2019expulsion de Mahmoud Khalil, militant propalestinien de Columbia \u2014 RT en fran\u00e7ais"},"content":{"rendered":"<p> <br \/>\n<br \/><img decoding=\"async\" src=\"https:\/\/mf.b37mrtl.ru\/french\/images\/2025.09\/thumbnail\/68cbcd7a6f7ccc152c22ce55.jpg\" \/><\/p>\n<div>\n<p class=\"text__summary\">\n                                        Une juge de Louisiane a statu\u00e9, le 12 septembre, sur l\u2019expulsion du militant propalestinien Mahmoud Khalil, ancien \u00e9tudiant de Columbia, en raison d\u2019irr\u00e9gularit\u00e9s dans sa demande de s\u00e9jour. Il pourrait \u00eatre renvoy\u00e9 vers l\u2019Alg\u00e9rie ou la Syrie. La d\u00e9cision, contest\u00e9e par ses soutiens, demeure susceptible d\u2019appel.\n                                    <\/p>\n<p>Le 12 septembre, la juge Jamee Comans a ordonn\u00e9 l\u2019expulsion de Mahmoud Khalil, figure embl\u00e9matique des manifestations propalestiniennes sur le campus de l\u2019universit\u00e9 Columbia, \u00e0 New York. L\u2019arr\u00eat, rendu public le 17 septembre, pr\u00e9voit son renvoi vers l\u2019Alg\u00e9rie ou, \u00e0 d\u00e9faut, vers la Syrie, son pays de naissance.<\/p>\n<p>L\u2019affaire repose sur une irr\u00e9gularit\u00e9 relev\u00e9e dans son dossier de r\u00e9sidence permanente. Selon la magistrate, la demande de titre de s\u00e9jour comportait des d\u00e9clarations jug\u00e9es volontairement inexactes, et non de simples erreurs administratives.<\/p>\n<p>N\u00e9 en Syrie de parents palestiniens, Khalil est titulaire d\u2019une carte verte am\u00e9ricaine. Il avait \u00e9t\u00e9 arr\u00eat\u00e9 en mars par les services f\u00e9d\u00e9raux de l\u2019immigration (ICE) \u00e0 New York, puis d\u00e9tenu en Louisiane jusqu\u2019en juin, avant d\u2019\u00eatre remis en libert\u00e9 sous contr\u00f4le. Malgr\u00e9 cette lib\u00e9ration, la proc\u00e9dure d\u2019expulsion est rest\u00e9e ouverte.<\/p>\n<p>Militant actif, Khalil est devenu un symbole des mobilisations \u00e9tudiantes en faveur de la cause palestinienne. Son cas a rapidement pris une dimension nationale, dans un contexte politique o\u00f9 l\u2019administration du pr\u00e9sident Donald Trump multiplie les mesures contre les mouvements de soutien \u00e0 la Palestine sur les campus.<\/p>\n<p>Pour ses d\u00e9tracteurs, Mahmoud Khalil est un proche du Hamas, accusation qu\u2019il rejette fermement. Ses avocats et soutiens d\u00e9noncent de leur c\u00f4t\u00e9 une instrumentalisation politique destin\u00e9e \u00e0 r\u00e9duire au silence une voix critique. L\u2019int\u00e9ress\u00e9, r\u00e9cemment dipl\u00f4m\u00e9, a rappel\u00e9 qu\u2019il exer\u00e7ait son droit \u00e0 la libert\u00e9 d\u2019expression et consid\u00e9rait la d\u00e9cision comme une \u00ab mesure de r\u00e9torsion \u00bb.<\/p>\n<\/div>\n<p><br \/>\n<br \/><a href=\"https:\/\/francais.rt.com\/international\/125398-etats-unis-juge-ordonne-expulsion-mahmoud-khalil\" target=\"_blank\"\">Source link <\/a><\/p>\n","protected":false},"excerpt":{"rendered":"<p>Une juge de Louisiane a statu\u00e9, le 12 septembre, sur l\u2019expulsion du militant propalestinien Mahmoud Khalil, ancien \u00e9tudiant de Columbia, en raison d\u2019irr\u00e9gularit\u00e9s dans sa demande de s\u00e9jour. Il pourrait&hellip; <\/p>\n","protected":false},"author":1,"featured_media":16114,"comment_status":"open","ping_status":"open","sticky":false,"template":"","format":"standard","meta":{"footnotes":""},"categories":[1],"tags":[],"class_list":["post-16113","post","type-post","status-publish","format-standard","has-post-thumbnail","hentry","category-non-classe"],"_links":{"self":[{"href":"https:\/\/monde25.info\/index.php\/wp-json\/wp\/v2\/posts\/16113","targetHints":{"allow":["GET"]}}],"collection":[{"href":"https:\/\/monde25.info\/index.php\/wp-json\/wp\/v2\/posts"}],"about":[{"href":"https:\/\/monde25.info\/index.php\/wp-json\/wp\/v2\/types\/post"}],"author":[{"embeddable":true,"href":"https:\/\/monde25.info\/index.php\/wp-json\/wp\/v2\/users\/1"}],"replies":[{"embeddable":true,"href":"https:\/\/monde25.info\/index.php\/wp-json\/wp\/v2\/comments?post=16113"}],"version-history":[{"count":0,"href":"https:\/\/monde25.info\/index.php\/wp-json\/wp\/v2\/posts\/16113\/revisions"}],"wp:featuredmedia":[{"embeddable":true,"href":"https:\/\/monde25.info\/index.php\/wp-json\/wp\/v2\/media\/16114"}],"wp:attachment":[{"href":"https:\/\/monde25.info\/index.php\/wp-json\/wp\/v2\/media?parent=16113"}],"wp:term":[{"taxonomy":"category","embeddable":true,"href":"https:\/\/monde25.info\/index.php\/wp-json\/wp\/v2\/categories?post=16113"},{"taxonomy":"post_tag","embeddable":true,"href":"https:\/\/monde25.info\/index.php\/wp-json\/wp\/v2\/tags?post=16113"}],"curies":[{"name":"wp","href":"https:\/\/api.w.org\/{rel}","templated":true}]}}