{"id":16115,"date":"2025-09-18T15:58:00","date_gmt":"2025-09-18T13:58:00","guid":{"rendered":"https:\/\/monde25.info\/index.php\/2025\/09\/18\/la-gauche-italienne-a-la-reconquete-de-ses-terres-passees-a-lextreme-droite\/"},"modified":"2025-09-18T15:58:00","modified_gmt":"2025-09-18T13:58:00","slug":"la-gauche-italienne-a-la-reconquete-de-ses-terres-passees-a-lextreme-droite","status":"publish","type":"post","link":"https:\/\/monde25.info\/index.php\/2025\/09\/18\/la-gauche-italienne-a-la-reconquete-de-ses-terres-passees-a-lextreme-droite\/","title":{"rendered":"La gauche italienne \u00e0 la reconqu\u00eate de ses terres pass\u00e9es \u00e0 l\u2019extr\u00eame droite"},"content":{"rendered":"<p> <br \/>\n<br \/>Sept r\u00e9gions vont \u00e9lire cet automne leurs nouveaux conseillers, et la r\u00e9gion des Marches, dans le centre-est de l\u2019Italie, est la premi\u00e8re \u00e0 voter. La gauche y fait front commun, et entend bien reprendre l\u2019avantage sur la coalition men\u00e9e par la premi\u00e8re ministre Giorgia Meloni.<br \/>\n<br \/><br \/>\n<br \/><a href=\"https:\/\/www.mediapart.fr\/journal\/international\/180925\/la-gauche-italienne-la-reconquete-de-ses-terres-passees-l-extreme-droite\" target=\"_blank\"\">Source link <\/a><\/p>\n","protected":false},"excerpt":{"rendered":"<p>Sept r\u00e9gions vont \u00e9lire cet automne leurs nouveaux conseillers, et la r\u00e9gion des Marches, dans le centre-est de l\u2019Italie, est la premi\u00e8re \u00e0 voter. La gauche y fait front commun,&hellip; <\/p>\n","protected":false},"author":1,"featured_media":16116,"comment_status":"open","ping_status":"open","sticky":false,"template":"","format":"standard","meta":{"footnotes":""},"categories":[1],"tags":[],"class_list":["post-16115","post","type-post","status-publish","format-standard","has-post-thumbnail","hentry","category-non-classe"],"_links":{"self":[{"href":"https:\/\/monde25.info\/index.php\/wp-json\/wp\/v2\/posts\/16115","targetHints":{"allow":["GET"]}}],"collection":[{"href":"https:\/\/monde25.info\/index.php\/wp-json\/wp\/v2\/posts"}],"about":[{"href":"https:\/\/monde25.info\/index.php\/wp-json\/wp\/v2\/types\/post"}],"author":[{"embeddable":true,"href":"https:\/\/monde25.info\/index.php\/wp-json\/wp\/v2\/users\/1"}],"replies":[{"embeddable":true,"href":"https:\/\/monde25.info\/index.php\/wp-json\/wp\/v2\/comments?post=16115"}],"version-history":[{"count":0,"href":"https:\/\/monde25.info\/index.php\/wp-json\/wp\/v2\/posts\/16115\/revisions"}],"wp:featuredmedia":[{"embeddable":true,"href":"https:\/\/monde25.info\/index.php\/wp-json\/wp\/v2\/media\/16116"}],"wp:attachment":[{"href":"https:\/\/monde25.info\/index.php\/wp-json\/wp\/v2\/media?parent=16115"}],"wp:term":[{"taxonomy":"category","embeddable":true,"href":"https:\/\/monde25.info\/index.php\/wp-json\/wp\/v2\/categories?post=16115"},{"taxonomy":"post_tag","embeddable":true,"href":"https:\/\/monde25.info\/index.php\/wp-json\/wp\/v2\/tags?post=16115"}],"curies":[{"name":"wp","href":"https:\/\/api.w.org\/{rel}","templated":true}]}}