{"id":16117,"date":"2025-09-18T16:30:35","date_gmt":"2025-09-18T14:30:35","guid":{"rendered":"https:\/\/monde25.info\/index.php\/2025\/09\/18\/aux-journalistes-en-mal-dinspiration\/"},"modified":"2025-09-18T16:30:35","modified_gmt":"2025-09-18T14:30:35","slug":"aux-journalistes-en-mal-dinspiration","status":"publish","type":"post","link":"https:\/\/monde25.info\/index.php\/2025\/09\/18\/aux-journalistes-en-mal-dinspiration\/","title":{"rendered":"Aux journalistes en mal d&rsquo;inspiration"},"content":{"rendered":"<p> <br \/>\n<\/p>\n<div itemprop=\"articleBody\" id=\"variation\"><span style=\"word-wrap:break-word;\"><\/p>\n<p>Aux journalistes actuellement \u00ab\u00a0\u00e0 la ramasse\u00a0\u00bb qui interrogent sans conviction, et en les triant selon leurs r\u00e9ponses, les personnes qui sont \u00ab\u00a0p\u00e9nalis\u00e9es\u00a0\u00bb, les jours de gr\u00e8ve, par l\u2019absence de transport en commun, ou bien la fermeture des cantines scolaires\u00a0\u2013\u00a0ces jours l\u00e0\u00a0\u2013\u00a0; je sugg\u00e8re de poser les questions suivantes \u00e0 leurs interview\u00e9s\u00a0:<\/p>\n<p>1) Et vous, pourquoi ne faites-vous pas gr\u00e8ve\u00a0? Etes-vous content de votre situation\u00a0?<\/p>\n<p>2) Si les gr\u00e9vistes obtiennent satisfaction, profiterez-vous\/accepterez-vous de b\u00e9n\u00e9ficier de ce qu\u2019ils auront gagn\u00e9 par leurs actions, et aussi la perte de leur salaire pendant les jours de gr\u00e8ve\u00a0?<\/p>\n<p>Autre suggestion\u00a0:<\/p>\n<p>Allez, en dehors des jours de gr\u00e8ve (!) interroger les usagers m\u00e9contents des services publics lorsque ceux-ci ne marchent pas, ou tr\u00e8s mal\u00a0:\u00a0absence (ou retard) des trains, absence de profs et renvoi des \u00e9l\u00e8ves chez eux, bureaux de poste surcharg\u00e9s, absence de m\u00e9decins\/professeurs\/sp\u00e9cialistes dans les h\u00f4pitaux, qualit\u00e9 d\u2019accueil dans les halls des administrations, etc. Aller interroger les usagers pour recueillir leurs sentiments, r\u00e9actions et demandes.<\/p>\n<p><\/span><\/div>\n<p><br \/>\n<br \/><a href=\"https:\/\/www.legrandsoir.info\/aux-journalistes-en-mal-d-inspiration.html\" target=\"_blank\"\">Source link <\/a><\/p>\n","protected":false},"excerpt":{"rendered":"<p>Aux journalistes actuellement \u00ab\u00a0\u00e0 la ramasse\u00a0\u00bb qui interrogent sans conviction, et en les triant selon leurs r\u00e9ponses, les personnes qui sont \u00ab\u00a0p\u00e9nalis\u00e9es\u00a0\u00bb, les jours de gr\u00e8ve, par l\u2019absence de transport&hellip; <\/p>\n","protected":false},"author":1,"featured_media":16118,"comment_status":"open","ping_status":"open","sticky":false,"template":"","format":"standard","meta":{"footnotes":""},"categories":[1],"tags":[],"class_list":["post-16117","post","type-post","status-publish","format-standard","has-post-thumbnail","hentry","category-non-classe"],"_links":{"self":[{"href":"https:\/\/monde25.info\/index.php\/wp-json\/wp\/v2\/posts\/16117","targetHints":{"allow":["GET"]}}],"collection":[{"href":"https:\/\/monde25.info\/index.php\/wp-json\/wp\/v2\/posts"}],"about":[{"href":"https:\/\/monde25.info\/index.php\/wp-json\/wp\/v2\/types\/post"}],"author":[{"embeddable":true,"href":"https:\/\/monde25.info\/index.php\/wp-json\/wp\/v2\/users\/1"}],"replies":[{"embeddable":true,"href":"https:\/\/monde25.info\/index.php\/wp-json\/wp\/v2\/comments?post=16117"}],"version-history":[{"count":0,"href":"https:\/\/monde25.info\/index.php\/wp-json\/wp\/v2\/posts\/16117\/revisions"}],"wp:featuredmedia":[{"embeddable":true,"href":"https:\/\/monde25.info\/index.php\/wp-json\/wp\/v2\/media\/16118"}],"wp:attachment":[{"href":"https:\/\/monde25.info\/index.php\/wp-json\/wp\/v2\/media?parent=16117"}],"wp:term":[{"taxonomy":"category","embeddable":true,"href":"https:\/\/monde25.info\/index.php\/wp-json\/wp\/v2\/categories?post=16117"},{"taxonomy":"post_tag","embeddable":true,"href":"https:\/\/monde25.info\/index.php\/wp-json\/wp\/v2\/tags?post=16117"}],"curies":[{"name":"wp","href":"https:\/\/api.w.org\/{rel}","templated":true}]}}