{"id":16119,"date":"2025-09-18T17:03:39","date_gmt":"2025-09-18T15:03:39","guid":{"rendered":"https:\/\/monde25.info\/index.php\/2025\/09\/18\/je-viens-vous-demander-de-me-faire-avorter-le-monde-diplomatique-novembre-2022\/"},"modified":"2025-09-18T17:03:39","modified_gmt":"2025-09-18T15:03:39","slug":"je-viens-vous-demander-de-me-faire-avorter-le-monde-diplomatique-novembre-2022","status":"publish","type":"post","link":"https:\/\/monde25.info\/index.php\/2025\/09\/18\/je-viens-vous-demander-de-me-faire-avorter-le-monde-diplomatique-novembre-2022\/","title":{"rendered":"\u00ab Je viens vous demander de me faire avorter \u00bb (Le Monde diplomatique, novembre 2022)"},"content":{"rendered":"<p> <br \/>\n<\/p>\n<div>\n<figure class=\"spip_document_30567 spip_documents spip_documents_center justecol\" style=\"width:650px;\">\n<div class=\"limage\">\n<p>            <img loading=\"lazy\" decoding=\"async\" src=\"https:\/\/www.monde-diplomatique.fr\/\/local\/cache-vignettes\/L650xH1128\/img014-1-2-2-f5b48.jpg?1666878327\" width=\"650\" alt=\"\" height=\"1128\"\/><\/p><\/div>\n<\/figure>\n<p><strong>29\u00a0novembre 1972<\/strong><\/p>\n<p>Docteur,<\/p>\n<p>Je viens par ce petit mot vous faire part de mon probl\u00e8me.<\/p>\n<p>Voil\u00e0, je suis enceinte de trois semaines. J\u2019ai d\u00e9j\u00e0 trois gar\u00e7ons et je n\u2019ai que 25\u00a0ans. Je ne voudrais pas le garder, car trois, j\u2019estime que j\u2019en ai assez. Mon mari ne le sait pas. Je viens vous voir [pour savoir] si vous ne pourriez pas m\u2019avorter. Dites-moi combien vous prenez, car, vous savez, je ne suis pas bien riche. Dites-moi si vous pouvez m\u2019avorter. Je vous remercie d\u2019avance.<\/p>\n<figure class=\"spip_document_30568 spip_documents spip_documents_center justecol\" style=\"width:650px;\">\n<div class=\"limage\">\n<p>            <img loading=\"lazy\" decoding=\"async\" src=\"https:\/\/www.monde-diplomatique.fr\/\/local\/cache-vignettes\/L650xH569\/img014-3-17-c96bc.jpg?1666878327\" width=\"650\" alt=\"\" height=\"569\"\/><\/p><\/div>\n<\/figure>\n<p><strong>Petite ville de province, 4\u00a0f\u00e9vrier 1973<\/strong><\/p>\n<p>Monsieur le Professeur,<\/p>\n<p>En lisant mon quotidien, je viens de d\u00e9couvrir un article de vous au sujet de l\u2019avortement, c\u2019est pourquoi je me permets de m\u2019adresser \u00e0 vous.<\/p>\n<p>Je n\u2019ai encore consult\u00e9 aucun docteur, mais pas mal de sympt\u00f4mes me prouvent que j\u2019attends un troisi\u00e8me enfant. J\u2019en serais en cours de mon second mois, ce qui me met bien en peine.<\/p>\n<p>J\u2019ai d\u00e9j\u00e0 deux filles (\u2026) et viens juste de reprendre mon travail. J\u2019ai mon mari malade (\u2026) qui exerce son m\u00e9tier avec difficult\u00e9. L\u2019ann\u00e9e pass\u00e9e, il est rest\u00e9 [plusieurs] mois sans travailler. De plus, nous avons une maison en construction, nous devrons cesser tous travaux si je dois arr\u00eater mon travail. Tout cela me met le moral au plus bas, je ne cesse de penser \u00e0 ce qui m\u2019arrive.<\/p>\n<p>Aujourd\u2019hui, en vous \u00e9crivant, il me semble que je revis, car gr\u00e2ce \u00e0 vous, j\u2019esp\u00e8re \u00eatre lib\u00e9r\u00e9e de mes ennuis.<\/p>\n<p>Que dois-je faire<small class=\"fine\">\u00a0<\/small>? Prendre un rendez-vous avec vous ou pourriez-vous m\u2019indiquer un docteur de votre avis pour me faire arr\u00eater cette grossesse<small class=\"fine\">\u00a0<\/small>? Je suivrai vos conseils<small class=\"fine\">\u00a0<\/small>!<\/p>\n<p>Je vous joins une enveloppe timbr\u00e9e pour la r\u00e9ponse que j\u2019attends avec impatience. Mon mari est tout \u00e0 fait d\u2019accord.<\/p>\n<p>Recevez, professeur, mes sinc\u00e8res salutations.<\/p>\n<p>Madame A<\/p>\n<blockquote class=\"spip\">\n<p> <strong>M.\u00a0Milliez.<\/strong> \u2014 Si Mme\u00a0Chevalier \u00e9tait venue me trouver, je l\u2019aurais s\u00fbrement aid\u00e9e. Car, vivant depuis quarante ans le m\u00e9tier de m\u00e9decin, j\u2019ai eu connaissance d\u2019un nombre de cas dramatiques comme le sien et je crois que j\u2019ai\u00a0(&#8230;)<\/p>\n<\/blockquote><\/div>\n<p>Taille de l\u2019article complet\u00a0:\u00a0<span>2\u00a0406<\/span>\u00a0mots.<\/p>\n<p><br \/>\n<br \/><a href=\"https:\/\/www.monde-diplomatique.fr\/2022\/11\/A\/65222\" target=\"_blank\"\">Source link <\/a><\/p>\n","protected":false},"excerpt":{"rendered":"<p>29\u00a0novembre 1972 Docteur, Je viens par ce petit mot vous faire part de mon probl\u00e8me. Voil\u00e0, je suis enceinte de trois semaines. J\u2019ai d\u00e9j\u00e0 trois gar\u00e7ons et je n\u2019ai que&hellip; <\/p>\n","protected":false},"author":1,"featured_media":16120,"comment_status":"open","ping_status":"open","sticky":false,"template":"","format":"standard","meta":{"footnotes":""},"categories":[1],"tags":[],"class_list":["post-16119","post","type-post","status-publish","format-standard","has-post-thumbnail","hentry","category-non-classe"],"_links":{"self":[{"href":"https:\/\/monde25.info\/index.php\/wp-json\/wp\/v2\/posts\/16119","targetHints":{"allow":["GET"]}}],"collection":[{"href":"https:\/\/monde25.info\/index.php\/wp-json\/wp\/v2\/posts"}],"about":[{"href":"https:\/\/monde25.info\/index.php\/wp-json\/wp\/v2\/types\/post"}],"author":[{"embeddable":true,"href":"https:\/\/monde25.info\/index.php\/wp-json\/wp\/v2\/users\/1"}],"replies":[{"embeddable":true,"href":"https:\/\/monde25.info\/index.php\/wp-json\/wp\/v2\/comments?post=16119"}],"version-history":[{"count":0,"href":"https:\/\/monde25.info\/index.php\/wp-json\/wp\/v2\/posts\/16119\/revisions"}],"wp:featuredmedia":[{"embeddable":true,"href":"https:\/\/monde25.info\/index.php\/wp-json\/wp\/v2\/media\/16120"}],"wp:attachment":[{"href":"https:\/\/monde25.info\/index.php\/wp-json\/wp\/v2\/media?parent=16119"}],"wp:term":[{"taxonomy":"category","embeddable":true,"href":"https:\/\/monde25.info\/index.php\/wp-json\/wp\/v2\/categories?post=16119"},{"taxonomy":"post_tag","embeddable":true,"href":"https:\/\/monde25.info\/index.php\/wp-json\/wp\/v2\/tags?post=16119"}],"curies":[{"name":"wp","href":"https:\/\/api.w.org\/{rel}","templated":true}]}}