{"id":16121,"date":"2025-09-18T17:36:41","date_gmt":"2025-09-18T15:36:41","guid":{"rendered":"https:\/\/monde25.info\/index.php\/2025\/09\/18\/la-fumee-des-feux-de-foret-pourrait-causer-14-million-de-morts-dici-a-2100\/"},"modified":"2025-09-18T17:36:41","modified_gmt":"2025-09-18T15:36:41","slug":"la-fumee-des-feux-de-foret-pourrait-causer-14-million-de-morts-dici-a-2100","status":"publish","type":"post","link":"https:\/\/monde25.info\/index.php\/2025\/09\/18\/la-fumee-des-feux-de-foret-pourrait-causer-14-million-de-morts-dici-a-2100\/","title":{"rendered":"La fum\u00e9e des feux de for\u00eat pourrait causer 1,4\u00a0million de morts d&#039;ici \u00e0 2100"},"content":{"rendered":"<p> <br \/>\n<br \/><img loading=\"lazy\" decoding=\"async\" src=\"https:\/\/reporterre.net\/local\/cache-vignettes\/L700xH467\/forest-fire_1_-07a2f.jpg?1758207601\" class=\"spip_logo\" width=\"700\" height=\"467\" alt=\"\" \/><\/p>\n<p>Les feux de for\u00eat n&rsquo;ont pas fini de faire des ravages sanitaires. Dans le cadre de deux \u00e9tudes publi\u00e9es le 18\u00a0septembre dans la revue scientifique Nature, des chercheurs ont estim\u00e9 le nombre de morts qui pourraient \u00eatre provoqu\u00e9es par les feux de for\u00eat dans les prochaines ann\u00e9es, sous l&rsquo;effet du changement climatique. <br class=\"autobr\" \/><br \/>\nD&rsquo;apr\u00e8s les projections de la premi\u00e8re d&rsquo;entre elles, les \u00e9missions de dioxyde de carbone dues aux feux de for\u00eat pourraient augmenter de 23<small class=\"fine d-inline\">\u00a0<\/small>% d&rsquo;ici \u00e0 la fin du si\u00e8cle (dans\u00a0(\u2026)<\/p>\n<p>                    <a target=\"_blank\" href=\"https:\/\/reporterre.net\/La-fumee-des-feux-de-foret-pourrait-causer-1-4-million-de-morts-d-ici-a-2100?utm_source=RSS&amp;utm_medium=RSS\">Lire la suite<\/a><\/p>\n<p>                    &#8211;<br \/>\n                        <a target=\"_blank\" href=\"https:\/\/reporterre.net\/Breves-20\" rel=\"directory\">En bref<\/a><\/p>\n<p>                    \/<br \/>\n                        <a target=\"_blank\" href=\"https:\/\/reporterre.net\/Sante\" rel=\"tag\">Sant\u00e9<\/a><br \/>\n                    ,<br \/>\n                        <a target=\"_blank\" href=\"https:\/\/reporterre.net\/Megafeux\" rel=\"tag\">Incendies<\/a><br \/>\n<br \/><br \/>\n<br \/><a href=\"https:\/\/reporterre.net\/La-fumee-des-feux-de-foret-pourrait-causer-1-4-million-de-morts-d-ici-a-2100\" target=\"_blank\"\">Source link <\/a><\/p>\n","protected":false},"excerpt":{"rendered":"<p>Les feux de for\u00eat n&rsquo;ont pas fini de faire des ravages sanitaires. Dans le cadre de deux \u00e9tudes publi\u00e9es le 18\u00a0septembre dans la revue scientifique Nature, des chercheurs ont estim\u00e9&hellip; <\/p>\n","protected":false},"author":1,"featured_media":0,"comment_status":"open","ping_status":"open","sticky":false,"template":"","format":"standard","meta":{"footnotes":""},"categories":[1],"tags":[],"class_list":["post-16121","post","type-post","status-publish","format-standard","hentry","category-non-classe"],"_links":{"self":[{"href":"https:\/\/monde25.info\/index.php\/wp-json\/wp\/v2\/posts\/16121","targetHints":{"allow":["GET"]}}],"collection":[{"href":"https:\/\/monde25.info\/index.php\/wp-json\/wp\/v2\/posts"}],"about":[{"href":"https:\/\/monde25.info\/index.php\/wp-json\/wp\/v2\/types\/post"}],"author":[{"embeddable":true,"href":"https:\/\/monde25.info\/index.php\/wp-json\/wp\/v2\/users\/1"}],"replies":[{"embeddable":true,"href":"https:\/\/monde25.info\/index.php\/wp-json\/wp\/v2\/comments?post=16121"}],"version-history":[{"count":0,"href":"https:\/\/monde25.info\/index.php\/wp-json\/wp\/v2\/posts\/16121\/revisions"}],"wp:attachment":[{"href":"https:\/\/monde25.info\/index.php\/wp-json\/wp\/v2\/media?parent=16121"}],"wp:term":[{"taxonomy":"category","embeddable":true,"href":"https:\/\/monde25.info\/index.php\/wp-json\/wp\/v2\/categories?post=16121"},{"taxonomy":"post_tag","embeddable":true,"href":"https:\/\/monde25.info\/index.php\/wp-json\/wp\/v2\/tags?post=16121"}],"curies":[{"name":"wp","href":"https:\/\/api.w.org\/{rel}","templated":true}]}}