{"id":16122,"date":"2025-09-18T18:09:57","date_gmt":"2025-09-18T16:09:57","guid":{"rendered":"https:\/\/monde25.info\/index.php\/2025\/09\/18\/silence-reseau-international\/"},"modified":"2025-09-18T18:09:57","modified_gmt":"2025-09-18T16:09:57","slug":"silence-reseau-international","status":"publish","type":"post","link":"https:\/\/monde25.info\/index.php\/2025\/09\/18\/silence-reseau-international\/","title":{"rendered":"Silence &#8211; R\u00e9seau International"},"content":{"rendered":"<p> <br \/>\n<\/p>\n<div>\n<ol class=\"campaign-loop campaign-list\">\n<li id=\"campaign-482494\" class=\"post-482494 campaign type-campaign status-publish hentry campaign-has-goal campaign-has-not-achieved-goal campaign-has-end-date campaign-has-not-ended\">\n\t<a target=\"_blank\" href=\"https:\/\/reseauinternational.net\/campaigns\/campagne-de-dons-septembre-octobre-2025\/\"><\/p>\n<h3>Campagne de dons  Septembre \u2013 Octobre 2025<\/h3>\n<p>\t\t\t<\/a><\/p>\n<p>\n\tChers amis lecteurs, Nous faisons \u00e0 nouveau appel \u00e0 vous pour une nouvelle campagne de dons. Votre soutien nous est indispensable pour continuer \u00e0 vous fournir le meilleur de l\u2019information internationale alternative. C\u2019est gr\u00e2ce \u00e0 vos dons que nous pourrons maintenir le cap pour une information plurielle et r\u00e9ellement alternative. Nous comptons sur vous.<\/p>\n<p>\n<span class=\"amount\">360,00\u00a0\u20ac<\/span> de l\u2019objectif de <span class=\"goal-amount\">25 000,00\u00a0\u20ac<\/span> atteint<\/p>\n<\/li>\n<\/ol>\n<p>par <strong>Scott Ritter<\/strong><\/p>\n<p>\u00ab<em>Il est clair que l\u2019intention est de d\u00e9truire les Palestiniens \u00e0 Gaza par des actes qui r\u00e9pondent aux crit\u00e8res \u00e9nonc\u00e9s dans la Convention sur le g\u00e9nocide<\/em>\u00bb. \u2013 Conseil des droits de l\u2019homme des Nations unies.<\/p>\n<p>Mon p\u00e8re a f\u00eat\u00e9 ses 89 ans l\u2019autre jour.<\/p>\n<p>Il vit avec ma m\u00e8re dans une r\u00e9sidence m\u00e9dicalis\u00e9e dans le sud de la Californie. Ils ont d\u00e9m\u00e9nag\u00e9 l\u00e0-bas au d\u00e9but de l\u2019ann\u00e9e. Ils ont r\u00e9sist\u00e9 \u00e0 l\u2019id\u00e9e de d\u00e9m\u00e9nager, car cela repr\u00e9sentait pour eux une perte de souverainet\u00e9, pour ainsi dire. Mais ma m\u00e8re, qui a 91 ans, a des probl\u00e8mes de mobilit\u00e9, et mon p\u00e8re, qui souffre de d\u00e9mence, n\u2019\u00e9tait plus en mesure de la conduire en toute s\u00e9curit\u00e9 \u00e0 ses nombreux rendez-vous m\u00e9dicaux. Il a donc rendu ses cl\u00e9s de voiture, et ils ont quitt\u00e9 la maison o\u00f9 ils vivaient depuis deux d\u00e9cennies pour emm\u00e9nager dans un petit appartement o\u00f9 ils finiront leurs jours.<\/p>\n<p>N\u00e9 en 1936, mon p\u00e8re fait partie de ce qu\u2019on appellait \u00abla g\u00e9n\u00e9ration silencieuse\u00bb<em>,<\/em> cette partie de la soci\u00e9t\u00e9 am\u00e9ricaine n\u00e9e pendant la p\u00e9riode difficile de l\u2019histoire am\u00e9ricaine, de la Grande D\u00e9pression \u00e0 la Seconde Guerre mondiale. Il a atteint l\u2019\u00e2ge adulte \u00e0 une \u00e9poque o\u00f9 le rock\u2019n\u2019roll balayait l\u2019Am\u00e9rique, mais au lieu des Beatles et d\u2019Elvis, notre maison r\u00e9sonnait des chansons de Johnny Cash et des Tijuana Brass.<\/p>\n<p>Officier de carri\u00e8re dans l\u2019arm\u00e9e de l\u2019air, mon p\u00e8re \u00e9tait en th\u00e9orie apolitique. R\u00e9publicain convaincu, il a baptis\u00e9 notre premier chien, un magnifique braque de Weimar, Barry Goldwater, en l\u2019honneur du politicien conservateur dont il a soutenu la candidature \u00e0 la pr\u00e9sidence en 1964. Je ne sais pas s\u2019il \u00e9tait membre de la John Birch Society ou s\u2019il se contentait de d\u00e9battre de leurs id\u00e9es avec ma m\u00e8re autour de la table de la cuisine. Mais je sais qu\u2019il \u00e9tait tr\u00e8s conservateur.<\/p>\n<p>En 1967, il a \u00e9t\u00e9 envoy\u00e9 suivre le cours d\u2019officier d\u2019escadron, le cursus de carri\u00e8re de l\u2019arm\u00e9e de l\u2019air pour les capitaines, \u00e0 la base a\u00e9rienne de Maxwell, pr\u00e8s de Montgomery, en Alabama. Ma m\u00e8re \u00e9tait alors enceinte de celle qui allait devenir ma troisi\u00e8me s\u0153ur. Comme il n\u2019y avait pas de logement disponible sur la base, nous vivions dans un appartement lou\u00e9 dans un quartier d\u00e9favoris\u00e9 de la ville.<\/p>\n<p>Montgomery n\u2019\u00e9tait pas seulement la capitale de l\u2019Alabama, mais aussi la premi\u00e8re capitale de la Conf\u00e9d\u00e9ration. C\u2019\u00e9tait \u00e9galement la ville natale de Rosa Parks et de Martin Luther King Jr., qui y pr\u00eachait son engagement en faveur des droits civiques et de l\u2019\u00e9galit\u00e9 depuis l\u2019\u00e9glise baptiste de Dexter Avenue. Toutefois, en 1967, l\u2019Alabama \u00e9tait encore le fief de \u00abBull\u00bb Connor, un raciste blanc notoire, et m\u00eame si les bus de Montgomery n\u2019\u00e9taient plus s\u00e9gr\u00e9gu\u00e9s, le racisme institutionnalis\u00e9 demeurait omnipr\u00e9sent.<\/p>\n<p>Nous avons \u00e9t\u00e9 confront\u00e9s \u00e0 cette r\u00e9alit\u00e9 un soir d\u2019\u00e9t\u00e9 1967. Comme notre petit appartement au deuxi\u00e8me \u00e9tage n\u2019\u00e9tait pas climatis\u00e9, mes parents avaient laiss\u00e9 les fen\u00eatres ouvertes dans l\u2019espoir que la brise puisse dissiper la chaleur humide d\u2019une nuit d\u2019\u00e9t\u00e9 en Alabama. Nous \u00e9tions tous couch\u00e9s lorsque le silence de la soir\u00e9e a \u00e9t\u00e9 troubl\u00e9 par les cris per\u00e7ants d\u2019une femme en d\u00e9tresse. Je me souviens que mon p\u00e8re s\u2019est lev\u00e9 d\u2019un bond, a regard\u00e9 par la fen\u00eatre, puis a enfil\u00e9 un pantalon et un T-shirt avant de se pr\u00e9cipiter dehors en disant \u00e0 ma m\u00e8re : \u00ab<em>appelle la police<\/em>\u00bb.<\/p>\n<p>Pendant que ma m\u00e8re composait le num\u00e9ro, je me suis pr\u00e9cipit\u00e9 \u00e0 la fen\u00eatre pour regarder dehors. Sous notre appartement, \u00e0 la lueur blafarde d\u2019un r\u00e9verb\u00e8re au coin de la rue, deux hommes blancs agressaient une femme noire. Mon p\u00e8re est sorti de l\u2019immeuble au moment o\u00f9 les hommes s\u2019emparaient du sac \u00e0 main de la femme. Une fois leur butin en main, les hommes se sont enfuis dans une ruelle. Mon p\u00e8re a v\u00e9rifi\u00e9 que la femme allait bien, puis il s\u2019est pr\u00e9cipit\u00e9 \u00e0 la poursuite des deux hommes. Dans sa h\u00e2te de quitter l\u2019appartement, il n\u2019avait pas mis de chaussures et s\u2019est donc retrouv\u00e9 pieds nus, courant dans une ruelle jonch\u00e9e de d\u00e9tritus et de verre bris\u00e9.<\/p>\n<div class=\"wp-block-image\">\n<figure class=\"aligncenter size-full\"><a target=\"_blank\" href=\"https:\/\/i0.wp.com\/reseauinternational.net\/wp-content\/uploads\/2025\/09\/image-189.png?quality=100&amp;ssl=1\"><img data-recalc-dims=\"1\" decoding=\"async\" width=\"640\" height=\"480\" src=\"https:\/\/i0.wp.com\/reseauinternational.net\/wp-content\/uploads\/2025\/09\/image-189.png?resize=640%2C480&amp;quality=100&amp;ssl=1\" alt=\"\" class=\"wp-image-483368\" loading=\"lazy\" srcset=\"https:\/\/i0.wp.com\/reseauinternational.net\/wp-content\/uploads\/2025\/09\/image-189.png?w=640&amp;quality=100&amp;ssl=1 640w, https:\/\/i0.wp.com\/reseauinternational.net\/wp-content\/uploads\/2025\/09\/image-189.png?resize=300%2C225&amp;quality=100&amp;ssl=1 300w, https:\/\/i0.wp.com\/reseauinternational.net\/wp-content\/uploads\/2025\/09\/image-189.png?resize=378%2C283&amp;quality=100&amp;ssl=1 378w\" sizes=\"auto, (max-width: 640px) 100vw, 640px\"\/><\/a><\/figure>\n<\/div>\n<p class=\"has-text-align-center\"><em>\u00abBull\u00bb Connor, raciste am\u00e9rican<\/em><\/p>\n<p>La police de Montgomery est arriv\u00e9e rapidement sur les lieux, les gyrophares rouges de leur voiture de patrouille projetant des ombres inqui\u00e9tantes dans la rue d\u00e9serte, \u00e0 part cette femme noire qui se tenait au coin de la rue et que l\u2019on entendait pleurer. Les policiers, qui croyaient avoir re\u00e7u l\u2019appel d\u2019une femme blanche en d\u00e9tresse, ont \u00e9t\u00e9 contrari\u00e9s de constater qu\u2019ils s\u2019\u00e9taient d\u00e9plac\u00e9s pour une femme de couleur. Juste apr\u00e8s l\u2019arriv\u00e9e de la police, mon p\u00e8re est sorti en boitant de la ruelle, le sac \u00e0 main de la femme \u00e0 la main, les deux agresseurs l\u2019ayant laiss\u00e9 tomber en voyant qu\u2019ils \u00e9taient poursuivis.<\/p>\n<p>La femme noire a pris le sac \u00e0 main des mains de mon p\u00e8re et en a examin\u00e9 le contenu. Rien ne manquait. Mon p\u00e8re a commenc\u00e9 \u00e0 d\u00e9crire les deux hommes blancs qui avaient vol\u00e9 le sac \u00e0 main, mais la police l\u2019a interrompu. \u00ab<em>Il ne manque rien dans le sac \u00e0 main, donc il n\u2019y a rien \u00e0 signaler<\/em>\u00bb. Ils ont pri\u00e9 la femme noire de s\u2019en aller. Elle est partie en remerciant mon p\u00e8re, puis s\u2019est \u00e9loign\u00e9e dans la nuit.<\/p>\n<p>La police a ensuite interrog\u00e9 mon p\u00e8re, qui a insist\u00e9 pour qu\u2019un proc\u00e8s-verbal soit \u00e9tabli. Lorsqu\u2019ils ont d\u00e9couvert qu\u2019il \u00e9tait officier de l\u2019arm\u00e9e de l\u2019air en poste \u00e0 Maxwell, leur attitude s\u2019est l\u00e9g\u00e8rement radoucie.<\/p>\n<p>\u00ab<em>Tu n\u2019es pas d\u2019ici, donc tu ne peux pas comprendre. Un homme blanc ne doit pas se m\u00ealer des affaires d\u2019une femme noire. Occupe-toi de tes affaires et retourne te coucher<\/em>\u00bb.<\/p>\n<p>De retour \u00e0 l\u2019appartement, ma m\u00e8re s\u2019est occup\u00e9e des pieds de mon p\u00e8re, coup\u00e9s par les d\u00e9bris de verre dans la ruelle. Je me souviens qu\u2019il nous a regard\u00e9s, mes deux s\u0153urs et moi.<\/p>\n<p>\u00abQuand quelqu\u2019un appelle \u00e0 l\u2019aide\u00bb, a-t-il dit, \u00ab<em>vous avez le devoir de r\u00e9pondre. Peu importe de qui il s\u2019agit. Peu importe sa couleur de peau<\/em>\u00bb.<\/p>\n<p>Cette le\u00e7on m\u2019a marqu\u00e9 pour le restant de mes jours.<\/p>\n<p>J\u2019ai \u00e9cout\u00e9 la voix de mon p\u00e8re au t\u00e9l\u00e9phone, quand nous lui avons souhait\u00e9 son anniversaire. C\u2019\u00e9tait la voix d\u2019un vieil homme affaibli. Mais quand je ferme les yeux, je revois mon p\u00e8re dans la fleur de l\u2019\u00e2ge et j\u2019entends la force qui r\u00e9sonnait dans sa voix ce soir-l\u00e0.<\/p>\n<p>Vous voyez, \u00abla g\u00e9n\u00e9ration silencieuse\u00bb n\u2019\u00e9tait pas si silencieuse que \u00e7a, finalement.<\/p>\n<div class=\"wp-block-image\">\n<figure class=\"aligncenter size-large is-resized\"><a target=\"_blank\" href=\"https:\/\/i0.wp.com\/reseauinternational.net\/wp-content\/uploads\/2025\/09\/image-190.png?quality=100&amp;ssl=1\"><img data-recalc-dims=\"1\" decoding=\"async\" width=\"1024\" height=\"577\" src=\"https:\/\/i0.wp.com\/reseauinternational.net\/wp-content\/uploads\/2025\/09\/image-190.png?resize=1024%2C577&amp;quality=100&amp;ssl=1\" alt=\"\" class=\"wp-image-483369\" style=\"width:516px;height:auto\" loading=\"lazy\" srcset=\"https:\/\/i0.wp.com\/reseauinternational.net\/wp-content\/uploads\/2025\/09\/image-190.png?resize=1024%2C577&amp;quality=100&amp;ssl=1 1024w, https:\/\/i0.wp.com\/reseauinternational.net\/wp-content\/uploads\/2025\/09\/image-190.png?resize=300%2C169&amp;quality=100&amp;ssl=1 300w, https:\/\/i0.wp.com\/reseauinternational.net\/wp-content\/uploads\/2025\/09\/image-190.png?resize=768%2C433&amp;quality=100&amp;ssl=1 768w, https:\/\/i0.wp.com\/reseauinternational.net\/wp-content\/uploads\/2025\/09\/image-190.png?resize=320%2C180&amp;quality=100&amp;ssl=1 320w, https:\/\/i0.wp.com\/reseauinternational.net\/wp-content\/uploads\/2025\/09\/image-190.png?resize=1170%2C660&amp;quality=100&amp;ssl=1 1170w, https:\/\/i0.wp.com\/reseauinternational.net\/wp-content\/uploads\/2025\/09\/image-190.png?resize=990%2C558&amp;quality=100&amp;ssl=1 990w, https:\/\/i0.wp.com\/reseauinternational.net\/wp-content\/uploads\/2025\/09\/image-190.png?w=1280&amp;quality=100&amp;ssl=1 1280w\" sizes=\"auto, (max-width: 1024px) 100vw, 1024px\"\/><\/a><\/figure>\n<\/div>\n<p class=\"has-text-align-center\"><em>Les bombes isra\u00e9liennes d\u00e9truisent les maisons de Gaza<\/em><\/p>\n<p>J\u2019ai regard\u00e9 une vid\u00e9o sur mon t\u00e9l\u00e9phone portable l\u2019autre jour. Elle montrait une bombe isra\u00e9lienne frappant un b\u00e2timent \u00e0 Gaza. Apr\u00e8s l\u2019explosion, on pouvait entendre les cris et les pleurs des personnes pi\u00e9g\u00e9es dans les d\u00e9combres en feu, br\u00fblant vives.<\/p>\n<p>Ce son me hante, tout comme la voix de la petite Hind Rijab qui appelait \u00e0 l\u2019aide pendant les derni\u00e8res minutes de sa vie, tragiquement interrompue lorsque la voiture dans laquelle elle se trouvait, entour\u00e9e des cadavres de sa tante, de son oncle et de ses cousins, a \u00e9t\u00e9 pulv\u00e9ris\u00e9e par un tir de char isra\u00e9lien. Ses derniers mots m\u2019ont particuli\u00e8rement boulevers\u00e9. Lorsqu\u2019un m\u00e9decin palestinien lui a demand\u00e9 pourquoi elle ne parlait pas, Hind a r\u00e9pondu :<\/p>\n<p>\u00ab<em>Je ne parle pas parce que chaque fois que je parle, du sang sort de ma bouche et salit mes v\u00eatements, et je ne veux pas que ma m\u00e8re ait \u00e0 les nettoyer<\/em>\u00bb.<\/p>\n<p>Les Isra\u00e9liens ont tir\u00e9 335 balles sur la voiture o\u00f9 se trouvaient Hind et ses proches.<\/p>\n<p>Le bruit de ces coups de feu peut \u00eatre entendu sur l\u2019enregistrement audio de l\u2019incident.<\/p>\n<p>Et pourtant, le monde se tait.<\/p>\n<p>Un v\u00e9ritable g\u00e9nocide est en train de se d\u00e9rouler \u00e0 Gaza sous les yeux du monde entier.<\/p>\n<p>Les habitants de Gaza appellent \u00e0 l\u2019aide.<\/p>\n<p>Et personne ne fait rien.<\/p>\n<p>Je me demande souvent ce que cela a d\u00fb repr\u00e9senter d\u2019\u00eatre Polonais \u00e0 Varsovie, entre 1942 et 1943, pendant la liquidation du ghetto. Se promener avec sa famille dans les jardins saxons historiques (le parc Saski), en faisant semblant de ne pas entendre le massacre qui se d\u00e9roulait \u00e0 quelques centaines de m\u00e8tres.<\/p>\n<p>En octobre 1940, les autorit\u00e9s allemandes ont boucl\u00e9 une zone du centre-ville de Varsovie dans laquelle s\u2019entassaient environ 400 000 juifs. Puis, durant l\u2019\u00e9t\u00e9 1942, les Allemands ont proc\u00e9d\u00e9 \u00e0 une s\u00e9rie de d\u00e9portations massives, expulsant quelque 265 000 juifs du ghetto vers le camp de concentration de Treblinka. Environ 35 000 juifs ont \u00e9t\u00e9 tu\u00e9s dans le ghetto de Varsovie durant cette p\u00e9riode. Au d\u00e9but de l\u2019ann\u00e9e 1943, il ne restait plus que 70 000 \u00e0 80 000 juifs dans le ghetto.<\/p>\n<div class=\"wp-block-image\">\n<figure class=\"aligncenter size-full is-resized\"><a target=\"_blank\" href=\"https:\/\/i0.wp.com\/reseauinternational.net\/wp-content\/uploads\/2025\/09\/image-191.png?quality=100&amp;ssl=1\"><img data-recalc-dims=\"1\" decoding=\"async\" width=\"800\" height=\"612\" src=\"https:\/\/i0.wp.com\/reseauinternational.net\/wp-content\/uploads\/2025\/09\/image-191.png?resize=800%2C612&amp;quality=100&amp;ssl=1\" alt=\"\" class=\"wp-image-483370\" style=\"width:510px;height:auto\" loading=\"lazy\" srcset=\"https:\/\/i0.wp.com\/reseauinternational.net\/wp-content\/uploads\/2025\/09\/image-191.png?w=800&amp;quality=100&amp;ssl=1 800w, https:\/\/i0.wp.com\/reseauinternational.net\/wp-content\/uploads\/2025\/09\/image-191.png?resize=300%2C230&amp;quality=100&amp;ssl=1 300w, https:\/\/i0.wp.com\/reseauinternational.net\/wp-content\/uploads\/2025\/09\/image-191.png?resize=768%2C588&amp;quality=100&amp;ssl=1 768w\" sizes=\"auto, (max-width: 800px) 100vw, 800px\"\/><\/a><\/figure>\n<\/div>\n<p class=\"has-text-align-center\"><em>Liquidation nazie du ghetto de Varsovie, 1943<\/em><\/p>\n<p>En janvier 1943, la r\u00e9sistance juive s\u2019est organis\u00e9e face aux op\u00e9rations de d\u00e9portation des derniers juifs du ghetto men\u00e9es par les Allemands. En avril, ils ont envoy\u00e9 des milliers de soldats SS et d\u2019auxiliaires paramilitaires \u00e0 Varsovie, o\u00f9 ils ont commenc\u00e9 \u00e0 d\u00e9truire syst\u00e9matiquement le ghetto. Ces violences ont dur\u00e9 un mois. Des quartiers entiers ont \u00e9t\u00e9 d\u00e9molis et incendi\u00e9s. Quelque 7000 juifs ont \u00e9t\u00e9 tu\u00e9s et 7000 autres ont \u00e9t\u00e9 faits prisonniers au cours de ces combats. Finalement, la r\u00e9sistance a fini par \u00eatre bris\u00e9e et les 42 000 juifs survivants ont \u00e9t\u00e9 rassembl\u00e9s puis envoy\u00e9s dans divers camps de concentration, o\u00f9 la plupart d\u2019entre eux sont morts.<\/p>\n<p>Les habitants de Varsovie savaient que les Allemands commettaient un massacre, mais ils ont continu\u00e9 \u00e0 vivre leur vie comme si de rien n\u2019\u00e9tait.<\/p>\n<p>Ils ont gard\u00e9 le silence.<\/p>\n<p>Ce silence persiste encore aujourd\u2019hui, alors que le monde assiste \u00e0 la r\u00e9\u00e9dition du massacre du ghetto de Varsovie par les descendants de ceux qui y sont morts, sauf que cette fois, ce sont les citoyens de Gaza qui sont syst\u00e9matiquement rassembl\u00e9s et assassin\u00e9s par l\u2019arm\u00e9e isra\u00e9lienne.<\/p>\n<p>Il n\u2019y a pas d\u2019autre expression pour d\u00e9crire les agissements des Isra\u00e9liens que le \u00abnettoyage ethnique g\u00e9nocidaire\u00bb.<\/p>\n<p>Un crime de guerre d\u2019une ampleur inimaginable se d\u00e9roule sous les yeux de la communaut\u00e9 internationale.<\/p>\n<p>Et le monde garde le silence.<\/p>\n<p>Les habitants de Gaza ramassent litt\u00e9ralement les cadavres de leurs proches dans les d\u00e9combres des b\u00e2timents qui furent autrefois leur foyer, mais qui sont aujourd\u2019hui ras\u00e9s par l\u2019arm\u00e9e isra\u00e9lienne, rappelant cruellement la destruction du ghetto de Varsovie.<\/p>\n<p>Silence.<\/p>\n<p>Des centaines de corps d\u2019enfants ont \u00e9t\u00e9 d\u00e9couverts, tu\u00e9s d\u2019une balle dans la t\u00eate par des snipers isra\u00e9liens.<\/p>\n<p>Silence.<\/p>\n<p>Je me prom\u00e8ne dans mon quartier paisible de banlieue, o\u00f9 de nombreuses familles ont install\u00e9 dans leur jardin des pancartes sur lesquelles on peut lire \u00abNous soutenons Isra\u00ebl\u00bb.<\/p>\n<p>Ils pourraient aussi bien \u00e9crire \u00abNous soutenons le g\u00e9nocide\u00bb.<\/p>\n<p>J\u2019imagine la r\u00e9action des gens si les pancartes disaient plut\u00f4t : \u00abNous soutenons le lynchage des Noirs\u00bb.<\/p>\n<p>Car la r\u00e9alit\u00e9 est la m\u00eame, simplement dissimul\u00e9e par un langage dissimulant la terrible r\u00e9alit\u00e9 en cours.<\/p>\n<p>Isra\u00ebl est le \u00abBull\u00bb Connor du Moyen-Orient, et les civils de Gaza sont l\u2019\u00e9quivalent moderne de la femme noire qui appelait \u00e0 l\u2019aide dans les rues de Montgomery, en Alabama, il y a pr\u00e8s de soixante ans.<\/p>\n<p>Il a fallu qu\u2019un membre de la \u00abg\u00e9n\u00e9ration silencieuse\u00bb prenne parti pour cette femme, ignorant le racisme qui pr\u00e9valait \u00e0 l\u2019\u00e9poque.<\/p>\n<p>Car ses appels \u00e0 l\u2019aide ne pouvaient \u00eatre ignor\u00e9s.<\/p>\n<p>Qui parmi nous se ralliera aujourd\u2019hui \u00e0 la cause de Gaza ?<\/p>\n<p>Qui bravera le racisme flagrant des sionistes qui ont infiltr\u00e9 tous les aspects de la soci\u00e9t\u00e9 am\u00e9ricaine actuelle, tout comme le racisme flagrant de \u00abBull\u00bb Conner avait infiltr\u00e9 la soci\u00e9t\u00e9 de l\u2019Alabama en 1967 \u2013 pour venir en aide \u00e0 ceux qui en ont besoin ?<\/p>\n<p>Allons-nous \u00eatre ces passants polonais se promenant dans les jardins saxons pendant que des meurtres avaient lieu derri\u00e8re les murs qui les s\u00e9paraient du ghetto juif ?<\/p>\n<p>Car des meurtres g\u00e9nocidaires motiv\u00e9s par le racisme se produisent en ce moment m\u00eame, \u00e0 Gaza.<\/p>\n<p>Nous le savons.<\/p>\n<p>Nous choisissons simplement de ne rien faire.<\/p>\n<p>Mon p\u00e8re a su quoi faire en entendant un appel \u00e0 l\u2019aide.<\/p>\n<p>Et nous ?<\/p>\n<p>Notre silence collectif nous condamne, tandis qu\u2019une fillette de six ans h\u00e9sitait \u00e0 parler de peur que le sang qui s\u2019\u00e9coulait de ses poumons perfor\u00e9s ne salisse la robe que sa m\u00e8re lui avait si tendrement pr\u00e9par\u00e9e.<\/p>\n<p>Hind avait une bonne raison de garder le silence.<\/p>\n<p>Pas nous.<\/p>\n<div class=\"wp-block-image\">\n<figure class=\"aligncenter size-large is-resized\"><a target=\"_blank\" href=\"https:\/\/i0.wp.com\/reseauinternational.net\/wp-content\/uploads\/2025\/09\/image-194-1024x535.png?quality=100&amp;ssl=1\"><img data-recalc-dims=\"1\" decoding=\"async\" width=\"1024\" height=\"535\" src=\"https:\/\/i0.wp.com\/reseauinternational.net\/wp-content\/uploads\/2025\/09\/image-194.png?resize=1024%2C535&amp;quality=100&amp;ssl=1\" alt=\"\" class=\"wp-image-483375\" style=\"width:486px;height:auto\" loading=\"lazy\" srcset=\"https:\/\/i0.wp.com\/reseauinternational.net\/wp-content\/uploads\/2025\/09\/image-194.png?resize=1024%2C535&amp;quality=100&amp;ssl=1 1024w, https:\/\/i0.wp.com\/reseauinternational.net\/wp-content\/uploads\/2025\/09\/image-194.png?resize=300%2C157&amp;quality=100&amp;ssl=1 300w, https:\/\/i0.wp.com\/reseauinternational.net\/wp-content\/uploads\/2025\/09\/image-194.png?resize=768%2C402&amp;quality=100&amp;ssl=1 768w, https:\/\/i0.wp.com\/reseauinternational.net\/wp-content\/uploads\/2025\/09\/image-194.png?resize=990%2C518&amp;quality=100&amp;ssl=1 990w, https:\/\/i0.wp.com\/reseauinternational.net\/wp-content\/uploads\/2025\/09\/image-194.png?w=1050&amp;quality=100&amp;ssl=1 1050w\" sizes=\"auto, (max-width: 1024px) 100vw, 1024px\"\/><\/a><\/figure>\n<\/div>\n<p class=\"has-text-align-center\"><em>Hind Rijab, 6 ans, assassin\u00e9e par Isra\u00ebl<\/em><\/p>\n<p>source : <a target=\"_blank\" href=\"https:\/\/scottritter.substack.com\/p\/silence?utm_source=substack&amp;utm_campaign=post_embed&amp;utm_medium=web\" target=\"_blank\" rel=\"noopener\" title=\"\">Scott Ritter<\/a> via <a target=\"_blank\" href=\"https:\/\/ssofidelis.substack.com\/p\/silence\" target=\"_blank\" rel=\"noopener\" title=\"\">Spirit of Free Speech<\/a><\/p>\n<div class=\"sharedaddy sd-block sd-like jetpack-likes-widget-wrapper jetpack-likes-widget-unloaded\" id=\"like-post-wrapper-237719536-483270-68cc2aa8110b7\" data-src=\"https:\/\/widgets.wp.com\/likes\/?ver=15.0#blog_id=237719536&amp;post_id=483270&amp;origin=reseauinternational.net&amp;obj_id=237719536-483270-68cc2aa8110b7\" data-name=\"like-post-frame-237719536-483270-68cc2aa8110b7\" data-title=\"Aimer ou rebloguer\">\n<h3 class=\"sd-title\">J\u2019aime \u00e7a\u00a0:<\/h3>\n<p><span class=\"button\"><span>J\u2019aime<\/span><\/span> <span class=\"loading\">chargement\u2026<\/span><\/p>\n<p><span class=\"sd-text-color\"\/><a target=\"_blank\" class=\"sd-link-color\"\/><\/div>\n<p><meta itemscope=\"\" itemprop=\"mainEntityOfPage\" itemtype=\"https:\/\/schema.org\/WebPage\" itemid=\"https:\/\/reseauinternational.net\/silence\/\"\/><meta itemprop=\"headline\" content=\"Silence\"\/><span style=\"display: none;\" itemprop=\"author\" itemscope=\"\" itemtype=\"https:\/\/schema.org\/Person\"><meta itemprop=\"name\" content=\"R\u00e9seau International\"\/><\/span><span style=\"display: none;\" itemprop=\"image\" itemscope=\"\" itemtype=\"https:\/\/schema.org\/ImageObject\"><meta itemprop=\"url\" content=\"https:\/\/i0.wp.com\/reseauinternational.net\/wp-content\/uploads\/2025\/09\/Sans-titre-25-6.png?fit=800%2C450&amp;quality=100&amp;ssl=1\"\/><meta itemprop=\"width\" content=\"800\"\/><meta itemprop=\"height\" content=\"450\"\/><\/span><span style=\"display: none;\" itemprop=\"publisher\" itemscope=\"\" itemtype=\"https:\/\/schema.org\/Organization\"><span style=\"display: none;\" itemprop=\"logo\" itemscope=\"\" itemtype=\"https:\/\/schema.org\/ImageObject\"><meta itemprop=\"url\" content=\"https:\/\/reseauinternational.net\/wp-content\/uploads\/2022\/06\/Capture-de\u0301cran-2022-06-14-a\u0300-16.51.07.png\"\/><\/span><meta itemprop=\"name\" content=\"R\u00e9seau International\"\/><\/span><meta itemprop=\"datePublished\" content=\"2025-09-18T15:16:09+00:00\"\/><meta itemprop=\"dateModified\" content=\"2025-09-18T15:17:17+00:00\"\/><\/div>\n<p><br \/>\n<br \/><a href=\"https:\/\/reseauinternational.net\/silence\/\" target=\"_blank\"\">Source link <\/a><\/p>\n","protected":false},"excerpt":{"rendered":"<p>Campagne de dons Septembre \u2013 Octobre 2025 Chers amis lecteurs, Nous faisons \u00e0 nouveau appel \u00e0 vous pour une nouvelle campagne de dons. Votre soutien nous est indispensable pour continuer&hellip; <\/p>\n","protected":false},"author":1,"featured_media":16123,"comment_status":"open","ping_status":"open","sticky":false,"template":"","format":"standard","meta":{"footnotes":""},"categories":[1],"tags":[],"class_list":["post-16122","post","type-post","status-publish","format-standard","has-post-thumbnail","hentry","category-non-classe"],"_links":{"self":[{"href":"https:\/\/monde25.info\/index.php\/wp-json\/wp\/v2\/posts\/16122","targetHints":{"allow":["GET"]}}],"collection":[{"href":"https:\/\/monde25.info\/index.php\/wp-json\/wp\/v2\/posts"}],"about":[{"href":"https:\/\/monde25.info\/index.php\/wp-json\/wp\/v2\/types\/post"}],"author":[{"embeddable":true,"href":"https:\/\/monde25.info\/index.php\/wp-json\/wp\/v2\/users\/1"}],"replies":[{"embeddable":true,"href":"https:\/\/monde25.info\/index.php\/wp-json\/wp\/v2\/comments?post=16122"}],"version-history":[{"count":0,"href":"https:\/\/monde25.info\/index.php\/wp-json\/wp\/v2\/posts\/16122\/revisions"}],"wp:featuredmedia":[{"embeddable":true,"href":"https:\/\/monde25.info\/index.php\/wp-json\/wp\/v2\/media\/16123"}],"wp:attachment":[{"href":"https:\/\/monde25.info\/index.php\/wp-json\/wp\/v2\/media?parent=16122"}],"wp:term":[{"taxonomy":"category","embeddable":true,"href":"https:\/\/monde25.info\/index.php\/wp-json\/wp\/v2\/categories?post=16122"},{"taxonomy":"post_tag","embeddable":true,"href":"https:\/\/monde25.info\/index.php\/wp-json\/wp\/v2\/tags?post=16122"}],"curies":[{"name":"wp","href":"https:\/\/api.w.org\/{rel}","templated":true}]}}